{"id":521911,"date":"2025-10-23T10:11:10","date_gmt":"2025-10-23T10:11:10","guid":{"rendered":"https:\/\/www.europesays.com\/uk\/521911\/"},"modified":"2025-10-23T10:11:10","modified_gmt":"2025-10-23T10:11:10","slug":"from-haven-to-exodus-trans-americans-are-fleeing-the-u-s","status":"publish","type":"post","link":"https:\/\/www.europesays.com\/uk\/521911\/","title":{"rendered":"From Haven to Exodus: Trans Americans Are Fleeing The U.S."},"content":{"rendered":"<p class=\"rich-text mb-6 self-baseline font-graphik text-body-large text-black-coffee focus-visible:outline focus-visible:outline-black-coffee focus-visible:outline-2 focus-visible:outline-offset-2 focus-visible:shadow-focus-color min-h-[6.375rem] lg:min-h-[4.75rem] dropcap text-left\" data-testid=\"paragraph-content\">Lizette Trujillo climbs into a taxi two months after she and her family moved abroad with two items in her purse: her U.S. passport and a bottle of Mexican hot sauce.\u00a0<\/p>\n<p class=\"rich-text self-baseline font-graphik text-body-large text-black-coffee mb-0 focus-visible:outline focus-visible:outline-black-coffee focus-visible:outline-2 focus-visible:outline-offset-2 focus-visible:shadow-focus-color text-left\" data-testid=\"paragraph-content\">The latter, a relic of her heritage as the daughter of immigrants, is scarce at the local restaurants in her new home more than 5,000 miles away from the one-story Tucson, Ariz., home she purchased in 2023, not knowing her family would be fleeing the U.S. out of fear for the health and safety of her trans son less than two years later.<\/p>\n<p class=\"rich-text mb-6 self-baseline font-graphik text-body-large text-black-coffee focus-visible:outline focus-visible:outline-black-coffee focus-visible:outline-2 focus-visible:outline-offset-2 focus-visible:shadow-focus-color text-left\" data-testid=\"paragraph-content\">\u201cIf you would have asked me in December, would we leave? I would have said no,\u201d Trujillo tells TIME. But seeing President Donald Trump return to the White House and sign an Executive Order that limited access to gender-affirming care for those under the age of 19 just a week into his second term, she says, \u201cmade me feel afraid.\u201d\u00a0<\/p>\n<p class=\"rich-text self-baseline font-graphik text-body-large text-black-coffee mb-0 focus-visible:outline focus-visible:outline-black-coffee focus-visible:outline-2 focus-visible:outline-offset-2 focus-visible:shadow-focus-color text-left\" data-testid=\"paragraph-content\">Trujillo and her family are not the only Americans who have left the U.S. amid mounting restrictions on transgender rights. Rainbow Railroad, a global nonprofit that helps LGBTQ+ people escape state-sponsored violence, has received a record-high number of requests for help from U.S. citizens since Trump\u2019s reelection, according to Latoya Nugent, head of engagement at the organization. \u201cThat trend has continued,\u201d she says. \u201cThe U.S. continues to be the number one country where people are requesting help from,\u201d as of Oct. 6. Around two-thirds of the requests the group has received are from people who are transgender.<\/p>\n<p class=\"rich-text mb-6 self-baseline font-graphik text-body-large text-black-coffee focus-visible:outline focus-visible:outline-black-coffee focus-visible:outline-2 focus-visible:outline-offset-2 focus-visible:shadow-focus-color text-left\" data-testid=\"paragraph-content\">The surging efforts to flee from\u2014instead of immigrate to\u2014the U.S. mark a notable break from the past. The country has been regarded as a desired destination for immigrants seeking to escape targeted policies or persecution\u2014including LGBTQ+ people. Now, it\u2019s become a place many trans people, and their families, are trying to leave for the same reason.\u00a0<\/p>\n<p class=\"rich-text self-baseline font-graphik text-body-large text-black-coffee mb-0 focus-visible:outline focus-visible:outline-black-coffee focus-visible:outline-2 focus-visible:outline-offset-2 focus-visible:shadow-focus-color text-left\" data-testid=\"paragraph-content\">The urgency to move elsewhere, Trujillo and others say, is due to the Trump Administration\u2019s anti-trans policies:<strong> <\/strong>On his first day back in office, the President <a href=\"https:\/\/time.com\/7210389\/donald-trump-executive-order-sex-gender-id\/\" target=\"_blank\" rel=\"noopener\">signed<\/a> an Executive Order\u2014which currently faces an <a href=\"https:\/\/www.aclu.org\/cases\/orr-v-trump\" target=\"_blank\" rel=\"noopener\">injunction<\/a> but is moving through the courts\u2014recognizing just \u201ctwo sexes, male and female,\u201d seeking to bar transgender people from updating their gender markers on federal documents. In the following weeks, the Department of Health and Human Services issued a memo <a href=\"https:\/\/time.com\/7281894\/new-hhs-report-exploratory-therapy-transgender-youth\/\" target=\"_blank\" rel=\"noopener\">discrediting gender-affirming-care<\/a>\u2014which is supported by every major medical association in the U.S. In July, the Department of Justice <a href=\"https:\/\/www.justice.gov\/opa\/pr\/department-justice-subpoenas-doctors-and-clinics-involved-performing-transgender-medical\" target=\"_blank\" rel=\"noopener\">issued<\/a> more than 20 subpoenas to investigate doctors and clinics that provide gender-affirming care to minors.\u00a0<\/p>\n<p class=\"rich-text mb-6 self-baseline font-graphik text-body-large text-black-coffee focus-visible:outline focus-visible:outline-black-coffee focus-visible:outline-2 focus-visible:outline-offset-2 focus-visible:shadow-focus-color text-left\" data-testid=\"paragraph-content\">Republicans have also enacted a raft of policies targeting trans people on the state level in recent years, barring trans and nonbinary people from using the bathroom that corresponds with their gender identity in several states and passing bans on gender-affirming care for minors <a href=\"https:\/\/www.lgbtmap.org\/equality-maps\/healthcare_youth_medical_care_bans\" target=\"_blank\" rel=\"noopener\">in more than half the country<\/a>. The Supreme Court\u2019s conservative majority dealt another blow to transgender rights in June by <a href=\"https:\/\/time.com\/7295695\/supreme-court-skrmetti-transgender-healthcare-minors\/\" target=\"_blank\" rel=\"noopener\">upholding<\/a> Tennessee&#8217;s state ban. And other potential restrictions loom: More than 600 anti-LGBTQ+ state bills have been introduced in 2025, <a href=\"https:\/\/www.aclu.org\/legislative-attacks-on-lgbtq-rights-2025\" target=\"_blank\" rel=\"noopener\">according to the ACLU\u2019s legislative tracker<\/a>.\u00a0<\/p>\n<p class=\"rich-text self-baseline font-graphik text-body-large text-black-coffee mb-0 focus-visible:outline focus-visible:outline-black-coffee focus-visible:outline-2 focus-visible:outline-offset-2 focus-visible:shadow-focus-color text-left\" data-testid=\"paragraph-content\">In Arizona, where the Trujillos lived, Republican lawmakers passed 8 anti-LGBTQ+ bills this year, including one that would have barred trans residents from updating their birth certificate to match their gender identity and another, akin to Trump\u2019s Executive Order on sex, that opponents warned would have ended all legal recognition of trans people. While Arizona Gov. Katie Hobbs vetoed some of those bills, her term is due to end in January 2027. \u201cWhat happens in two years if she doesn&#8217;t win her reelection?\u201d says Trujillo. \u201cIt&#8217;s difficult to live like that.\u201d<\/p>\n<p><img alt=\"\" loading=\"lazy\" width=\"2316\" height=\"3088\" decoding=\"async\" data-nimg=\"1\" class=\"h-auto w-full object-cover\" style=\"color:transparent\"  src=\"https:\/\/time.com\/redesign\/_next\/image\/?url=https%3A%2F%2Fapi.time.com%2Fwp-content%2Fuploads%2F2025%2F10%2FIMG_2107-rotated.jpeg&amp;w=3840&amp;q=75\"\/> Courtesy Lizette Trujillo<\/p>\n<p class=\"rich-text mb-6 self-baseline font-graphik text-body-large text-black-coffee focus-visible:outline focus-visible:outline-black-coffee focus-visible:outline-2 focus-visible:outline-offset-2 focus-visible:shadow-focus-color text-left\" data-testid=\"paragraph-content\">Experts and advocates have warned that the policy moves could have dire consequences.: Anti-trans policies were linked to a 7-72% increase in suicide attempts by transgender and nonbinary youth, <a href=\"https:\/\/time.com\/7024465\/anti-trans-laws-increase-youth-suicide-attempts\/\" target=\"_blank\" rel=\"noopener\">according<\/a> to a 2024 Trevor Project study published in the journal Nature Human Behavior.\u00a0<\/p>\n<p class=\"rich-text self-baseline font-graphik text-body-large text-black-coffee mb-0 focus-visible:outline focus-visible:outline-black-coffee focus-visible:outline-2 focus-visible:outline-offset-2 focus-visible:shadow-focus-color text-left\" data-testid=\"paragraph-content\">The White House waved off concerns, however. \u201cPresident Trump is making our country safer, wealthier, and greater than ever before for all Americans,\u201d said White House Assistant Press Secretary Liz Huston in a statement to TIME. \u201cIf any person chooses to leave the best country on Earth because of their Trump Derangement Syndrome\u2014that\u2019s their own problem.\u201d<\/p>\n<p><strong>The search for a safe place<\/strong><\/p>\n<p class=\"rich-text mb-6 self-baseline font-graphik text-body-large text-black-coffee focus-visible:outline focus-visible:outline-black-coffee focus-visible:outline-2 focus-visible:outline-offset-2 focus-visible:shadow-focus-color text-left\" data-testid=\"paragraph-content\">Many trans people are moving within the country rather than seeking to leave the U.S. altogether. Nearly half of the transgender adults in the U.S. have relocated or are planning to relocate to another state that they believe to be more affirming to gender-diverse individuals, <a href=\"https:\/\/williamsinstitute.law.ucla.edu\/press\/trans-moving-press-release\/\" target=\"_blank\" rel=\"noopener\">according to a May report<\/a> by the Williams Institute at UCLA School of Law.\u00a0<\/p>\n<p class=\"rich-text self-baseline font-graphik text-body-large text-black-coffee mb-0 focus-visible:outline focus-visible:outline-black-coffee focus-visible:outline-2 focus-visible:outline-offset-2 focus-visible:shadow-focus-color text-left\" data-testid=\"paragraph-content\">As bans and restrictions have increased, states such as Oregon, Vermont, Connecticut, and Maryland have enacted shield laws to protect patients who cross state lines seeking gender-affirming care\u2014and the health care professionals that provide it\u2014from prosecution in other states. Local leaders are taking protective measures as well. <a href=\"https:\/\/www.boston.gov\/news\/city-council-declares-boston-sanctuary-city-transgender-and-lgbtqia2s-residents\" target=\"_blank\" rel=\"noopener\">Boston<\/a> and California\u2019s <a href=\"https:\/\/outcoast.com\/self-identified-transgender-sanctuary-cities-in-the-u-s\/\" target=\"_blank\" rel=\"noopener\">Long Beach<\/a> and <a href=\"https:\/\/www.weho.org\/Home\/Components\/News\/News\/10817\/23\" target=\"_blank\" rel=\"noopener\">West Hollywood<\/a> have all enacted resolutions or ordinances declaring themselves sanctuary cities for transgender people or the broader LGBTQ+ community.\u00a0<\/p>\n<p class=\"rich-text mb-6 self-baseline font-graphik text-body-large text-black-coffee focus-visible:outline focus-visible:outline-black-coffee focus-visible:outline-2 focus-visible:outline-offset-2 focus-visible:shadow-focus-color text-left\" data-testid=\"paragraph-content\">Tucson, where Trujillo is from, has ordinances banning discrimination on the basis of sexual orientation and gender identity. The city earned a full 100 on a 100-point scale for its protections for the LGBTQ+ community, in <a href=\"https:\/\/hrc-prod-requests.s3-us-west-2.amazonaws.com\/MEI-2023-Assets\/MEI-2023-Tucson-Arizona.pdf\" target=\"_blank\" rel=\"noopener\">a 2023 assessment<\/a> made by the Human Rights Campaign, though there has been variation in its more recent scores due to limitations on trans-inclusive healthcare benefits. Similar discrimination protections <a href=\"https:\/\/www.hrc.org\/resources\/state-maps\" target=\"_blank\" rel=\"noopener\">exist in 23 states<\/a> and Washington, D.C.<\/p>\n<p class=\"rich-text mb-6 self-baseline font-graphik text-body-large text-black-coffee focus-visible:outline focus-visible:outline-black-coffee focus-visible:outline-2 focus-visible:outline-offset-2 focus-visible:shadow-focus-color text-left\" data-testid=\"paragraph-content\">Despite the comparatively supportive policies in some parts of the U.S., however, Trujillo and a number of others have recently made moves to flee the country entirely, citing fears about a political climate increasingly hostile toward trans people.\u00a0<\/p>\n<p class=\"rich-text self-baseline font-graphik text-body-large text-black-coffee mb-0 focus-visible:outline focus-visible:outline-black-coffee focus-visible:outline-2 focus-visible:outline-offset-2 focus-visible:shadow-focus-color text-left\" data-testid=\"paragraph-content\">Trujillo points to the Children\u2019s Hospital L.A.\u2019s <a href=\"https:\/\/www.npr.org\/2025\/07\/22\/nx-s1-5470244\/clinic-for-trans-youth-in-la-closes-leaving-some-families-struggling-to-find-care\" target=\"_blank\" rel=\"noopener\">decision<\/a> to pause gender-affirming-care for trans youth due to Trump Administration threats to cut federal funding. More than 20 hospitals and health systems have similarly <a href=\"https:\/\/www.nbcnews.com\/nbc-out\/out-news\/least-21-hospitals-ended-restricted-trans-care-minors-january-rcna226640\" target=\"_blank\" rel=\"noopener\">rolled back such care<\/a> since January. \u201cIf we would have moved to California, which our family told us to do, we would be in the same space.\u201d\u00a0<\/p>\n<p class=\"rich-text mb-6 self-baseline font-graphik text-body-large text-black-coffee focus-visible:outline focus-visible:outline-black-coffee focus-visible:outline-2 focus-visible:outline-offset-2 focus-visible:shadow-focus-color text-left\" data-testid=\"paragraph-content\">\u201cThose of us who were heavily involved in advocacy had a deep understanding that this is a bigger movement. It has nothing to do with whether you&#8217;re in a red state or a blue state, but it has to do with Christian nationalism and lobbies like the Heritage Foundation,\u201d says Trujillo. She and her son Daniel, who is trans, have been advocating against anti-trans policies since he was eight, and were spotlighted by the ACLU\u2019s <a href=\"https:\/\/www.aclu.org\/news\/lgbtq-rights\/why-the-fight-for-trans-rights-never-get-easier-or-less-vital\" target=\"_blank\" rel=\"noopener\">\u201cFreedom to Be\u201d campaign<\/a> last year.\u00a0<\/p>\n<p class=\"rich-text self-baseline font-graphik text-body-large text-black-coffee mb-0 focus-visible:outline focus-visible:outline-black-coffee focus-visible:outline-2 focus-visible:outline-offset-2 focus-visible:shadow-focus-color text-left\" data-testid=\"paragraph-content\">The Heritage Foundation, a prominent conservative think tank, drew widespread attention\u2014and criticism\u2014for spearheading Project 2025, a sweeping policy playbook for the next Republican Administration that was published ahead of Trump\u2019s reelection. Among the hundreds of proposals in the agenda were a number targeting trans rights. Trump sought to distance himself from Project 2025 during his campaign, but has <a href=\"https:\/\/time.com\/7209901\/donald-trump-executive-actions-project-2025\/\" target=\"_blank\" rel=\"noopener\">moved to enact<\/a> <a href=\"https:\/\/time.com\/7271567\/trump-project-2025-anti-climate-action\/\" target=\"_blank\" rel=\"noopener\">many of the goals<\/a> outlined in the project since returning to office.<\/p>\n<p class=\"rich-text mb-6 self-baseline font-graphik text-body-large text-black-coffee focus-visible:outline focus-visible:outline-black-coffee focus-visible:outline-2 focus-visible:outline-offset-2 focus-visible:shadow-focus-color text-left\" data-testid=\"paragraph-content\">Monica Helms,<strong> <\/strong>a 74-year-old transgender veteran and the creator of the transgender flag, moved to Costa Rica from the greater Atlanta area in August because of what she and her wife perceived to be \u201clack of resistance\u201d shown by blue states in combatting Project 2025.<\/p>\n<p class=\"rich-text mb-6 self-baseline font-graphik text-body-large text-black-coffee focus-visible:outline focus-visible:outline-black-coffee focus-visible:outline-2 focus-visible:outline-offset-2 focus-visible:shadow-focus-color text-left\" data-testid=\"paragraph-content\">\u201cWe&#8217;re not liked by this Administration, and they&#8217;re putting out threats to us every day. That makes states feel like they could put out laws that will do damage to us,\u201d says Helms, pointing to a Texas state bill that would have made <a href=\"https:\/\/www.nbcnews.com\/nbc-out\/out-politics-and-policy\/texas-bill-identify-transgender-state-felony-rcna195642\" target=\"_blank\" rel=\"noopener\">identifying<\/a> as transgender a felony. \u201cWe&#8217;re afraid that other states like ours might want to try to do the same thing. We don&#8217;t want to stick around and find out when\u2014if\u2014it becomes too late.\u201d<\/p>\n<p class=\"rich-text self-baseline font-graphik text-body-large text-black-coffee mb-0 focus-visible:outline focus-visible:outline-black-coffee focus-visible:outline-2 focus-visible:outline-offset-2 focus-visible:shadow-focus-color text-left\" data-testid=\"paragraph-content\">But moving abroad does not ensure immunity from anti-trans policies, either.<strong> <\/strong>The rise of rhetoric and policies targeting trans people in the country reflects a <a href=\"https:\/\/time.com\/6342383\/russias-court-ban-of-the-lgbtq-movement\/\" target=\"_blank\" rel=\"noopener\">broader trend<\/a> that extends <a href=\"https:\/\/time.com\/6900330\/nhs-bans-puberty-blockers-england-clinics\/\" target=\"_blank\" rel=\"noopener\">across national borders<\/a> and oceans. Shortly following Trujillo\u2019s move to a country heralded as one of the safest in the world for LGBTQ+ people, she says an anti-trans policy was passed in the region.\u00a0<\/p>\n<p><strong>&#8216;I don&#8217;t believe this country cares enough to ever really fix it&#8217;<\/strong><\/p>\n<p class=\"rich-text mb-6 self-baseline font-graphik text-body-large text-black-coffee focus-visible:outline focus-visible:outline-black-coffee focus-visible:outline-2 focus-visible:outline-offset-2 focus-visible:shadow-focus-color text-left\" data-testid=\"paragraph-content\">Three nonprofit organizations that work with LGBTQ+ people tell TIME the U.S. was once the premier nation of choice for LGBTQ+ migrants and asylum seekers to aim to resettle in. An estimated 174,200 trans immigrants live in the U.S., <a href=\"https:\/\/williamsinstitute.law.ucla.edu\/press\/trans-immigr-press-release\/\" target=\"_blank\" rel=\"noopener\">according to data from the Williams Institute<\/a> released last year.\u00a0<\/p>\n<p class=\"rich-text mb-6 self-baseline font-graphik text-body-large text-black-coffee focus-visible:outline focus-visible:outline-black-coffee focus-visible:outline-2 focus-visible:outline-offset-2 focus-visible:shadow-focus-color text-left\" data-testid=\"paragraph-content\">\u201cUp until now, the move has been \u2018Come to the U.S. It&#8217;s safe and welcoming,\u2019\u201d says Steve Roth, the executive director at the Organization for Refuge, Asylum and Migration (ORAM). \u201cBut that has been turned on its head.\u201d\u00a0<\/p>\n<p class=\"rich-text mb-6 self-baseline font-graphik text-body-large text-black-coffee focus-visible:outline focus-visible:outline-black-coffee focus-visible:outline-2 focus-visible:outline-offset-2 focus-visible:shadow-focus-color text-left\" data-testid=\"paragraph-content\">Several people who spoke with TIME about their decisions to leave the U.S. cited not just the mounting restrictions on trans rights, but also broader fears about recent shifts in law and policy.<\/p>\n<p class=\"rich-text self-baseline font-graphik text-body-large text-black-coffee mb-0 focus-visible:outline focus-visible:outline-black-coffee focus-visible:outline-2 focus-visible:outline-offset-2 focus-visible:shadow-focus-color text-left\" data-testid=\"paragraph-content\">Trump Administration moves targeting activists sparked concern for the Trujillos, for instance, given their prominence as a trans advocate family. Trujillo pointed to efforts to deport Columbia University student and pro-Palestinian activist Mahmoud Khalil, as well as the detention of Tufts University doctoral student R\u00fcmeysa \u00d6zt\u00fcrk. (The latter was detained due to a 2024 <a href=\"https:\/\/www.tuftsdaily.com\/article\/2024\/03\/4ftk27sm6jkj\" target=\"_blank\" rel=\"noopener\">op-ed<\/a> she co-authored in a student newspaper asking the university president to adopt resolutions that would \u201cacknowledge the Palestinian genocide.\u201d) <strong>\u00a0<\/strong><\/p>\n<p class=\"rich-text mb-6 self-baseline font-graphik text-body-large text-black-coffee focus-visible:outline focus-visible:outline-black-coffee focus-visible:outline-2 focus-visible:outline-offset-2 focus-visible:shadow-focus-color text-left\" data-testid=\"paragraph-content\">\u201cIt&#8217;s one thing for me to put myself on the line, and it&#8217;s another thing to ask my husband and my child to put themselves and their bodies on the line, because while they participate in our advocacy, Daniel didn&#8217;t ask to be at the center of that,\u201d Trujillo says.<strong>\u00a0<\/strong><\/p>\n<p class=\"rich-text self-baseline font-graphik text-body-large text-black-coffee mb-0 focus-visible:outline focus-visible:outline-black-coffee focus-visible:outline-2 focus-visible:outline-offset-2 focus-visible:shadow-focus-color text-left\" data-testid=\"paragraph-content\">Debi Jackson, a mother of a trans child and activist who moved from the U.S. to a location that she asked not to disclose for the family\u2019s safety, recalls having to navigate two sets of anti-LGBTQ+ bills for more than a decade while living on the edge of Kansas and Missouri. \u201cWe lived on the Missouri side of the state line, but my child was born just across the state line in Kansas. So when Missouri had minimal protections, we were stuck with Kansas and our inability to update our child&#8217;s birth certificate there. And when we had a Democrat governor, and things look better on the Kansas side, Missouri started getting more and more deeply red,\u201d she recounts. \u201cWith the next legislative session or two, and with the way that they were talking about things on the national level, [and] Fox News\u2019s obsession with hundreds of anti-trans stories, we knew where it was going to go,\u201d Jackson adds.\u00a0<\/p>\n<p class=\"rich-text mb-6 self-baseline font-graphik text-body-large text-black-coffee focus-visible:outline focus-visible:outline-black-coffee focus-visible:outline-2 focus-visible:outline-offset-2 focus-visible:shadow-focus-color text-left\" data-testid=\"paragraph-content\">But she points to the <a href=\"https:\/\/time.com\/6189476\/abortion-supreme-court-overturns-roe-v-wade\/\" target=\"_blank\" rel=\"noopener\">overturning of Roe v. Wade<\/a> and the <a href=\"https:\/\/time.com\/6180837\/texas-shooting-elementary-school-latest-updates\/\" target=\"_blank\" rel=\"noopener\">mass shooting at an elementary school in Uvalde, Texas<\/a>, both of which occurred in 2022, as the final push to move elsewhere. \u201cBoth the kids said: why are we here? I don&#8217;t believe this country cares enough to ever really fix it [things], and they&#8217;re going to keep coming for us,\u201d Jackson says.<\/p>\n<p class=\"rich-text mb-6 self-baseline font-graphik text-body-large text-black-coffee focus-visible:outline focus-visible:outline-black-coffee focus-visible:outline-2 focus-visible:outline-offset-2 focus-visible:shadow-focus-color text-left\" data-testid=\"paragraph-content\">That same year, Rainbow Railroad said the U.S. ranked in the top ten countries people were sending requests for help from, for the first time in their organization\u2019s nearly two-decade history.\u00a0<\/p>\n<p class=\"rich-text mb-6 self-baseline font-graphik text-body-large text-black-coffee focus-visible:outline focus-visible:outline-black-coffee focus-visible:outline-2 focus-visible:outline-offset-2 focus-visible:shadow-focus-color text-left\" data-testid=\"paragraph-content\">Today, the U.S. tops the list.\u00a0<\/p>\n<p class=\"rich-text mb-6 self-baseline font-graphik text-body-large text-black-coffee focus-visible:outline focus-visible:outline-black-coffee focus-visible:outline-2 focus-visible:outline-offset-2 focus-visible:shadow-focus-color text-left\" data-testid=\"paragraph-content\">And it\u2019s not just LGBTQ+ people and their families who are looking to move abroad.\u00a0<\/p>\n<p class=\"rich-text self-baseline font-graphik text-body-large text-black-coffee mb-0 focus-visible:outline focus-visible:outline-black-coffee focus-visible:outline-2 focus-visible:outline-offset-2 focus-visible:shadow-focus-color text-left\" data-testid=\"paragraph-content\">More than 1,900 U.S. citizens <a href=\"https:\/\/www.cnn.com\/2025\/06\/03\/business\/americans-leaving-us-trump-intl\" target=\"_blank\" rel=\"noopener\">applied<\/a> for a U.K. passport during the first quarter of 2025\u2014the highest level recorded since the office started keeping track in 2004. Ireland and Canada have similarly recorded rises in Americans looking to become citizens since January.\u00a0<\/p>\n<p class=\"rich-text mb-6 self-baseline font-graphik text-body-large text-black-coffee focus-visible:outline focus-visible:outline-black-coffee focus-visible:outline-2 focus-visible:outline-offset-2 focus-visible:shadow-focus-color text-left\" data-testid=\"paragraph-content\">A similar trend was seen\u2014though not to the same extent\u2014during the first Trump Administration, when asylum claims filed by U.S. citizens rose, according to research by American University Washington College of Law Professor Jayesh Rathod.<\/p>\n<p><strong>The road ahead<\/strong><\/p>\n<p class=\"rich-text self-baseline font-graphik text-body-large text-black-coffee mb-0 focus-visible:outline focus-visible:outline-black-coffee focus-visible:outline-2 focus-visible:outline-offset-2 focus-visible:shadow-focus-color text-left\" data-testid=\"paragraph-content\">Nearly two years after Jackson and her family sold all of their belongings\u2014including their house and car\u2014their move abroad has offered them the safety and happiness they longed for in the U.S. Jackson says she is now in a place where families are turning to her for support and guidance on how to leave. \u201cImmigrating isn&#8217;t easy. You have to have a certain kind of job that they need, or you have to have so many dollars that you can live on. You can&#8217;t move and then find a job. You have to have been given a job offer, and then have the company sponsor you,\u201d she says. \u201cI don&#8217;t have a good gauge of how many families actually are moving. I just know that there are hundreds who are in discussion in private spaces all the time about, \u2018Where can we go? What visa can we apply for? How did you do it? How much should we have?\u2019\u201d\u00a0<\/p>\n<p class=\"rich-text mb-6 self-baseline font-graphik text-body-large text-black-coffee focus-visible:outline focus-visible:outline-black-coffee focus-visible:outline-2 focus-visible:outline-offset-2 focus-visible:shadow-focus-color text-left\" data-testid=\"paragraph-content\">Fewer than 400, or 3%, of asylum claims filed by U.S. citizens from 2000 to 2021 were granted. For LGBTQ+ asylum seekers in particular, experts note, the variation between states\u2019 policies have presented an obstacle for efforts to leave the U.S.<\/p>\n<p class=\"rich-text mb-6 self-baseline font-graphik text-body-large text-black-coffee focus-visible:outline focus-visible:outline-black-coffee focus-visible:outline-2 focus-visible:outline-offset-2 focus-visible:shadow-focus-color text-left\" data-testid=\"paragraph-content\">\u201cBecause the U.S. is such a large country and there are some states that are still considered safe for LGBTQ people, it&#8217;s difficult for U.S. citizens to prove to an immigration judge that it&#8217;s impossible for them to relocate to another part of the U.S.,\u201d says Nugent, of Rainbow Railroad.<\/p>\n<p class=\"rich-text self-baseline font-graphik text-body-large text-black-coffee mb-0 focus-visible:outline focus-visible:outline-black-coffee focus-visible:outline-2 focus-visible:outline-offset-2 focus-visible:shadow-focus-color text-left\" data-testid=\"paragraph-content\">It might be easier for some people to pursue asylum applications in the future, if other countries move to recognize that the U.S. may be becoming less safe for trans people. A recent court ruling in neighboring Canada signaled a potential shift in that direction: In July, a federal judge in the country <a href=\"https:\/\/www.cbc.ca\/radio\/asithappens\/non-binary-deportation-ruling-1.7588820\" target=\"_blank\" rel=\"noopener\">blocked<\/a> the deportation of a nonbinary person to the U.S., citing the \u201ccurrent conditions for LGBTQ, non-binary and transgender persons.\u201d\u00a0<\/p>\n<p class=\"rich-text mb-6 self-baseline font-graphik text-body-large text-black-coffee focus-visible:outline focus-visible:outline-black-coffee focus-visible:outline-2 focus-visible:outline-offset-2 focus-visible:shadow-focus-color text-left\" data-testid=\"paragraph-content\">But countries may be hesitant to take the step of granting Americans asylum. Rathod notes that the potential geopolitical repercussions of declaring that a particular person or group is unsafe in the U.S. would likely weigh on countries deciding whether to take that step. \u201cIf you grant a U.S. citizen asylum, it&#8217;s signaling to the world that the U.S. is unsafe, or that it can&#8217;t protect its people, or that it&#8217;s harming its own people,\u201d he says. \u201cThat&#8217;s not a message that many countries, particularly developed, industrialized countries like the United States like.\u201d\u00a0<\/p>\n<p class=\"rich-text self-baseline font-graphik text-body-large text-black-coffee mb-0 focus-visible:outline focus-visible:outline-black-coffee focus-visible:outline-2 focus-visible:outline-offset-2 focus-visible:shadow-focus-color text-left\" data-testid=\"paragraph-content\">Regardless, some families aren\u2019t willing to wait on a hypothetical future in which their asylum claims would be approved before they move, believing their safety is already at risk.\u00a0<\/p>\n<p><img alt=\"\" loading=\"lazy\" width=\"3024\" height=\"2016\" decoding=\"async\" data-nimg=\"1\" class=\"h-auto w-full object-cover\" style=\"color:transparent\"  src=\"https:\/\/time.com\/redesign\/_next\/image\/?url=https%3A%2F%2Fapi.time.com%2Fwp-content%2Fuploads%2F2025%2F10%2FTrujillo-Moving-1.png&amp;w=3840&amp;q=75\"\/> Courtesy Lizette Trujillo<\/p>\n<p class=\"rich-text mb-6 self-baseline font-graphik text-body-large text-black-coffee focus-visible:outline focus-visible:outline-black-coffee focus-visible:outline-2 focus-visible:outline-offset-2 focus-visible:shadow-focus-color text-left\" data-testid=\"paragraph-content\">However,\u00a0 even if they feel leaving is necessary it can still feel emotionally heavy. Trujillo\u2019s son initially pushed back against his family\u2019s decision to flee the U.S. in April, which forced him to miss out on prom and put an end to his dreams of attending Berklee College of Music. \u201cIt came at a price to him,\u201d she says. But he \u201calso understood instinctually that it was time to remove ourselves for a bit.\u201d\u00a0<\/p>\n<p class=\"rich-text mb-6 self-baseline font-graphik text-body-large text-black-coffee focus-visible:outline focus-visible:outline-black-coffee focus-visible:outline-2 focus-visible:outline-offset-2 focus-visible:shadow-focus-color text-left\" data-testid=\"paragraph-content\">Six months into their move abroad, Trujillo still refers to the U.S. as home. Mementos and reminders of family are scattered among her belongings: Hanging on the coat rack in the corner of the family\u2019s long-term rental is her father\u2019s old hay-colored cowboy hat, smudged with sweat stains from years of wear and tear. Sitting on the counter are the chile candies she and her husband ration for the moments when they are missing home.<\/p>\n<p class=\"rich-text self-baseline font-graphik text-body-large text-black-coffee mb-0 focus-visible:outline focus-visible:outline-black-coffee focus-visible:outline-2 focus-visible:outline-offset-2 focus-visible:shadow-focus-color text-left\" data-testid=\"paragraph-content\">\u201cSometimes,\u201d she tells TIME in June, \u201cI wake up and I think, \u2018Oh, when is this nightmare going to be over so that we can go back home? Will we be able to go back home?\u2019\u201d<\/p>\n","protected":false},"excerpt":{"rendered":"Lizette Trujillo climbs into a taxi two months after she and her family moved abroad with two items&hellip;\n","protected":false},"author":2,"featured_media":521912,"comment_status":"","ping_status":"","sticky":false,"template":"","format":"standard","meta":{"footnotes":""},"categories":[5311],"tags":[5763,28423,49,978,659],"class_list":{"0":"post-521911","1":"post","2":"type-post","3":"status-publish","4":"format-standard","5":"has-post-thumbnail","7":"category-united-states","8":"tag-lgbtq","9":"tag-news-desk","10":"tag-united-states","11":"tag-us","12":"tag-usa"},"share_on_mastodon":{"url":"https:\/\/pubeurope.com\/@uk\/115422945991490362","error":""},"_links":{"self":[{"href":"https:\/\/www.europesays.com\/uk\/wp-json\/wp\/v2\/posts\/521911","targetHints":{"allow":["GET"]}}],"collection":[{"href":"https:\/\/www.europesays.com\/uk\/wp-json\/wp\/v2\/posts"}],"about":[{"href":"https:\/\/www.europesays.com\/uk\/wp-json\/wp\/v2\/types\/post"}],"author":[{"embeddable":true,"href":"https:\/\/www.europesays.com\/uk\/wp-json\/wp\/v2\/users\/2"}],"replies":[{"embeddable":true,"href":"https:\/\/www.europesays.com\/uk\/wp-json\/wp\/v2\/comments?post=521911"}],"version-history":[{"count":0,"href":"https:\/\/www.europesays.com\/uk\/wp-json\/wp\/v2\/posts\/521911\/revisions"}],"wp:featuredmedia":[{"embeddable":true,"href":"https:\/\/www.europesays.com\/uk\/wp-json\/wp\/v2\/media\/521912"}],"wp:attachment":[{"href":"https:\/\/www.europesays.com\/uk\/wp-json\/wp\/v2\/media?parent=521911"}],"wp:term":[{"taxonomy":"category","embeddable":true,"href":"https:\/\/www.europesays.com\/uk\/wp-json\/wp\/v2\/categories?post=521911"},{"taxonomy":"post_tag","embeddable":true,"href":"https:\/\/www.europesays.com\/uk\/wp-json\/wp\/v2\/tags?post=521911"}],"curies":[{"name":"wp","href":"https:\/\/api.w.org\/{rel}","templated":true}]}}