{"id":528926,"date":"2025-10-26T10:25:21","date_gmt":"2025-10-26T10:25:21","guid":{"rendered":"https:\/\/www.europesays.com\/uk\/528926\/"},"modified":"2025-10-26T10:25:21","modified_gmt":"2025-10-26T10:25:21","slug":"a-look-at-the-weeks-key-stories-from-london-and-lisbon-to-vienna","status":"publish","type":"post","link":"https:\/\/www.europesays.com\/uk\/528926\/","title":{"rendered":"A look at the week\u2019s key stories, from London and Lisbon to Vienna"},"content":{"rendered":"<p>\tA look at the week\u2019s key stories, from London and Lisbon to Vienna &#8211; Monocle<\/p>\n<p><a href=\"#main\" class=\"skip-to-content-link visually-hidden-focusable\"><br \/>\n\tSkip to main content<\/a><\/p>\n<p>\t\t\t<img src=\"https:\/\/www.europesays.com\/uk\/wp-content\/uploads\/2025\/09\/Screenshot-2025-08-11-at-17.38.56.png\" alt=\"\" width=\"103\" height=\"74\" decoding=\"async\" loading=\"eager\" fetchpriority=\"high\"\/><\/p>\n<p>\n\t\tCurrently being edited in London\t<\/p>\n<p>\t\t\t<a aria-label=\"Daily inbox intelligence from Monocle\" class=\"c-call-out__anchor\" href=\"https:\/\/monocle.com\/newsletters\/?utm_source=corner_illo&amp;utm_medium=homepage&amp;utm_campaign=dog\" wp_automatic_readability=\"2\" target=\"_blank\" rel=\"noopener\"><\/p>\n<p>\t\t\t<img src=\"https:\/\/www.europesays.com\/uk\/wp-content\/uploads\/2025\/09\/dog-newsletter.png\" alt=\"\" width=\"137\" height=\"77\" decoding=\"async\" loading=\"eager\" fetchpriority=\"low\"\/><\/p>\n<p class=\"c-call-out__title\">\n\t\t\t\t\t\tDaily inbox intelligence from Monocle\t\t<\/p>\n<p>\t\t\t<\/a><\/p>\n<p><a href=\"https:\/\/monocle.com\/\" target=\"_blank\" rel=\"noopener\">Home<\/a>  <a href=\"https:\/\/monocle.com\/radio\/\" target=\"_blank\" rel=\"noopener\">Radio<\/a>  <a href=\"https:\/\/monocle.com\/radio\/shows\" target=\"_blank\" rel=\"noopener\">Shows<\/a>  <a href=\"https:\/\/monocle.com\/radio\/shows\/monocle-on-sunday\/\" target=\"_blank\" rel=\"noopener\">Monocle on Sunday<\/a>  A look at the week\u2019s key stories, from London and Lisbon to Vienna\t\t\t\t\t\t<\/p>\n<ul class=\"c-single-episode-content__meta\">\n<li>\n\t\t\t\t\t\t\tAffairs\t\t\t\t\t\t<\/li>\n<li>\n<p>\t\t\t\t\t\t\tEpisode 382\t\t\t\t\t\t<\/li>\n<li>\n\t\t\t\t\t\t\t26 Oct 2025\t\t\t\t\t\t<\/li>\n<li>\n\t\t\t\t\t\t\t58 min\t\t\t\t\t\t<\/li>\n<\/ul>\n<p>\t\t\t\t\t<img loading=\"lazy\" width=\"1280\" height=\"720\" src=\"https:\/\/www.europesays.com\/uk\/wp-content\/uploads\/2025\/10\/\u00a9-shutterstock-Nok-Lek-Travel-Lifestyle_1450254959_CROP.jpg\" class=\"attachment-full size-full\" alt=\"\" decoding=\"async\"  \/>\t\t\t\t\t<\/p>\n<p>\t\tPlay\t<\/p>\n<p><a class=\"c-button c-button--tertiary c-button--invert c-button--has-icon\" href=\"https:\/\/open.spotify.com\/show\/5o8m0hHaVuFSV3ZCiGocNB\" aria-expanded=\"false\" type=\"button\" target=\"_blank\" rel=\"noopener\"><\/p>\n<p>\t\tPlay in Spotify\t<\/p>\n<p><\/a><\/p>\n<p><a class=\"c-button c-button--tertiary c-button--invert c-button--has-icon\" href=\"https:\/\/podcasts.apple.com\/gb\/podcast\/monocle-on-sunday\/id1495068888\" aria-expanded=\"false\" type=\"button\" target=\"_blank\" rel=\"noopener\"><\/p>\n<p>\t\tPlay in Apple Podcasts\t<\/p>\n<p><\/a><\/p>\n<ul class=\"c-single-episode-content__meta\">\n<li>\n\t\t\t\t\t\t\t\tMonocle on Sunday\t\t\t\t\t\t\t<\/li>\n<li>\n\t\t\t\t\t\t\t\tAffairs\t\t\t\t\t\t\t<\/li>\n<li>\n<p>\t\t\t\t\t\t\t\tEpisode 382\t\t\t\t\t\t\t<\/li>\n<li>\n\t\t\t\t\t\t\t\t58 min\t\t\t\t\t\t\t<\/li>\n<\/ul>\n<p>Nina dos Santos and Ash Bhardwaj join Emma Nelson to review the week\u2019s news. We also hear from Tyler Br\u00fbl\u00e9 in Lisbon and Alexei Korolyov in Vienna.<\/p>\n<p>\t\t\t\t\t\t\t\t\t\tContributors\t\t\t\t\t\t\t\t\t<\/p>\n<ul class=\"c-article-hero__contributor-list\" role=\"list\" aria-describedby=\"article-hero-contributors\">\n<li class=\"c-article-hero__contributor-list-item\">\n\t\t\t\t\t\t\t\t\t\t\t\tDesiree Bandli\t\t\t\t\t\t\t\t\t\t\t<\/li>\n<li class=\"c-article-hero__contributor-list-item\">\n\t\t\t\t\t\t\t\t\t\t\t\tLily Austin\t\t\t\t\t\t\t\t\t\t\t<\/li>\n<li class=\"c-article-hero__contributor-list-item\">\n\t\t\t\t\t\t\t\t\t\t\t\tMariella Bevan\t\t\t\t\t\t\t\t\t\t\t<\/li>\n<li class=\"c-article-hero__contributor-list-item\">\n\t\t\t\t\t\t\t\t\t\t\t\tTyler Br\u00fbl\u00e9\t\t\t\t\t\t\t\t\t\t\t<\/li>\n<\/ul>\n<ul class=\"c-single-episode-content__ctas u-mt-lg\" role=\"list\">\n<li>\n<p><a class=\"c-button c-button--tertiary\" href=\"https:\/\/monocle.com\/radio\/shows\/monocle-on-sunday\/\" aria-expanded=\"false\" type=\"button\" target=\"_blank\" rel=\"noopener\"><\/p>\n<p>\t\t\tAll Episodes<br \/>\n<\/a>\n\t\t\t\t\t\t<\/li>\n<li>\n<p><a class=\"c-button c-button--tertiary\" href=\"https:\/\/monocle.com\/radio\/schedule\" aria-expanded=\"false\" type=\"button\" target=\"_blank\" rel=\"noopener\"><\/p>\n<p>\t\t\tView schedule<br \/>\n<\/a>\n\t\t\t\t\t\t<\/li>\n<\/ul>\n<p>\t\t\t\t\t\t\t\t\t\t\t<a href=\"https:\/\/monocle.com\/radio\/shows\/monocle-on-sunday\/381\/\" target=\"_blank\" rel=\"noopener\"><br \/>\n\t\t\t\t\t\t\tGeopolitics, art news and Balkans headlines\t\t\t\t\t\t<\/a><\/p>\n<p class=\"c-episode-card__description\">\n\t\t\t\t\tTyler Br\u00fbl\u00e9 is joined by Gorana Grgi\u0107 and Eemeli Isoaho to review the weekend\u2019s news. Plus: Andrew Tuck in Palma, Guy de Launey on Balkans news and Aurelia Rauch with an art roundup.\t\t\t\t<\/p>\n<p>\t\t\t\t\t\t\t\t\t\t\t<a href=\"https:\/\/monocle.com\/radio\/shows\/monocle-on-sunday\/380\/\" target=\"_blank\" rel=\"noopener\"><br \/>\n\t\t\t\t\t\t\tGlobal news and dispatches from Istanbul and Tokyo\t\t\t\t\t\t<\/a><\/p>\n<p class=\"c-episode-card__description\">\n\t\t\t\t\tEmma Nelson is joined by Charles Hecker and Daniella Peled for a round-up of the week\u2019s headlines. Plus: Tyler Br\u00fbl\u00e9 joins us from Tokyo and Hannah Lucinda Smith brings us the latest from Turkey.\t\t\t\t<\/p>\n<p>\t\t\t\t\t\t\t\t\t\t\t<a href=\"https:\/\/monocle.com\/radio\/shows\/monocle-on-sunday\/279\/\" target=\"_blank\" rel=\"noopener\"><br \/>\n\t\t\t\t\t\t\tNews, analysis and insights from London, Lisbon and Oslo\t\t\t\t\t\t<\/a><\/p>\n<p class=\"c-episode-card__description\">\n\t\t\t\t\tEmma Nelson is joined by Vincent McAviney for a round-up of the week\u2019s headlines. Plus: Tyler Br\u00fbl\u00e9 reports from Lisbon and Lars Bevanger brings us the latest from Oslo.\t\t\t\t<\/p>\n<p>\t\t\tTopic\t\t<\/p>\n<p>\t\t\t\tAffairs<\/p>\n<p>\t\t\t\tArchitecture<\/p>\n<p>\t\t\t\tArt<\/p>\n<p>\t\t\t\tArts<\/p>\n<p>\t\t\t\tAt the front<\/p>\n<p>\t\t\t\tAviation<\/p>\n<p>\t\t\t\tBooks<\/p>\n<p>\t\t\t\tBusiness<\/p>\n<p>\t\t\t\tCraft<\/p>\n<p>\t\t\t\tCulture<\/p>\n<p>\t\t\t\tDefence<\/p>\n<p>\t\t\t\tDesign<\/p>\n<p>\t\t\t\tDiplomacy<\/p>\n<p>\t\t\t\tEconomics<\/p>\n<p>\t\t\t\tEconomy<\/p>\n<p>\t\t\t\tEdits<\/p>\n<p>\t\t\t\tEducation<\/p>\n<p>\t\t\t\tEntertaining<\/p>\n<p>\t\t\t\tEntertainment<\/p>\n<p>\t\t\t\tEntrepreneurialism<\/p>\n<p>\t\t\t\tEnvironment<\/p>\n<p>\t\t\t\tEvents and conferences<\/p>\n<p>\t\t\t\tFashion<\/p>\n<p>\t\t\t\tFilm<\/p>\n<p>\t\t\t\tFood &amp; Drink<\/p>\n<p>\t\t\t\tFurniture<\/p>\n<p>\t\t\t\tGovernment<\/p>\n<p>\t\t\t\tHealth<\/p>\n<p>\t\t\t\tHospitality<\/p>\n<p>\t\t\t\tIndustry<\/p>\n<p>\t\t\t\tKonfekt<\/p>\n<p>\t\t\t\tManufacturing<\/p>\n<p>\t\t\t\tMedia<\/p>\n<p>\t\t\t\tMonocle Films<\/p>\n<p>\t\t\t\tMonocle Radio<\/p>\n<p>\t\t\t\tMusic<\/p>\n<p>\t\t\t\tPhotography<\/p>\n<p>\t\t\t\tPolitics<\/p>\n<p>\t\t\t\tProduct design<\/p>\n<p>\t\t\t\tProperty<\/p>\n<p>\t\t\t\tRecipe<\/p>\n<p>\t\t\t\tResidences<\/p>\n<p>\t\t\t\tRetail<\/p>\n<p>\t\t\t\tShoot<\/p>\n<p>\t\t\t\tSociety<\/p>\n<p>\t\t\t\tSoft Power<\/p>\n<p>\t\t\t\tSport<\/p>\n<p>\t\t\t\tTechnology<\/p>\n<p>\t\t\t\tThe Faster Lane<\/p>\n<p>\t\t\t\tThe Monocle Concierge<\/p>\n<p>\t\t\t\tThe Monocle Minute<\/p>\n<p>\t\t\t\tThe Weekend Opener<\/p>\n<p>\t\t\t\tTransport<\/p>\n<p>\t\t\t\tTravel and restaurants<\/p>\n<p>\t\t\t\tUncategorized<\/p>\n<p>\t\t\t\tUrbanism<\/p>\n<p>\t\t\tShow more\t<\/p>\n<p>\t\t\tFormat\t\t<\/p>\n<p>\t\t\t\tArticle<\/p>\n<p>\t\t\t\tEvent<\/p>\n<p>\t\t\t\tTravel Guide<\/p>\n<p>\t\t\t\tRadio<\/p>\n<p>\t\t\t\tPartnered Content<\/p>\n<p>\t\t\tOverview\t\t<\/p>\n<p>\t\t\tSubscription\t\t<\/p>\n<p>\t\t\tAddresses\t\t<\/p>\n<p>\t\t\tHistory\t\t<\/p>\n<p>\t\t\tNewsletters\t\t<\/p>\n<p>\t\t\tCommunication\t\t<\/p>\n<p>\t\t\t\t\t\t\t+ Shipping <\/p>\n<p>\t\t\t\t\t\t\tActive\t\t\t\t\t\t<\/p>\n<p>\t\t\t\t\t\t\tCancelled\t\t\t\t\t\t<\/p>\n<p>\t\t\t\t\t\t\tPaused\t\t\t\t\t\t<\/p>\n<p>\t\t\t\t\t\t\tTrial:<br \/>\n\t\t\t\t\t\t\t days left\t\t\t\t\t\t<\/p>\n<p>\t\t\t\t\tChange Subscription Address\t\t\t\t<\/p>\n<p>\t\t\t\t\tCancel\t\t\t\t<\/p>\n<p>\t\t\t\t\tCancel\t\t\t\t<\/p>\n<p class=\"u-mb-sm u-mt-md\" x-show=\"activeSubscriptionAddressChange === subscription.id\">\n\t\t\t\t\tPlease select the address you want to use for this subscription:\t\t\t\t<\/p>\n<p class=\"u-mb-sm u-mt-md\" x-show=\"activeSubscriptionBillingAddressChange === subscription.id\">\n\t\t\t\t\tPlease select the billing address you want to use for this subscription:\t\t\t\t<\/p>\n<ul class=\"c-account-address__list\" role=\"list\" x-show=\"activeSubscriptionAddressChange === subscription.id || activeSubscriptionBillingAddressChange === subscription.id\" :aria-expanded=\"activeSubscriptionAddressChange === subscription.id || activeSubscriptionBillingAddressChange === subscription.id ? 'true' : 'false'\">\n<li>\n<p x-show=\"isCurrentSubscriptionAddress(subscription, address) &amp;&amp; !activeSubscriptionBillingAddressChange\" class=\"c-account-card__default-label\">\n\t\t\t\t\t\t\t\t\t\tCurrent Subscription Address\t\t\t\t\t\t\t\t\t<\/p>\n<p x-show=\"isCurrentBillingAddress(subscription, address) &amp;&amp; activeSubscriptionBillingAddressChange === subscription.id\" class=\"c-account-card__default-label\">\n\t\t\t\t\t\t\t\t\t\tCurrent Billing Address\t\t\t\t\t\t\t\t\t<\/p>\n<p>\t\t\t\t\t\t\t\t\t\tSet subscription address\t\t\t\t\t\t\t\t\t<\/p>\n<p>\t\t\t\t\t\t\t\t\t\tSet as billing address\t\t\t\t\t\t\t\t\t<\/p>\n<\/li>\n<\/ul>\n<p>\tCards<\/p>\n<p>\t\t\t\t\t\t<strong><br \/>\n\t\t\t\t\t\t\t ending in \t\t\t\t\t\t<\/strong><\/p>\n<p>\n\t\t\t\t\t\tExpires \/\t\t\t\t\t<\/p>\n<p x-show=\"card.active === false\">Inactive<\/p>\n<p x-show=\"cards?.length &gt; 1 &amp;&amp; card.id === $store.monocleState.auth?.user?.billing?.accountCardId\" class=\"c-account-card__default-label\">\n\t\t\t\t\tDefault\t\t\t\t<\/p>\n<p>\tYour Addresses<\/p>\n<ul x-show=\"isDefaultAddress(address) || isSubscriptionAddress(address)\" class=\"c-account-card__default-label\" role=\"list\">\n<li x-show=\"isDefaultAddress(address)\">\n<p>\n\t\t\t\t\t\t\tDefault Shipping Address\t\t\t\t\t\t<\/p>\n<\/li>\n<li x-show=\"isSubscriptionAddress(address)\">\n<p>\n\t\t\t\t\t\t\tSubscription Address\t\t\t\t\t\t<\/p>\n<\/li>\n<\/ul>\n<p>\t\t\t\t\t\tSet As Default\t\t\t\t\t<\/p>\n<p>\t\t\t\t\t\t\tDelete\t\t\t\t\t\t<\/p>\n<p>\t\t\t\t\t\t\tYou must select a new subscription or shipping address before deleting.\n\t\t\t\t\t<\/p>\n<p>\t\t\t\t\t\tSet as subscription address\n\t\t\t\t<\/p>\n<p>\t\t\tAdd Address\t\t<\/p>\n<p>\tYour Default Billing Address<\/p>\n<p>\n\t\t\tYou currently have no items in your cart.\t\t<\/p>\n<p>\t\t\t\t\t\t\t\t<img :src=\"https:\/\/monocle.com\/radio\/shows\/monocle-on-sunday\/382\/product.product?.images?.[0].file.url +\" width=\"120\" height=\"120\" loading=\"lazy\" decoding=\"async\" :alt=\"product.product?.name\"\/><\/p>\n<p>\n\t\t\t\t\t\t\t\t&#8211;<\/p>\n<p>\t\t\t\t\t\t\t\t\t\tCurrent quantity: \t\t\t\t\t\t\t\t\t<\/p>\n<p>\t\t\t\t\t\t\t\t\t+<\/p>\n<p>\t\t\t\t\t\t\t\t\t+\n\t\t\t\t\t\t\t\t\t<\/p>\n<ul class=\"c-cart__totals\">\n<li>\n\t\t\t\t\t\tSubtotal: \t\t\t\t\t<\/li>\n<li>\n\t\t\t\t\t\tShipping: \t\t\t\t\t<\/li>\n<li>\n\t\t\t\t\t\tTotal: \t\t\t\t\t<\/li>\n<\/ul>\n<p>\t\t\t<a id=\"js-checkout-button\" target=\"_blank\" rel=\"noreferrer noopener\" class=\"c-button c-button--full-width c-button--primary\" :href=\"https:\/\/monocle.com\/radio\/shows\/monocle-on-sunday\/382\/$store.monocleState.shop.checkoutUrl\"><br \/>\n\t\t\t\tCheckout\t\t\t<\/a><\/p>\n<p class=\"c-cart__disclaimer u-mt-sm\">\n\t\t\t\tShipping will be calculated at checkout. <\/p>\n<p class=\"c-cart__disclaimer u-mt-sm\">\n<p>\t\t\t\t\tFor orders shipping to the <strong>United States<\/strong>, please refer to our <a href=\"https:\/\/monocle.com\/faqs\" target=\"_blank\" rel=\"noopener\">FAQs<\/a> for information on import duties and regulations\n\t\t\t<\/p>\n<p class=\"c-cart__disclaimer u-mt-sm\">\n\t\t\t\tAll orders placed outside of the EU that exceed \u20ac1,000 in value require customs documentation. Please allow up to two additional business days for these orders to be dispatched.\n\t\t\t<\/p>\n<p class=\"c-cart__cta\">\n\t\tNot ready to checkout? <a href=\"https:\/\/monocle.com\/shop\" target=\"_blank\" rel=\"noopener\">Continue Shopping<\/a>\t<\/p>\n","protected":false},"excerpt":{"rendered":"A look at the week\u2019s key stories, from London and Lisbon to Vienna &#8211; Monocle Skip to main&hellip;\n","protected":false},"author":2,"featured_media":528927,"comment_status":"","ping_status":"","sticky":false,"template":"","format":"standard","meta":{"footnotes":""},"categories":[7757],"tags":[748,393,4884,257,16,15],"class_list":{"0":"post-528926","1":"post","2":"type-post","3":"status-publish","4":"format-standard","5":"has-post-thumbnail","7":"category-london","8":"tag-britain","9":"tag-england","10":"tag-great-britain","11":"tag-london","12":"tag-uk","13":"tag-united-kingdom"},"share_on_mastodon":{"url":"https:\/\/pubeurope.com\/@uk\/115439988595836533","error":""},"_links":{"self":[{"href":"https:\/\/www.europesays.com\/uk\/wp-json\/wp\/v2\/posts\/528926","targetHints":{"allow":["GET"]}}],"collection":[{"href":"https:\/\/www.europesays.com\/uk\/wp-json\/wp\/v2\/posts"}],"about":[{"href":"https:\/\/www.europesays.com\/uk\/wp-json\/wp\/v2\/types\/post"}],"author":[{"embeddable":true,"href":"https:\/\/www.europesays.com\/uk\/wp-json\/wp\/v2\/users\/2"}],"replies":[{"embeddable":true,"href":"https:\/\/www.europesays.com\/uk\/wp-json\/wp\/v2\/comments?post=528926"}],"version-history":[{"count":0,"href":"https:\/\/www.europesays.com\/uk\/wp-json\/wp\/v2\/posts\/528926\/revisions"}],"wp:featuredmedia":[{"embeddable":true,"href":"https:\/\/www.europesays.com\/uk\/wp-json\/wp\/v2\/media\/528927"}],"wp:attachment":[{"href":"https:\/\/www.europesays.com\/uk\/wp-json\/wp\/v2\/media?parent=528926"}],"wp:term":[{"taxonomy":"category","embeddable":true,"href":"https:\/\/www.europesays.com\/uk\/wp-json\/wp\/v2\/categories?post=528926"},{"taxonomy":"post_tag","embeddable":true,"href":"https:\/\/www.europesays.com\/uk\/wp-json\/wp\/v2\/tags?post=528926"}],"curies":[{"name":"wp","href":"https:\/\/api.w.org\/{rel}","templated":true}]}}