{"id":528954,"date":"2025-10-26T10:45:15","date_gmt":"2025-10-26T10:45:15","guid":{"rendered":"https:\/\/www.europesays.com\/uk\/528954\/"},"modified":"2025-10-26T10:45:15","modified_gmt":"2025-10-26T10:45:15","slug":"india-eu-fta-talks-intensify-piyush-goyal-set-to-meet-his-counterpart-in-brussels","status":"publish","type":"post","link":"https:\/\/www.europesays.com\/uk\/528954\/","title":{"rendered":"India-EU FTA talks intensify, Piyush Goyal set to meet his counterpart in Brussels"},"content":{"rendered":"<p><img decoding=\"async\" src=\"https:\/\/www.europesays.com\/uk\/wp-content\/uploads\/2025\/08\/1x1_spacer.png\" alt=\"Union Minister of Commerce and Industry Piyush Goyal interacts with Berlin's Indian diaspora during an official visit to meet Global Industry leaders, in Berlin on October 25, 2025.\" title=\"Union Minister of Commerce and Industry Piyush Goyal interacts with Berlin's Indian diaspora during an official visit to meet Global Industry leaders, in Berlin on October 25, 2025.\" data-original=\"https:\/\/www.europesays.com\/uk\/wp-content\/uploads\/2025\/08\/1x1_spacer.png\" class=\"lead-img\" fetchpriority=\"high\"\/><\/p>\n<p class=\"caption\">\n                    Union Minister of Commerce and Industry Piyush Goyal interacts with Berlin&#8217;s Indian diaspora during an official visit to meet Global Industry leaders, in Berlin on October 25, 2025.<br \/>\n                                          | Photo Credit: ANI\n                                      <\/p>\n<p>Commerce and Industry Minister Piyush Goyal will visit Brussels on October 27 to 28 to hold high-level discussions with his counterpart in the European Union (EU) to provide \u201cstrategic direction and political impetus\u201d to the ongoing negotiations on a free trade agreement between India and the European Union.<\/p>\n<p>At the same time, a delegation of the European Parliament Trade Committee will be in New Delhi on October 27 to 29 to enhance \u201cmutual understanding amid intensive trade negotiations between the EU and India\u201d.<\/p>\n<p>According to the Ministry of Commerce and Industry, Mr. Goyal\u2019s visit to Brussels and meeting with Maro\u0161 \u0160ef\u010dovi\u010d, Executive Vice-President and European Commissioner for Trade of the European Union comes at a \u201ccrucial stage\u201d in the FTA negotiations.<\/p>\n<p>\u201cBuilding on the momentum generated by the 14th round of negotiations held earlier this month, the Minister\u2019s visit aims to provide strategic direction and political impetus to the talks,\u201d the Ministry said in a release.<\/p>\n<p>The Hindu, on October 16, reported that while discussions were ongoing between India and the EU, the next formal round of negotiations had not yet been finalised as the issues holding up the deal required continuous communication rather than waiting for a formal round.<\/p>\n<p>These issues included market access, regulatory cooperation and agricultural sensitivities.<\/p>\n<p>\u201cDiscussions are expected to cover key areas of the proposed FTA, including market access, non-tariff measures, and regulatory cooperation,\u201d the release added. \u201cThe visit will also serve to review progress achieved so far and to identify areas requiring further convergence.\u201d<\/p>\n<p>Mr. Goyal will hold a bilateral meeting with Mr. \u0160ef\u010dovi\u010d, which will be followed by a working dinner. This will not be considered a formal round of negotiations, but a continuation of discussions.<\/p>\n<p>European team in India<\/p>\n<p>The delegation of the Trade Committee will include seven members of the European Parliament, according a press release issued by the European Parliament.<\/p>\n<p>\u201cThe main objective of this visit is to contribute to increasing our mutual understanding amid intensive trade negotiations between the EU and India,\u201d the co-heads of delegation Cristina Maestre and Brando Benifei said in a joint statement. \u201cThe mission is timely taking place just a few months ahead of the deadline to conclude negotiations for a Free Trade Agreement by the end of 2025.\u201d<\/p>\n<p>During their visit to India, the delegation will meet a variety of stakeholders in order to receive \u201cfirst-hand information on the opportunities and challenges posed by these trade negotiations\u201d, the release said.<\/p>\n<p>\u201cINTA Members are set to hold various meetings at both ministerial and parliamentary level,\u201d it added. \u201cMembers will meet with the Federation of European Business in India and with the Confederation of Indian Industry.\u201d<\/p>\n<p>The release further said that other meetings will be organised with civil society working on sustainability issues and with workers and employers\u2019 representatives and organisations working on labour rights.<\/p>\n<p class=\"publish-time-new\"> Published &#8211; October 26, 2025 04:05 pm IST<\/p>\n","protected":false},"excerpt":{"rendered":"Union Minister of Commerce and Industry Piyush Goyal interacts with Berlin&#8217;s Indian diaspora during an official visit to&hellip;\n","protected":false},"author":2,"featured_media":528955,"comment_status":"","ping_status":"","sticky":false,"template":"","format":"standard","meta":{"footnotes":""},"categories":[5174],"tags":[2000,299,5187,171473,128743,171471,3136,171472],"class_list":{"0":"post-528954","1":"post","2":"type-post","3":"status-publish","4":"format-standard","5":"has-post-thumbnail","7":"category-eu","8":"tag-eu","9":"tag-europe","10":"tag-european","11":"tag-european-delegation-in-india","12":"tag-india-eu-fta-talks","13":"tag-india-european-trade-talks","14":"tag-piyush-goyal","15":"tag-piyush-goyal-belgium-visit"},"share_on_mastodon":{"url":"https:\/\/pubeurope.com\/@uk\/115440066969121710","error":""},"_links":{"self":[{"href":"https:\/\/www.europesays.com\/uk\/wp-json\/wp\/v2\/posts\/528954","targetHints":{"allow":["GET"]}}],"collection":[{"href":"https:\/\/www.europesays.com\/uk\/wp-json\/wp\/v2\/posts"}],"about":[{"href":"https:\/\/www.europesays.com\/uk\/wp-json\/wp\/v2\/types\/post"}],"author":[{"embeddable":true,"href":"https:\/\/www.europesays.com\/uk\/wp-json\/wp\/v2\/users\/2"}],"replies":[{"embeddable":true,"href":"https:\/\/www.europesays.com\/uk\/wp-json\/wp\/v2\/comments?post=528954"}],"version-history":[{"count":0,"href":"https:\/\/www.europesays.com\/uk\/wp-json\/wp\/v2\/posts\/528954\/revisions"}],"wp:featuredmedia":[{"embeddable":true,"href":"https:\/\/www.europesays.com\/uk\/wp-json\/wp\/v2\/media\/528955"}],"wp:attachment":[{"href":"https:\/\/www.europesays.com\/uk\/wp-json\/wp\/v2\/media?parent=528954"}],"wp:term":[{"taxonomy":"category","embeddable":true,"href":"https:\/\/www.europesays.com\/uk\/wp-json\/wp\/v2\/categories?post=528954"},{"taxonomy":"post_tag","embeddable":true,"href":"https:\/\/www.europesays.com\/uk\/wp-json\/wp\/v2\/tags?post=528954"}],"curies":[{"name":"wp","href":"https:\/\/api.w.org\/{rel}","templated":true}]}}