{"id":532253,"date":"2025-10-28T01:22:24","date_gmt":"2025-10-28T01:22:24","guid":{"rendered":"https:\/\/www.europesays.com\/uk\/532253\/"},"modified":"2025-10-28T01:22:24","modified_gmt":"2025-10-28T01:22:24","slug":"francis-kere-arrives-in-germany-with-timber-and-rammed-earth-museum-ehrhardt","status":"publish","type":"post","link":"https:\/\/www.europesays.com\/uk\/532253\/","title":{"rendered":"francis k\u00e9r\u00e9 arrives in germany with timber and rammed-earth &#8216;museum ehrhardt&#8217;"},"content":{"rendered":"<p>a new museum dedicated to photography and contemporary art<\/p>\n<p>\u00a0<\/p>\n<p>Museum Ehrhardt, designed by <a href=\"https:\/\/www.designboom.com\/tag\/francis-kere\/\" target=\"_blank\" rel=\"noopener\"><strong>Francis K\u00e9r\u00e9<\/strong><\/a>, has broken ground in the small village of Pl\u00fcschow near the Baltic Sea. The work marks the architect\u2019s first cultural project in <a href=\"https:\/\/www.designboom.com\/tag\/architecture-in-germany\/\" target=\"_blank\" rel=\"noopener\"><strong>Germany<\/strong><\/a> and his first <a href=\"https:\/\/www.designboom.com\/tag\/museums-galleries\/\" target=\"_blank\" rel=\"noopener\"><strong>museum<\/strong><\/a> building in Europe. Covering 1,400 square meters, the <a href=\"https:\/\/www.designboom.com\/tag\/wood-and-timber-architecture\/\" target=\"_blank\" rel=\"noopener\"><strong>timber<\/strong><\/a> and <a href=\"https:\/\/www.designboom.com\/tag\/rammed-earth\/\" target=\"_blank\" rel=\"noopener\"><strong>rammed earth<\/strong><\/a> museum is dedicated to photography and contemporary art, with a focus on the work and legacy of Alfred Ehrhardt (1901\u20131984), a leading figure of the New Objectivity movement, a German modern realist movement which arose in the 1920s as a rejection of romantic idealism.<\/p>\n<p>\u00a0<\/p>\n<p>The site sits beside Schloss Pl\u00fcschow, a historic castle that now houses an artist residency and gallery. The new museum adds a contemporary layer to this context, engaging with its rural surroundings through material honesty and spatial restraint. Rather than standing apart, the building integrates with the landscape, encouraging a quiet dialogue between past and present.<\/p>\n<p><img fetchpriority=\"high\" decoding=\"async\" class=\"wp-image-1161460 size-full lazyload\" bad-src=\"data:image\/gif;base64,R0lGODlhAQABAIAAAAAAAP\/\/\/yH5BAEAAAAALAAAAAABAAEAAAIBRAA7\" alt=\"Museum Ehrhardt Francis K\u00e9r\u00e9\" width=\"818\" height=\"578\" src=\"https:\/\/www.europesays.com\/uk\/wp-content\/uploads\/2025\/10\/museum-erhardt-kere-architecture-germany-designboom-01.jpg\"  data- loading=\"lazy\"\/><br \/>images \u00a9 K\u00e9r\u00e9 Architecture<\/p>\n<p>\u00a0<\/p>\n<p>\u00a0<\/p>\n<p>francis k\u00e9r\u00e9\u2019s structure of timber, clay and rammed earth<\/p>\n<p>\u00a0<\/p>\n<p>The architecture of <a href=\"https:\/\/everhart-museum.org\/\" target=\"_blank\" rel=\"noopener\"><strong>Museum Ehrhardt<\/strong><\/a> reflects <a href=\"https:\/\/www.kerearchitecture.com\/\" target=\"_blank\" rel=\"noopener\"><strong>architect<\/strong><\/a> Francis K\u00e9r\u00e9\u2019s long-standing interest in local craftsmanship and environmentally responsive design. Constructed mainly from timber and clay, the building\u2019s structure is defined by a central rammed earth wall that runs along its main axis. This wall, formed with a rough yet precise texture, anchors the space both physically and atmospherically. It balances humidity and temperature while shaping the rhythm of the galleries.<\/p>\n<p>\u00a0<\/p>\n<p>Above this earthen spine, a timber framework spans the museum\u2019s full width. Designed for future dismantling and reuse, the wooden structure embodies a circular approach to building that prioritizes adaptability and longevity. Developed in collaboration with <a href=\"https:\/\/www.hkarchitekten.at\/en\/\" target=\"_blank\" rel=\"noopener\"><strong>HK Architekten<\/strong><\/a> from Austria, the framework demonstrates a meticulous understanding of material performance and joinery, combining regional craft traditions with forward-looking engineering.<\/p>\n<p><img decoding=\"async\" class=\"wp-image-1161461 size-full lazyload\" bad-src=\"data:image\/gif;base64,R0lGODlhAQABAIAAAAAAAP\/\/\/yH5BAEAAAAALAAAAAABAAEAAAIBRAA7\" alt=\"Museum Ehrhardt Francis K\u00e9r\u00e9\" width=\"818\" height=\"577\" src=\"https:\/\/www.europesays.com\/uk\/wp-content\/uploads\/2025\/10\/museum-erhardt-kere-architecture-germany-designboom-02.jpg\"  data- loading=\"lazy\"\/><br \/>Museum Ehrhardt in Pl\u00fcschow introduces Francis K\u00e9r\u00e9\u2019s first museum in Europe<\/p>\n<p>\u00a0<\/p>\n<p>\u00a0<\/p>\n<p>museum ehrhardt\u2019s integration with landscape<\/p>\n<p>\u00a0<\/p>\n<p>The museum\u2019s outer form is defined by a timber pergola that recalls the familiar geometry of rural gable roofs. Its contours trace a vernacular silhouette while allowing the roofline to open toward the surrounding fields and sky. A roof garden extends across the upper level, acting as a biotope that visually and ecologically binds the museum to its setting.<\/p>\n<p>\u00a0<\/p>\n<p>At ground level, a garden unfolds from the museum caf\u00e9, designed with subtle topographical shifts that guide rainwater into collection areas. This system reduces dependence on external water sources and supports the vegetation that softens the building\u2019s perimeter. The landscape and architecture are conceived as one continuous surface, each of which supports the other through an economy of means.<\/p>\n<p>\u00a0<\/p>\n<p>Francis K\u00e9r\u00e9\u2019s design language remains calm and tactile. Clay, timber, and rammed earth create a sense of groundedness appropriate to the rural setting, while the open layout encourages fluid movement between interior and exterior spaces.<\/p>\n<p><img decoding=\"async\" class=\"wp-image-1161462 size-full lazyload\" bad-src=\"data:image\/gif;base64,R0lGODlhAQABAIAAAAAAAP\/\/\/yH5BAEAAAAALAAAAAABAAEAAAIBRAA7\" alt=\"Museum Ehrhardt Francis K\u00e9r\u00e9\" width=\"818\" height=\"578\" src=\"https:\/\/www.europesays.com\/uk\/wp-content\/uploads\/2025\/10\/museum-erhardt-kere-architecture-germany-designboom-03.jpg\"  data- loading=\"lazy\"\/><br \/>a timber framework designed with HK Architekten allows for future reuse<\/p>\n<p><img decoding=\"async\" class=\"wp-image-1161464 size-full lazyload\" bad-src=\"data:image\/gif;base64,R0lGODlhAQABAIAAAAAAAP\/\/\/yH5BAEAAAAALAAAAAABAAEAAAIBRAA7\" alt=\"Museum Ehrhardt Francis K\u00e9r\u00e9\" width=\"818\" height=\"578\" src=\"https:\/\/www.europesays.com\/uk\/wp-content\/uploads\/2025\/10\/museum-erhardt-kere-architecture-germany-designboom-05.jpg\"  data- loading=\"lazy\"\/><br \/>a central rammed earth wall defines the spatial rhythm of the exhibition halls<\/p>\n<p><img decoding=\"async\" class=\"wp-image-1161463 size-full lazyload\" bad-src=\"data:image\/gif;base64,R0lGODlhAQABAIAAAAAAAP\/\/\/yH5BAEAAAAALAAAAAABAAEAAAIBRAA7\" alt=\"Museum Ehrhardt Francis K\u00e9r\u00e9\" width=\"818\" height=\"578\" src=\"https:\/\/www.europesays.com\/uk\/wp-content\/uploads\/2025\/10\/museum-erhardt-kere-architecture-germany-designboom-04.jpg\"  data- loading=\"lazy\"\/><br \/>the wall\u2019s thermal mass stabilizes humidity and temperature throughout the building<\/p>\n","protected":false},"excerpt":{"rendered":"a new museum dedicated to photography and contemporary art \u00a0 Museum Ehrhardt, designed by Francis K\u00e9r\u00e9, has broken&hellip;\n","protected":false},"author":2,"featured_media":532254,"comment_status":"","ping_status":"","sticky":false,"template":"","format":"standard","meta":{"footnotes":""},"categories":[5310],"tags":[55795,2000,299,52002,1824,3885,54173,8732],"class_list":{"0":"post-532253","1":"post","2":"type-post","3":"status-publish","4":"format-standard","5":"has-post-thumbnail","7":"category-germany","8":"tag-architecture-in-germany","9":"tag-eu","10":"tag-europe","11":"tag-francis-kere-kere-architecture","12":"tag-germany","13":"tag-museums-and-galleries","14":"tag-rammed-earth-architecture-and-design","15":"tag-wood-and-timber-architecture-and-design"},"share_on_mastodon":{"url":"https:\/\/pubeurope.com\/@uk\/115449178029943965","error":""},"_links":{"self":[{"href":"https:\/\/www.europesays.com\/uk\/wp-json\/wp\/v2\/posts\/532253","targetHints":{"allow":["GET"]}}],"collection":[{"href":"https:\/\/www.europesays.com\/uk\/wp-json\/wp\/v2\/posts"}],"about":[{"href":"https:\/\/www.europesays.com\/uk\/wp-json\/wp\/v2\/types\/post"}],"author":[{"embeddable":true,"href":"https:\/\/www.europesays.com\/uk\/wp-json\/wp\/v2\/users\/2"}],"replies":[{"embeddable":true,"href":"https:\/\/www.europesays.com\/uk\/wp-json\/wp\/v2\/comments?post=532253"}],"version-history":[{"count":0,"href":"https:\/\/www.europesays.com\/uk\/wp-json\/wp\/v2\/posts\/532253\/revisions"}],"wp:featuredmedia":[{"embeddable":true,"href":"https:\/\/www.europesays.com\/uk\/wp-json\/wp\/v2\/media\/532254"}],"wp:attachment":[{"href":"https:\/\/www.europesays.com\/uk\/wp-json\/wp\/v2\/media?parent=532253"}],"wp:term":[{"taxonomy":"category","embeddable":true,"href":"https:\/\/www.europesays.com\/uk\/wp-json\/wp\/v2\/categories?post=532253"},{"taxonomy":"post_tag","embeddable":true,"href":"https:\/\/www.europesays.com\/uk\/wp-json\/wp\/v2\/tags?post=532253"}],"curies":[{"name":"wp","href":"https:\/\/api.w.org\/{rel}","templated":true}]}}