{"id":536630,"date":"2025-10-30T01:54:19","date_gmt":"2025-10-30T01:54:19","guid":{"rendered":"https:\/\/www.europesays.com\/uk\/536630\/"},"modified":"2025-10-30T01:54:19","modified_gmt":"2025-10-30T01:54:19","slug":"glenalina-gardens-west-belfast-security-alert-causing-serious-disruption-as-residents-evacuated","status":"publish","type":"post","link":"https:\/\/www.europesays.com\/uk\/536630\/","title":{"rendered":"Glenalina Gardens: West Belfast security alert \u2018causing serious disruption\u2019 as residents evacuated"},"content":{"rendered":"<p>latest\u00a0|\u00a0<img decoding=\"async\" alt=\"A number of homes have been evacuated due to a security alert in west Belfast\" src=\"https:\/\/www.europesays.com\/uk\/wp-content\/uploads\/2025\/10\/1761789256_494_c3633086-3da8-4f49-bc19-2f1ddf07a58e.jpg\" loading=\"eager\" width=\"100%\" data-testid=\"article-image\"  \/><\/p>\n<p class=\"beltel-ebe0ecc6_root beltel-ebe0ecc6_caption1 beltel-300db776_none beltel-91174671_secondary beltel-66f0fec7_regular beltel-1d70522a_marginbottom0 beltel-1d70522a_marginleft0 beltel-1d70522a_marginright0 beltel-1d70522a_margintop3 beltel-b48c4984_left\" style=\"color:var(--color-grey-60)\">A number of homes have been evacuated due to a security alert in west Belfast<\/p>\n<p><img decoding=\"async\" alt=\"A number of homes have been evacuated due to a security alert in west Belfast\" src=\"https:\/\/www.europesays.com\/uk\/wp-content\/uploads\/2025\/10\/1761789257_834_36259d33-b2bc-4ee7-a187-b370aa4c2b32.jpg\" loading=\"eager\" width=\"100%\" data-testid=\"article-image\"  \/><\/p>\n<p class=\"beltel-ebe0ecc6_root beltel-ebe0ecc6_caption1 beltel-300db776_none beltel-91174671_secondary beltel-66f0fec7_regular beltel-1d70522a_marginbottom0 beltel-1d70522a_marginleft0 beltel-1d70522a_marginright0 beltel-1d70522a_margintop3 beltel-b48c4984_left\" style=\"color:var(--color-grey-60)\">A number of homes have been evacuated due to a security alert in west Belfast<\/p>\n<p><img decoding=\"async\" alt=\"thumbnail: A number of homes have been evacuated due to a security alert in west Belfast\" src=\"https:\/\/www.europesays.com\/uk\/wp-content\/uploads\/2025\/10\/1761789257_811_c3633086-3da8-4f49-bc19-2f1ddf07a58e.jpg\" height=\"40px\" width=\"auto\"\/><img decoding=\"async\" alt=\"thumbnail: A number of homes have been evacuated due to a security alert in west Belfast\" src=\"https:\/\/www.europesays.com\/uk\/wp-content\/uploads\/2025\/10\/1761789258_228_36259d33-b2bc-4ee7-a187-b370aa4c2b32.jpg\" height=\"40px\" width=\"auto\"\/><\/p>\n<p class=\"beltel-ebe0ecc6_root beltel-ebe0ecc6_paragraph beltel-300db776_none beltel-91174671_primary beltel-1d70522a_marginbottom0 beltel-1d70522a_margintop0 beltel-b48c4984_inherit\" style=\"color:var(--color-primary-80)\">A security alert in west Belfast has concluded after police discovered a viable device during a search operation.<\/p>\n<p class=\"beltel-ebe0ecc6_root beltel-ebe0ecc6_paragraph beltel-300db776_none beltel-91174671_primary beltel-1d70522a_marginbottom5 beltel-1d70522a_margintop0 beltel-b48c4984_inherit\" style=\"color:var(--color-primary-80)\">The PSNI&#8217;s Inspector Curry said officers were conducting a search in the Glenalina Gardens area of Belfast when they found a suspicious object.<\/p>\n<p class=\"beltel-ebe0ecc6_root beltel-ebe0ecc6_paragraph beltel-300db776_none beltel-91174671_primary beltel-1d70522a_marginbottom5 beltel-1d70522a_margintop0 beltel-b48c4984_inherit\" style=\"color:var(--color-primary-80)\">Ammunition Technical Officers (ATO) were called to the scene to examine the item, which was subsequently declared a viable device. It has been taken away for further forensic examination.<\/p>\n<p class=\"beltel-ebe0ecc6_root beltel-ebe0ecc6_paragraph beltel-300db776_none beltel-91174671_primary beltel-1d70522a_marginbottom5 beltel-1d70522a_margintop0 beltel-b48c4984_inherit\" style=\"color:var(--color-primary-80)\">As a precaution, a number of local residents were evacuated from their homes while the security operation was carried out. Police have thanked residents for their patience and cooperation during the incident.<\/p>\n<p class=\"beltel-ebe0ecc6_root beltel-ebe0ecc6_paragraph beltel-300db776_none beltel-91174671_primary beltel-1d70522a_marginbottom5 beltel-1d70522a_margintop0 beltel-b48c4984_inherit\" style=\"color:var(--color-primary-80)\">Inspector Curry added: \u201cWe would appeal to anyone with any information in relation to the incident to contact police on 101, quoting reference number 1598 \u2013 28\/10\/25.\u201d<\/p>\n<p><img decoding=\"async\" alt=\"A number of homes have been evacuated due to a security alert in west Belfast\" src=\"https:\/\/www.europesays.com\/uk\/wp-content\/uploads\/2025\/10\/1761789259_965_36259d33-b2bc-4ee7-a187-b370aa4c2b32.jpg\" loading=\"lazy\" width=\"100%\" data-testid=\"article-image\"  \/><\/p>\n<p class=\"beltel-ebe0ecc6_root beltel-ebe0ecc6_caption1 beltel-300db776_none beltel-91174671_secondary beltel-66f0fec7_regular beltel-1d70522a_marginbottom0 beltel-1d70522a_marginleft0 beltel-1d70522a_marginright0 beltel-1d70522a_margintop3 beltel-b48c4984_left\" style=\"color:var(--color-grey-60)\">A number of homes have been evacuated due to a security alert in west Belfast<\/p>\n<p class=\"beltel-ebe0ecc6_root beltel-ebe0ecc6_paragraph beltel-300db776_none beltel-91174671_primary beltel-1d70522a_marginbottom5 beltel-1d70522a_margintop0 beltel-b48c4984_inherit\" style=\"color:var(--color-primary-80)\">Earlier on Wednesday, local Sinn F\u00e9in councillor R\u00f3is-M\u00e1ire Donnelly noted that the security alert has been &#8220;causing serious disruption today, with residents being evacuated from their homes following the discovery of a suspicious device.<\/p>\n<p class=\"beltel-ebe0ecc6_root beltel-ebe0ecc6_paragraph beltel-300db776_none beltel-91174671_primary beltel-1d70522a_marginbottom5 beltel-1d70522a_margintop0 beltel-b48c4984_inherit\" style=\"color:var(--color-primary-80)\">\u201cWith children off school for the Halloween break, this has been particularly disruptive for families who\u2019ve had to leave their homes at short notice.<\/p>\n<p class=\"beltel-ebe0ecc6_root beltel-ebe0ecc6_paragraph beltel-300db776_none beltel-91174671_primary beltel-1d70522a_marginbottom5 beltel-1d70522a_margintop0 beltel-b48c4984_inherit\" style=\"color:var(--color-primary-80)\">\u201cWhiterock Community Centre has opened its doors to anyone needing somewhere to go, and I want to thank staff there for once again stepping up for the local community.<\/p>\n<p><img decoding=\"async\" alt=\"A number of homes have been evacuated due to a security alert in west Belfast\" src=\"https:\/\/www.europesays.com\/uk\/wp-content\/uploads\/2025\/10\/1761789256_494_c3633086-3da8-4f49-bc19-2f1ddf07a58e.jpg\" loading=\"eager\" width=\"100%\" data-testid=\"article-image\"  \/><\/p>\n<p class=\"beltel-ebe0ecc6_root beltel-ebe0ecc6_caption1 beltel-300db776_none beltel-91174671_secondary beltel-66f0fec7_regular beltel-1d70522a_marginbottom0 beltel-1d70522a_marginleft0 beltel-1d70522a_marginright0 beltel-1d70522a_margintop3 beltel-b48c4984_left\" style=\"color:var(--color-grey-60)\">A number of homes have been evacuated due to a security alert in west Belfast<\/p>\n<p class=\"beltel-ebe0ecc6_root beltel-ebe0ecc6_caption1 beltel-300db776_none beltel-91174671_secondary beltel-66f0fec7_regular beltel-1d70522a_marginbottom0 beltel-1d70522a_marginleft0 beltel-1d70522a_marginright0 beltel-1d70522a_margintop3 beltel-b48c4984_left\" style=\"color:var(--color-grey-60)\">News Catch Up &#8211; Tuesday 28 October  <\/p>\n<p class=\"beltel-ebe0ecc6_root beltel-ebe0ecc6_paragraph beltel-300db776_none beltel-91174671_primary beltel-1d70522a_marginbottom5 beltel-1d70522a_margintop0 beltel-b48c4984_inherit\" style=\"color:var(--color-primary-80)\">\u201cI\u2019ve been in contact with police and hope the situation can be resolved quickly so people can return home safely.<\/p>\n<p class=\"beltel-ebe0ecc6_root beltel-ebe0ecc6_paragraph beltel-300db776_none beltel-91174671_primary beltel-1d70522a_marginbottom5 beltel-1d70522a_margintop0 beltel-b48c4984_inherit\" style=\"color:var(--color-primary-80)\">\u201cIn the meantime, I would urge people to avoid the area.\u201d<\/p>\n<p class=\"beltel-ebe0ecc6_root beltel-ebe0ecc6_paragraph beltel-300db776_none beltel-91174671_primary beltel-1d70522a_marginbottom5 beltel-1d70522a_margintop0 beltel-b48c4984_inherit\" style=\"color:var(--color-primary-80)\">Deputy Lord Mayor of Belfast, Paul Doherty, added that \u201cno one should have to put up with this\u201d.<\/p>\n<p class=\"beltel-ebe0ecc6_root beltel-ebe0ecc6_paragraph beltel-300db776_none beltel-91174671_primary beltel-1d70522a_marginbottom5 beltel-1d70522a_margintop0 beltel-b48c4984_inherit\" style=\"color:var(--color-primary-80)\">\u201cThe ongoing security alert in the Glenalina Gardens area has forced families &#8211; including many with children on their half-term break, to leave their homes. It\u2019s unacceptable that people are once again being put through fear and disruption in their own community,\u201d he continued.<\/p>\n<p class=\"beltel-ebe0ecc6_root beltel-ebe0ecc6_paragraph beltel-300db776_none beltel-91174671_primary beltel-1d70522a_marginbottom5 beltel-1d70522a_margintop0 beltel-b48c4984_inherit\" style=\"color:var(--color-primary-80)\">\u201cThose responsible for causing this disruption need to understand the real impact their actions have. People don\u2019t want this nonsense.\u201d<\/p>\n<p class=\"beltel-ebe0ecc6_root beltel-ebe0ecc6_paragraph beltel-300db776_none beltel-91174671_primary beltel-1d70522a_marginbottom5 beltel-1d70522a_margintop0 beltel-b48c4984_inherit\" style=\"color:var(--color-primary-80)\">More details to follow. <\/p>\n","protected":false},"excerpt":{"rendered":"latest\u00a0|\u00a0 A number of homes have been evacuated due to a security alert in west Belfast A number&hellip;\n","protected":false},"author":2,"featured_media":536631,"comment_status":"","ping_status":"","sticky":false,"template":"","format":"standard","meta":{"footnotes":""},"categories":[5011],"tags":[2378,5825,1144,16,15,6110],"class_list":{"0":"post-536630","1":"post","2":"type-post","3":"status-publish","4":"format-standard","5":"has-post-thumbnail","7":"category-northern-ireland","8":"tag-belfast","9":"tag-niamh-campbell","10":"tag-northern-ireland","11":"tag-uk","12":"tag-united-kingdom","13":"tag-west-belfast-news"},"share_on_mastodon":{"url":"https:\/\/pubeurope.com\/@uk\/115460627961970175","error":""},"_links":{"self":[{"href":"https:\/\/www.europesays.com\/uk\/wp-json\/wp\/v2\/posts\/536630","targetHints":{"allow":["GET"]}}],"collection":[{"href":"https:\/\/www.europesays.com\/uk\/wp-json\/wp\/v2\/posts"}],"about":[{"href":"https:\/\/www.europesays.com\/uk\/wp-json\/wp\/v2\/types\/post"}],"author":[{"embeddable":true,"href":"https:\/\/www.europesays.com\/uk\/wp-json\/wp\/v2\/users\/2"}],"replies":[{"embeddable":true,"href":"https:\/\/www.europesays.com\/uk\/wp-json\/wp\/v2\/comments?post=536630"}],"version-history":[{"count":0,"href":"https:\/\/www.europesays.com\/uk\/wp-json\/wp\/v2\/posts\/536630\/revisions"}],"wp:featuredmedia":[{"embeddable":true,"href":"https:\/\/www.europesays.com\/uk\/wp-json\/wp\/v2\/media\/536631"}],"wp:attachment":[{"href":"https:\/\/www.europesays.com\/uk\/wp-json\/wp\/v2\/media?parent=536630"}],"wp:term":[{"taxonomy":"category","embeddable":true,"href":"https:\/\/www.europesays.com\/uk\/wp-json\/wp\/v2\/categories?post=536630"},{"taxonomy":"post_tag","embeddable":true,"href":"https:\/\/www.europesays.com\/uk\/wp-json\/wp\/v2\/tags?post=536630"}],"curies":[{"name":"wp","href":"https:\/\/api.w.org\/{rel}","templated":true}]}}