{"id":543119,"date":"2025-11-02T00:49:13","date_gmt":"2025-11-02T00:49:13","guid":{"rendered":"https:\/\/www.europesays.com\/uk\/543119\/"},"modified":"2025-11-02T00:49:13","modified_gmt":"2025-11-02T00:49:13","slug":"chinas-pause-on-rare-earth-export-controls-extends-to-eu-politico","status":"publish","type":"post","link":"https:\/\/www.europesays.com\/uk\/543119\/","title":{"rendered":"China\u2019s pause on rare earth export controls extends to EU \u2013 POLITICO"},"content":{"rendered":"<p>China <a href=\"https:\/\/pro.politico.eu\/news\/207623\" data-type=\"link\" data-id=\"https:\/\/pro.politico.eu\/news\/207623\" target=\"_blank\" rel=\"noopener\">has<strong> <\/strong>tightened its grip<\/a> on critical minerals, expanding export controls on rare earths and other materials vital to the clean-tech and defense industries. The EU, which relies on China for almost 99 percent of its rare earth supply, has been <a href=\"https:\/\/www.politico.eu\/article\/eu-commission-wants-escape-china-grip-critical-rare-minerals-can-it-afford-to\/\" target=\"_blank\" rel=\"noopener\">scrambling to reduce its dependency<\/a>.<\/p>\n<p>Speaking <a href=\"https:\/\/www.france24.com\/en\/live-news\/20251031-china-s-suspension-of-rare-earth-controls-applies-to-eu-official\" data-type=\"link\" data-id=\"https:\/\/www.france24.com\/en\/live-news\/20251031-china-s-suspension-of-rare-earth-controls-applies-to-eu-official\" target=\"_blank\" rel=\"noopener\">to reporters in Rome<\/a> on Friday, \u0160ef\u010dovi\u010d said the EU is now having &#8220;<a href=\"https:\/\/euobserver.com\/eu-and-the-world\/ard2ad3334\" data-type=\"link\" data-id=\"https:\/\/euobserver.com\/eu-and-the-world\/ard2ad3334\" target=\"_blank\" rel=\"noopener\">high-level official talks<\/a> on export controls&#8221; with China. &#8220;I will speak again with my Chinese counterpart very, very soon,&#8221; he added.<\/p>\n<p>\u0160ef\u010dovi\u010d also said that he envisioned a <a href=\"https:\/\/www.barrons.com\/news\/china-s-suspension-of-rare-earth-controls-applies-to-eu-official-2b5e56c9\" data-type=\"link\" data-id=\"https:\/\/www.barrons.com\/news\/china-s-suspension-of-rare-earth-controls-applies-to-eu-official-2b5e56c9\" target=\"_blank\" rel=\"noopener\">&#8220;common purchase of critical raw materials&#8221;<\/a> by the EU. &#8220;We can do the bidding on behalf of the biggest trading bloc in the world, which is the European Union, and to get the critical raw materials <a href=\"https:\/\/www.barrons.com\/news\/china-s-suspension-of-rare-earth-controls-applies-to-eu-official-2b5e56c9\" data-type=\"link\" data-id=\"https:\/\/www.barrons.com\/news\/china-s-suspension-of-rare-earth-controls-applies-to-eu-official-2b5e56c9\" target=\"_blank\" rel=\"noopener\">for a better price<\/a>,&#8221; the EU trade chief said.<\/p>\n<p>Beijing\u2019s export controls have rattled markets and snarled supply chains, with European companies facing <a href=\"https:\/\/www.politico.eu\/article\/donald-trump-xi-jinping-deal-europe-china-trade-raw-materials-ukraine\/\" data-type=\"link\" data-id=\"https:\/\/www.politico.eu\/article\/donald-trump-xi-jinping-deal-europe-china-trade-raw-materials-ukraine\/\" target=\"_blank\" rel=\"noopener\">long delays and sharp price increases<\/a> due to shortages of raw materials. The European Commission hustled to secure its own supplies of rare earth magnets and to launch a plan to <a href=\"https:\/\/euobserver.com\/eu-and-the-world\/ard2ad3334\" data-type=\"link\" data-id=\"https:\/\/euobserver.com\/eu-and-the-world\/ard2ad3334\" target=\"_blank\" rel=\"noopener\">diversify Europe\u2019s supply chain<\/a> by the end of the year. \u00a0<\/p>\n<p>&#8220;The EU welcomed China\u2019s 12-month suspension of the relevant export controls published on 9 October 2025,&#8221; European Commission spokesperson Olof Gill said in a statement. &#8220;This is an appropriate and responsible step in the context of ensuring stable global trade flows in a critically important area.&#8221;<\/p>\n<p>G7 allies, meanwhile, are seeking to\u00a0<a href=\"https:\/\/pro.politico.eu\/news\/207491\" target=\"_blank\" rel=\"noreferrer noopener\">coordinate their responses<\/a>\u00a0to China\u2019s grip on the supply of crucial minerals. G7 ministers on Friday signed dozens of <a href=\"https:\/\/pro.politico.eu\/news\/207623\" data-type=\"link\" data-id=\"https:\/\/pro.politico.eu\/news\/207623\" target=\"_blank\" rel=\"noopener\">deals for critical minerals<\/a> under the group&#8217;s new supply-chain pact aimed at countering China\u2019s dominance in rare earths.<\/p>\n","protected":false},"excerpt":{"rendered":"China has tightened its grip on critical minerals, expanding export controls on rare earths and other materials vital&hellip;\n","protected":false},"author":2,"featured_media":543120,"comment_status":"","ping_status":"","sticky":false,"template":"","format":"standard","meta":{"footnotes":""},"categories":[5174],"tags":[1395,473,32,2000,299,5187,1699,1214,1216,53,50873,55214,1201,71482,1773],"class_list":{"0":"post-543119","1":"post","2":"type-post","3":"status-publish","4":"format-standard","5":"has-post-thumbnail","7":"category-eu","8":"tag-china","9":"tag-defense","10":"tag-donald-trump","11":"tag-eu","12":"tag-europe","13":"tag-european","14":"tag-european-union","15":"tag-exports","16":"tag-maros-sefcovic","17":"tag-technology","18":"tag-technology-and-trade","19":"tag-technology-uk","20":"tag-trade","21":"tag-wang-wentao","22":"tag-xi-jinping"},"share_on_mastodon":{"url":"https:\/\/pubeurope.com\/@uk\/115477359060712109","error":""},"_links":{"self":[{"href":"https:\/\/www.europesays.com\/uk\/wp-json\/wp\/v2\/posts\/543119","targetHints":{"allow":["GET"]}}],"collection":[{"href":"https:\/\/www.europesays.com\/uk\/wp-json\/wp\/v2\/posts"}],"about":[{"href":"https:\/\/www.europesays.com\/uk\/wp-json\/wp\/v2\/types\/post"}],"author":[{"embeddable":true,"href":"https:\/\/www.europesays.com\/uk\/wp-json\/wp\/v2\/users\/2"}],"replies":[{"embeddable":true,"href":"https:\/\/www.europesays.com\/uk\/wp-json\/wp\/v2\/comments?post=543119"}],"version-history":[{"count":0,"href":"https:\/\/www.europesays.com\/uk\/wp-json\/wp\/v2\/posts\/543119\/revisions"}],"wp:featuredmedia":[{"embeddable":true,"href":"https:\/\/www.europesays.com\/uk\/wp-json\/wp\/v2\/media\/543120"}],"wp:attachment":[{"href":"https:\/\/www.europesays.com\/uk\/wp-json\/wp\/v2\/media?parent=543119"}],"wp:term":[{"taxonomy":"category","embeddable":true,"href":"https:\/\/www.europesays.com\/uk\/wp-json\/wp\/v2\/categories?post=543119"},{"taxonomy":"post_tag","embeddable":true,"href":"https:\/\/www.europesays.com\/uk\/wp-json\/wp\/v2\/tags?post=543119"}],"curies":[{"name":"wp","href":"https:\/\/api.w.org\/{rel}","templated":true}]}}