{"id":551021,"date":"2025-11-05T16:20:19","date_gmt":"2025-11-05T16:20:19","guid":{"rendered":"https:\/\/www.europesays.com\/uk\/551021\/"},"modified":"2025-11-05T16:20:19","modified_gmt":"2025-11-05T16:20:19","slug":"iveco-to-supply-up-to-4000-vehicles-to-ile-de-france-mobilites","status":"publish","type":"post","link":"https:\/\/www.europesays.com\/uk\/551021\/","title":{"rendered":"IVECO to Supply up to 4,000 Vehicles to \u00cele-de-France Mobilit\u00e9s"},"content":{"rendered":"<p>IVECO BUS has signed a set of three framework agreements with \u00cele-de-France Mobilit\u00e9s for the supply of up to 4,000 clean buses and coaches over a seven year period.<\/p>\n<p>The agreement, which extends through to 2032, will see deliveries of a number of GX 337 ELEC, URBANWAY CNG, and CROSSWAY CNG models for use in the region outside Paris.<\/p>\n<p><img fetchpriority=\"high\" decoding=\"async\" class=\"size-full wp-image-4064285\" src=\"https:\/\/www.europesays.com\/uk\/wp-content\/uploads\/2025\/11\/IVECO-to-Supply-up-to-4000-Vehicles-to-Ile-de-France-Mobilites.jpg\" alt=\"IVECO's lineup of buses\" width=\"1920\" height=\"600\"  \/><\/p>\n<p>The framework agreement extends through to 2032<\/p>\n<p>\u00a9 IVECO Bus<\/p>\n<p>Concluded through the Public Transport Procurement Organization (CATP); the agreements have been divided into three lots covering the supply of standard 12-metre electric buses, biogas-powered 12- and 18-metre buses, and 12-metre interurban biogas-powered vehicles.<\/p>\n<p>The first delivery will consist of 154 GX 337 ELEC and 415 URBANWAY CNG biogas buses (12 and 18 meters) and begin in 2026.<\/p>\n<p>The new vehicles will join \u00cele-de-France\u2019s current fleet, and play a major role in the support of \u00cele-de-France Mobilit\u00e9s\u2019 transition to green energy.<\/p>\n<blockquote class=\"article__quote\"><p>Val\u00e9rie P\u00e9cresse, President of \u00cele-de-France Mobilit\u00e9s, said:<\/p>\n<p class=\"article__quote-text\">With this new order of 4,000 vehicles, we are on the verge of achieving this tremendous project of making \u00cele-de-France the first region to convert all its buses and coaches to clean energy. I am also delighted that, with IVECO BUS, we support and sustain a French industrial sector.<\/p>\n<\/blockquote>\n<p>    \t\t\t\t\t\t\tTags<\/p>\n<p>\t\t\t\t\t\t\t\t\t\t\t\t\tProducts &amp; Services<\/p>\n","protected":false},"excerpt":{"rendered":"IVECO BUS has signed a set of three framework agreements with \u00cele-de-France Mobilit\u00e9s for the supply of up&hellip;\n","protected":false},"author":2,"featured_media":551022,"comment_status":"","ping_status":"","sticky":false,"template":"","format":"standard","meta":{"footnotes":""},"categories":[5309],"tags":[2000,299,27881,36,83765,176537],"class_list":{"0":"post-551021","1":"post","2":"type-post","3":"status-publish","4":"format-standard","5":"has-post-thumbnail","7":"category-france","8":"tag-eu","9":"tag-europe","10":"tag-fleet","11":"tag-france","12":"tag-ile-de-france-mobilites","13":"tag-iveco-bus"},"share_on_mastodon":{"url":"https:\/\/pubeurope.com\/@uk\/115498007793847052","error":""},"_links":{"self":[{"href":"https:\/\/www.europesays.com\/uk\/wp-json\/wp\/v2\/posts\/551021","targetHints":{"allow":["GET"]}}],"collection":[{"href":"https:\/\/www.europesays.com\/uk\/wp-json\/wp\/v2\/posts"}],"about":[{"href":"https:\/\/www.europesays.com\/uk\/wp-json\/wp\/v2\/types\/post"}],"author":[{"embeddable":true,"href":"https:\/\/www.europesays.com\/uk\/wp-json\/wp\/v2\/users\/2"}],"replies":[{"embeddable":true,"href":"https:\/\/www.europesays.com\/uk\/wp-json\/wp\/v2\/comments?post=551021"}],"version-history":[{"count":0,"href":"https:\/\/www.europesays.com\/uk\/wp-json\/wp\/v2\/posts\/551021\/revisions"}],"wp:featuredmedia":[{"embeddable":true,"href":"https:\/\/www.europesays.com\/uk\/wp-json\/wp\/v2\/media\/551022"}],"wp:attachment":[{"href":"https:\/\/www.europesays.com\/uk\/wp-json\/wp\/v2\/media?parent=551021"}],"wp:term":[{"taxonomy":"category","embeddable":true,"href":"https:\/\/www.europesays.com\/uk\/wp-json\/wp\/v2\/categories?post=551021"},{"taxonomy":"post_tag","embeddable":true,"href":"https:\/\/www.europesays.com\/uk\/wp-json\/wp\/v2\/tags?post=551021"}],"curies":[{"name":"wp","href":"https:\/\/api.w.org\/{rel}","templated":true}]}}