{"id":558545,"date":"2025-11-09T03:26:22","date_gmt":"2025-11-09T03:26:22","guid":{"rendered":"https:\/\/www.europesays.com\/uk\/558545\/"},"modified":"2025-11-09T03:26:22","modified_gmt":"2025-11-09T03:26:22","slug":"china-agrees-to-ship-nexperia-chips-to-europe-eu-trade-chief-says-politico","status":"publish","type":"post","link":"https:\/\/www.europesays.com\/uk\/558545\/","title":{"rendered":"China agrees to ship Nexperia chips to Europe, EU trade chief says \u2013 POLITICO"},"content":{"rendered":"<p class=\"hero__excerpt\">\n\t\t\t\tBeijing will grant exemptions to its licensing requirements provided that purchasers promise to use the chips only for civilian purposes, EU Trade Commissioner Maro\u0161 \u0160ef\u010dovi\u010d said.\t\t\t<\/p>\n<p>\t\t\tListen\t\t<\/p>\n<p class=\"listen__audio_disclaimer\">AI generated Text-to-speech<\/p>\n","protected":false},"excerpt":{"rendered":"Beijing will grant exemptions to its licensing requirements provided that purchasers promise to use the chips only for&hellip;\n","protected":false},"author":2,"featured_media":558546,"comment_status":"","ping_status":"","sticky":false,"template":"","format":"standard","meta":{"footnotes":""},"categories":[5174],"tags":[1395,28648,2000,8812,299,5187,1214,1216,6648,53,50873,3053,1201,49,1773],"class_list":{"0":"post-558545","1":"post","2":"type-post","3":"status-publish","4":"format-standard","5":"has-post-thumbnail","7":"category-eu","8":"tag-china","9":"tag-dick-schoof","10":"tag-eu","11":"tag-eu-china-relations","12":"tag-europe","13":"tag-european","14":"tag-exports","15":"tag-maros-sefcovic","16":"tag-supply-chains","17":"tag-technology","18":"tag-technology-and-trade","19":"tag-the-netherlands","20":"tag-trade","21":"tag-united-states","22":"tag-xi-jinping"},"share_on_mastodon":{"url":"https:\/\/pubeurope.com\/@uk\/115517612641941866","error":""},"_links":{"self":[{"href":"https:\/\/www.europesays.com\/uk\/wp-json\/wp\/v2\/posts\/558545","targetHints":{"allow":["GET"]}}],"collection":[{"href":"https:\/\/www.europesays.com\/uk\/wp-json\/wp\/v2\/posts"}],"about":[{"href":"https:\/\/www.europesays.com\/uk\/wp-json\/wp\/v2\/types\/post"}],"author":[{"embeddable":true,"href":"https:\/\/www.europesays.com\/uk\/wp-json\/wp\/v2\/users\/2"}],"replies":[{"embeddable":true,"href":"https:\/\/www.europesays.com\/uk\/wp-json\/wp\/v2\/comments?post=558545"}],"version-history":[{"count":0,"href":"https:\/\/www.europesays.com\/uk\/wp-json\/wp\/v2\/posts\/558545\/revisions"}],"wp:featuredmedia":[{"embeddable":true,"href":"https:\/\/www.europesays.com\/uk\/wp-json\/wp\/v2\/media\/558546"}],"wp:attachment":[{"href":"https:\/\/www.europesays.com\/uk\/wp-json\/wp\/v2\/media?parent=558545"}],"wp:term":[{"taxonomy":"category","embeddable":true,"href":"https:\/\/www.europesays.com\/uk\/wp-json\/wp\/v2\/categories?post=558545"},{"taxonomy":"post_tag","embeddable":true,"href":"https:\/\/www.europesays.com\/uk\/wp-json\/wp\/v2\/tags?post=558545"}],"curies":[{"name":"wp","href":"https:\/\/api.w.org\/{rel}","templated":true}]}}