{"id":562537,"date":"2025-11-11T01:17:14","date_gmt":"2025-11-11T01:17:14","guid":{"rendered":"https:\/\/www.europesays.com\/uk\/562537\/"},"modified":"2025-11-11T01:17:14","modified_gmt":"2025-11-11T01:17:14","slug":"france-boss-deschamps-could-reportedly-face-cristiano-ronaldo-in-saudi-pro-league-after-2026-world-cup","status":"publish","type":"post","link":"https:\/\/www.europesays.com\/uk\/562537\/","title":{"rendered":"France boss Deschamps could reportedly face Cristiano Ronaldo in Saudi Pro League after 2026 World Cup"},"content":{"rendered":"<p data-testid=\"paragraph\" class=\"mb-[20px] md:mb-[30px] break-word\"><a href=\"https:\/\/worldsoccertalk.com\/tag\/didier-deschamps\/\" target=\"_blank\" class=\"break-word font-articleLinkText text-articleLinkText hover:text-articleLinkTextHover hover:bg-articleLinkTextHoverBg cursor-pointer border-solid border-b-articleLinkTextHover\" rel=\"noopener\"><strong>Didier Deschamps<\/strong><\/a> is entering his final months as head coach of the <strong>France national team<\/strong>, with his next move still unclear. With his tenure set to end after the <strong>2026 World Cup<\/strong>, the long-time <strong>Les Bleus manager could reportedly end up facing <\/strong><a href=\"https:\/\/worldsoccertalk.com\/tag\/cristiano-ronaldo\/\" target=\"_blank\" class=\"break-word font-articleLinkText text-articleLinkText hover:text-articleLinkTextHover hover:bg-articleLinkTextHoverBg cursor-pointer border-solid border-b-articleLinkTextHover\" rel=\"noopener\"><strong>Cristiano Ronaldo<\/strong><\/a><strong> in the Saudi Pro League once the tournament in North America concludes<\/strong>.<\/p>\n<p data-testid=\"paragraph\" class=\"mb-[20px] md:mb-[30px] break-word\">The <a href=\"https:\/\/worldsoccertalk.com\/tag\/france\/\" target=\"_blank\" class=\"break-word font-articleLinkText text-articleLinkText hover:text-articleLinkTextHover hover:bg-articleLinkTextHoverBg cursor-pointer border-solid border-b-articleLinkTextHover\" rel=\"noopener\"><strong>France<\/strong><\/a> boss has already confirmed that the upcoming World Cup will be his last in charge of Les Bleus, making it clear in an interview with T\u00e9l\u00e9foot that not even winning the trophy would change his plans: \u201c<strong>That\u2019s false, absolutely. From the moment I made my decision, and I\u2019m not going to go back on it, that\u2019s clear<\/strong>, I will be free once the agreed timeframe ends, and I\u2019m not ruling anything out.\u201d<\/p>\n<p data-testid=\"paragraph\" class=\"mb-[20px] md:mb-[30px] break-word\">Deschamps was also asked about the possibility of coaching in Saudi Arabia. \u201c<strong>I may have had some contact, not specifically with them<\/strong>. I\u2019m not going to give names, but they know my situation,\u201d he said, while also shutting down rumors linking him to the Brazil national team.<\/p>\n<p>Deschamps, linked with Al Ittihad<\/p>\n<p data-testid=\"paragraph\" class=\"mb-[20px] md:mb-[30px] break-word\">According to L\u2019\u00c9quipe, <a href=\"https:\/\/worldsoccertalk.com\/tag\/al-ittihad\/\" target=\"_blank\" class=\"break-word font-articleLinkText text-articleLinkText hover:text-articleLinkTextHover hover:bg-articleLinkTextHoverBg cursor-pointer border-solid border-b-articleLinkTextHover\" rel=\"noopener\"><strong>Al Ittihad<\/strong><\/a><strong> are targeting Deschamps as their next manager<\/strong>. The Saudi giants are enduring a tough 2025\u201326 campaign, and as they begin planning for next season, the World Cup\u2013winning coach has emerged as their top candidate.<\/p>\n<p><img decoding=\"async\" src=\"https:\/\/www.europesays.com\/uk\/wp-content\/uploads\/2025\/11\/WST_20251110_WST_602593_didier-deschamps-france_05ac5449.webp&#038;width=1920&#038;height=1080.webp\" width=\"1920\" height=\"1080\" alt=\"Didier Deschamps, Head Coach of France, lines up with coaching staff.\" class=\"h-auto\" loading=\"lazy\"\/><\/p>\n<p class=\"text-center mt-5 text-[14px] leading-[20px] font-normal\">Didier Deschamps, Head Coach of France, lines up with coaching staff.<\/p>\n<p data-testid=\"paragraph\" class=\"mb-[20px] md:mb-[30px] break-word\">Al Ittihad have struggled this year after parting ways with <strong>Laurent Blanc<\/strong>, who was dismissed after 46 games <strong>following a loss to Ronaldo\u2019s Al Nassr in September<\/strong>. The club then took the decision to appoint former AC Milan boss S\u00e9rgio Concei\u00e7\u00e3o, who signed a contract with the Saudi Arabian side until June 2028.<\/p>\n<p><a title=\"Cristiano Ronaldo breaks landmark record no other Al-Nassr player has ever managed in Saudi Pro League: Not even Kingsley Coman, Sadio Mane, or Joao Felix come close\" href=\"https:\/\/worldsoccertalk.com\/news\/cristiano-ronaldo-breaks-landmark-record-no-other-al-nassr-player-has-ever-managed-in-saudi-pro-league-not-even-kingsley-coman-sadio-mane-or-joao-felix-come-close\/\" target=\"_self\" rel=\"noopener\" class=\"article-also-read-embed\"><img decoding=\"async\" class=\"aspect-square max-w-[100px] m-[10px] md:m-0\" src=\"https:\/\/www.europesays.com\/uk\/wp-content\/uploads\/2025\/11\/1762823834_779_image\" alt=\"Cristiano Ronaldo breaks landmark record no other Al-Nassr player has ever managed in Saudi Pro League: Not even Kingsley Coman, Sadio Mane, or Joao Felix come close\" width=\"200\" height=\"200\" loading=\"lazy\"\/><\/p>\n<p class=\"font-secondary my-[13px] uppercase text-alsoReadSeeAlso bg-alsoReadSeeAlsoBackground alsoReadSeeAlso w-fit\">see also<\/p>\n<p class=\"w-full line-clamp-3 md:line-clamp-2 text-alsoReadEmbedTitle font-primary alsoReadLink\">Cristiano Ronaldo breaks landmark record no other Al-Nassr player has ever managed in Saudi Pro League: Not even Kingsley Coman, Sadio Mane, or Joao Felix come close<\/p>\n<p><\/a><\/p>\n<p data-testid=\"paragraph\" class=\"mb-[20px] md:mb-[30px] break-word\">So far, the Portuguese manager has overseen seven matches, with Al Ittihad failing to regain the form that made them the reigning <a href=\"https:\/\/worldsoccertalk.com\/tag\/saudi-pro-league\/\" target=\"_blank\" class=\"break-word font-articleLinkText text-articleLinkText hover:text-articleLinkTextHover hover:bg-articleLinkTextHoverBg cursor-pointer border-solid border-b-articleLinkTextHover\" rel=\"noopener\"><strong>Saudi Pro League<\/strong><\/a> champions. <strong>Concei\u00e7\u00e3o currently records 3 wins, 2 draws, and 2 losses<\/strong> with the team competing in the AFC Champions League Elite and the King\u2019s Cup, but if results do not improve, his tenure could be cut short despite his long-term deal.<\/p>\n<p data-testid=\"paragraph\" class=\"break-word\">Deschamps has insisted he will decide his next job only after the <a href=\"https:\/\/worldsoccertalk.com\/tag\/world-cup\/\" target=\"_blank\" class=\"break-word font-articleLinkText text-articleLinkText hover:text-articleLinkTextHover hover:bg-articleLinkTextHoverBg cursor-pointer border-solid border-b-articleLinkTextHover\" rel=\"noopener\"><strong>2026 World Cup<\/strong><\/a>, as his current focus is to secure France\u2019s qualification during the November international break. Looking ahead to next season, a move to Saudi Arabia could reunite him with French stars Karim Benzema and N\u2019Golo Kant\u00e9, and <strong>potentially set up a touchline showdown with Ronaldo, not with Portugal, but with Al Nassr<\/strong>.<\/p>\n","protected":false},"excerpt":{"rendered":"Didier Deschamps is entering his final months as head coach of the France national team, with his next&hellip;\n","protected":false},"author":2,"featured_media":562538,"comment_status":"","ping_status":"","sticky":false,"template":"","format":"standard","meta":{"footnotes":""},"categories":[5309],"tags":[179241,4116,19558,2000,299,36,17706,1514],"class_list":{"0":"post-562537","1":"post","2":"type-post","3":"status-publish","4":"format-standard","5":"has-post-thumbnail","7":"category-france","8":"tag-al-ittihad","9":"tag-cristiano-ronaldo","10":"tag-didier-deschamps","11":"tag-eu","12":"tag-europe","13":"tag-france","14":"tag-saudi-pro-league","15":"tag-world-cup"},"share_on_mastodon":{"url":"","error":""},"_links":{"self":[{"href":"https:\/\/www.europesays.com\/uk\/wp-json\/wp\/v2\/posts\/562537","targetHints":{"allow":["GET"]}}],"collection":[{"href":"https:\/\/www.europesays.com\/uk\/wp-json\/wp\/v2\/posts"}],"about":[{"href":"https:\/\/www.europesays.com\/uk\/wp-json\/wp\/v2\/types\/post"}],"author":[{"embeddable":true,"href":"https:\/\/www.europesays.com\/uk\/wp-json\/wp\/v2\/users\/2"}],"replies":[{"embeddable":true,"href":"https:\/\/www.europesays.com\/uk\/wp-json\/wp\/v2\/comments?post=562537"}],"version-history":[{"count":0,"href":"https:\/\/www.europesays.com\/uk\/wp-json\/wp\/v2\/posts\/562537\/revisions"}],"wp:featuredmedia":[{"embeddable":true,"href":"https:\/\/www.europesays.com\/uk\/wp-json\/wp\/v2\/media\/562538"}],"wp:attachment":[{"href":"https:\/\/www.europesays.com\/uk\/wp-json\/wp\/v2\/media?parent=562537"}],"wp:term":[{"taxonomy":"category","embeddable":true,"href":"https:\/\/www.europesays.com\/uk\/wp-json\/wp\/v2\/categories?post=562537"},{"taxonomy":"post_tag","embeddable":true,"href":"https:\/\/www.europesays.com\/uk\/wp-json\/wp\/v2\/tags?post=562537"}],"curies":[{"name":"wp","href":"https:\/\/api.w.org\/{rel}","templated":true}]}}