{"id":567854,"date":"2025-11-13T15:16:23","date_gmt":"2025-11-13T15:16:23","guid":{"rendered":"https:\/\/www.europesays.com\/uk\/567854\/"},"modified":"2025-11-13T15:16:23","modified_gmt":"2025-11-13T15:16:23","slug":"big-new-jhon-arias-claim-emerges-and-its-far-from-ideal-for-new-wolves-boss-rob-edwards","status":"publish","type":"post","link":"https:\/\/www.europesays.com\/uk\/567854\/","title":{"rendered":"Big new Jhon Arias claim emerges and it&#8217;s far from ideal for new Wolves boss Rob Edwards"},"content":{"rendered":"\n<p><strong>Rob Edwards has just become Wolves\u2019 new manager, and there\u2019s already been claim about Jhon Arias that isn\u2019t ideal for him if it\u2019s true.<\/strong><\/p>\n<p><a href=\"https:\/\/www.molineux.news\/tag\/jhon-arias\/\" target=\"_blank\" rel=\"noopener\">Jhon Arias<\/a> joined <a href=\"https:\/\/www.molineux.news\/club\/\" target=\"_blank\" rel=\"noopener\">Wolves<\/a> from Fluminense in the summer for a fee of around \u00a319 million, and hopes were very high for the Colombian.<\/p>\n<p>Having lost Matheus Cunha, fans wanted to see the arrival of a player who was oven-ready, and someone with real quality.<\/p>\n<p>Arias had stood out for a long time in Brazil, establishing himself as not only one of Fluminense\u2019s most influential players, but one of the best in the top-flight.<\/p>\n<p><a href=\"https:\/\/www.molineux.news\/news\/vitor-pereira-reveals-reason-why-he-made-big-effort-to-sign-new-wolves-player\/\" target=\"_blank\" rel=\"noopener\">Vitor Pereira vouched for Arias\u2019 signing having seen him up close<\/a>, and a strong showing at the Club World Cup only solidified the interest from Wolves.<\/p>\n<p>So Arias was signed. But unfortunately, he\u2019s not had the start everyone had hoped for \u2013 and now a worrying claim has emerged.<\/p>\n<p>Journalist claims Jhon Arias is dissatisfied at Wolves<img decoding=\"async\" width=\"1024\" height=\"683\" loading=\"lazy\"  src=\"https:\/\/www.europesays.com\/uk\/wp-content\/uploads\/2025\/11\/GettyImages-2236920846-1024x683.jpg\" alt=\"Jhon Arias playing for Wolves.\" class=\"wp-image-107345\" \/>Photo by Ben Roberts \u2013 Danehouse\/Getty Images<\/p>\n<p>Over the last few weeks, there have been some murmurs about interest from Flamengo in Arias.<\/p>\n<p>But it has also been maintained that <a href=\"https:\/\/www.molineux.news\/transfer-news\/what-jhon-arias-is-currently-thinking-at-wolves-amid-surprise-flamengo-transfer-speculation\/\" target=\"_blank\" rel=\"noopener\">Arias has been feeling defiant, and determined to make a success of his move to Wolves<\/a>.<\/p>\n<p>But now, for the first time, it\u2019s been claimed Arias isn\u2019t actually too happy.<\/p>\n<blockquote class=\"twitter-tweet\" data-dnt=\"true\">\n<p lang=\"pt\" dir=\"ltr\">\ud83d\udea8 | Jhon \u00c1rias est\u00e1 descontente na Inglaterra, mas S\u00d3 VOLTA AO BRASIL EM \u00daLTIMO CASO <\/p>\n<p>Flamengo observa situa\u00e7\u00e3o do jogador, mas Fluminense tem prioridade num poss\u00edvel retorno do meia<\/p>\n<p>Cada escolha, uma consequ\u00eancia. A ida de Jhon Arias Wolverhampton (ING) ainda n\u00e3o saiu da\u2026 <a href=\"https:\/\/t.co\/76rmvyGq9G\" rel=\"nofollow\">pic.twitter.com\/76rmvyGq9G<\/a><\/p>\n<p>\u2014 Paulo Brito (@PauloFBS) <a href=\"https:\/\/twitter.com\/PauloFBS\/status\/1988360206976225509?ref_src=twsrc%5Etfw\" rel=\"nofollow noopener\" target=\"_blank\">November 11, 2025<\/a><\/p><\/blockquote>\n<p>View Tweet<\/p>\n<p>Independent journalist Paulo Brito has made this claim on X, suggesting Arias is unhappy and regrets his move to <a href=\"https:\/\/www.molineux.news\/club\/stadium\/\" target=\"_blank\" rel=\"noopener\">Molineux<\/a>.<\/p>\n<p>He mentions the interest from Flamengo, but says it\u2019s actually his old club Fluminense who hold a \u2018priority\u2019 in the event of any move.<\/p>\n<p>But it\u2019s stated that any return to Brazil from Wolves would be a \u2018last resort\u2019 at the moment. Surely, Wolves would not want to lose him just months after he signed.<\/p>\n<p><img decoding=\"async\" loading=\"lazy\" width=\"1024\" height=\"683\"  src=\"https:\/\/www.europesays.com\/uk\/wp-content\/uploads\/2025\/11\/GettyImages-2229225655-1024x683.jpg\" alt=\"Wolverhampton Wanderers v Celta Vigo - Pre-Season Friendly\" \/>Photo by Jack Thomas\/Getty ImagesClaim is at odds with Jhon Arias\u2019 recent Wolves admission<\/p>\n<p>This claim is somewhat surprised, because it comes not long after Arias spoke defiantly about his struggles at Wolves.<\/p>\n<p><a href=\"http:\/\/Would%20I%20sign%20for%20Wolves%20again?%20Yes,%20totally.%20I%E2%80%99m%20very%20calm%20about%20my%20decision.%20%20%E2%80%9CI%20knew%20there%20would%20be%20difficulties,%20but%20I%20like%20challenges%20because%20they%E2%80%99re%20the%20best%20way%20to%20grow%20and%20learn%E2%80%A6%20by%20stepping%20out%20of%20your%20comfort%20zone.%20Days%20of%20glory%20and%20joy%20will%20come.\" rel=\"nofollow\">Arias said he likes a challenge<\/a>, and even admitted he would sign for Wolves again.<\/p>\n<p>Hopefully, there\u2019s no truth in Arias not being happy at Wolves. <\/p>\n<p>       Jhon Arias was only recently quoted speaking defiantly amid his Wolves struggles  <\/p>\n<blockquote class=\"wp-block-quote is-layout-flow wp-block-quote-is-layout-flow\">\n<p>Would I sign for Wolves again? Yes, totally. I\u2019m very calm about my decision. I knew there would be difficulties, but I like a challenge because they\u2019re the best way to grow and learn, by stepping out of your comfort zone. Days of glory and joy will come.<\/p>\n<\/blockquote>\n<p>It would be the last thing Edwards needs, because he\u2019s just come in and needs everyone pulling together in the same direction.<\/p>\n<p>He\u2019s a quality player, that is clear from the fact <a href=\"https:\/\/www.molineux.news\/news\/wolves-fans-handed-big-jhon-arias-reminder-after-official-fifa-announcement\/\" target=\"_blank\" rel=\"noopener\">Arias was recently included on the shortlist for Best Men\u2019s Midfielder at the FIFA Best awards<\/a>.<\/p>\n<p>We just haven\u2019t seen that quality in a Wolves shirt yet with the previous manager perhaps not using him in the right way. Hopefully, Edwards will be the man to get a tune out of him.<\/p>\n<p>  <script async src=\"https:\/\/platform.twitter.com\/widgets.js\" charset=\"utf-8\"><\/script><\/p>\n","protected":false},"excerpt":{"rendered":"Rob Edwards has just become Wolves\u2019 new manager, and there\u2019s already been claim about Jhon Arias that isn\u2019t&hellip;\n","protected":false},"author":2,"featured_media":567855,"comment_status":"","ping_status":"","sticky":false,"template":"","format":"standard","meta":{"footnotes":""},"categories":[4100],"tags":[94,180424,180425,79,16,15],"class_list":{"0":"post-567854","1":"post","2":"type-post","3":"status-publish","4":"format-standard","5":"has-post-thumbnail","7":"category-football","8":"tag-football","9":"tag-jhon-arias","10":"tag-rob-edwards","11":"tag-sports","12":"tag-uk","13":"tag-united-kingdom"},"share_on_mastodon":{"url":"https:\/\/pubeurope.com\/@uk\/115543054515246785","error":""},"_links":{"self":[{"href":"https:\/\/www.europesays.com\/uk\/wp-json\/wp\/v2\/posts\/567854","targetHints":{"allow":["GET"]}}],"collection":[{"href":"https:\/\/www.europesays.com\/uk\/wp-json\/wp\/v2\/posts"}],"about":[{"href":"https:\/\/www.europesays.com\/uk\/wp-json\/wp\/v2\/types\/post"}],"author":[{"embeddable":true,"href":"https:\/\/www.europesays.com\/uk\/wp-json\/wp\/v2\/users\/2"}],"replies":[{"embeddable":true,"href":"https:\/\/www.europesays.com\/uk\/wp-json\/wp\/v2\/comments?post=567854"}],"version-history":[{"count":0,"href":"https:\/\/www.europesays.com\/uk\/wp-json\/wp\/v2\/posts\/567854\/revisions"}],"wp:featuredmedia":[{"embeddable":true,"href":"https:\/\/www.europesays.com\/uk\/wp-json\/wp\/v2\/media\/567855"}],"wp:attachment":[{"href":"https:\/\/www.europesays.com\/uk\/wp-json\/wp\/v2\/media?parent=567854"}],"wp:term":[{"taxonomy":"category","embeddable":true,"href":"https:\/\/www.europesays.com\/uk\/wp-json\/wp\/v2\/categories?post=567854"},{"taxonomy":"post_tag","embeddable":true,"href":"https:\/\/www.europesays.com\/uk\/wp-json\/wp\/v2\/tags?post=567854"}],"curies":[{"name":"wp","href":"https:\/\/api.w.org\/{rel}","templated":true}]}}