{"id":570395,"date":"2025-11-14T18:39:12","date_gmt":"2025-11-14T18:39:12","guid":{"rendered":"https:\/\/www.europesays.com\/uk\/570395\/"},"modified":"2025-11-14T18:39:12","modified_gmt":"2025-11-14T18:39:12","slug":"%f0%9f%9a%a8-spain-under-21-the-starting-eleven-to-face-san-marino","status":"publish","type":"post","link":"https:\/\/www.europesays.com\/uk\/570395\/","title":{"rendered":"\ud83d\udea8 Spain Under-21: the starting eleven to face San Marino"},"content":{"rendered":"<p>Spain faces San Marino in their penultimate match of 2025.<\/p>\n<p>David Gordo\u2019s team leads Group A on the road to the 2027 European Championship and wants to stay on top against the bottom-ranked side.<\/p>\n<p>This is the starting eleven for tonight\u2019s match at the Anxo Carro in Lugo: Fran Gonz\u00e1lez, Fresneda, Jon Mart\u00edn, Jacobo Ram\u00f3n, Obrador, Mendoza, Carvalho, Bravo, Mavenda, Gonzalo, and Jan Virgili.<\/p>\n<p>Advertisement<\/p>\n<p>This article was translated into English by Artificial Intelligence. <a href=\"https:\/\/onefootball.com\/es\/noticias\/los-once-elegidos-de-espana-sub-21-ante-san-marino-41952289\" rel=\"nofollow noopener\" target=\"_blank\" data-ylk=\"slk:You can read the original version in \ud83c\uddea\ud83c\uddf8 here.;elm:context_link;itc:0;sec:content-canvas\" class=\"link \">You can read the original version in \ud83c\uddea\ud83c\uddf8 here.<\/a><\/p>\n<p>\ud83d\udcf8 RAUL BRAVO &#8211; AFP or licensors<\/p>\n","protected":false},"excerpt":{"rendered":"Spain faces San Marino in their penultimate match of 2025. David Gordo\u2019s team leads Group A on the&hellip;\n","protected":false},"author":2,"featured_media":570396,"comment_status":"","ping_status":"","sticky":false,"template":"","format":"standard","meta":{"footnotes":""},"categories":[5312],"tags":[181107,2000,299,153754,153756,47856,104,181108],"class_list":{"0":"post-570395","1":"post","2":"type-post","3":"status-publish","4":"format-standard","5":"has-post-thumbnail","7":"category-spain","8":"tag-anxo-carro","9":"tag-eu","10":"tag-europe","11":"tag-fran-gonzalez","12":"tag-jon-martin","13":"tag-san-marino","14":"tag-spain","15":"tag-starting-eleven"},"share_on_mastodon":{"url":"https:\/\/pubeurope.com\/@uk\/115549514172500708","error":""},"_links":{"self":[{"href":"https:\/\/www.europesays.com\/uk\/wp-json\/wp\/v2\/posts\/570395","targetHints":{"allow":["GET"]}}],"collection":[{"href":"https:\/\/www.europesays.com\/uk\/wp-json\/wp\/v2\/posts"}],"about":[{"href":"https:\/\/www.europesays.com\/uk\/wp-json\/wp\/v2\/types\/post"}],"author":[{"embeddable":true,"href":"https:\/\/www.europesays.com\/uk\/wp-json\/wp\/v2\/users\/2"}],"replies":[{"embeddable":true,"href":"https:\/\/www.europesays.com\/uk\/wp-json\/wp\/v2\/comments?post=570395"}],"version-history":[{"count":0,"href":"https:\/\/www.europesays.com\/uk\/wp-json\/wp\/v2\/posts\/570395\/revisions"}],"wp:featuredmedia":[{"embeddable":true,"href":"https:\/\/www.europesays.com\/uk\/wp-json\/wp\/v2\/media\/570396"}],"wp:attachment":[{"href":"https:\/\/www.europesays.com\/uk\/wp-json\/wp\/v2\/media?parent=570395"}],"wp:term":[{"taxonomy":"category","embeddable":true,"href":"https:\/\/www.europesays.com\/uk\/wp-json\/wp\/v2\/categories?post=570395"},{"taxonomy":"post_tag","embeddable":true,"href":"https:\/\/www.europesays.com\/uk\/wp-json\/wp\/v2\/tags?post=570395"}],"curies":[{"name":"wp","href":"https:\/\/api.w.org\/{rel}","templated":true}]}}