{"id":572448,"date":"2025-11-15T17:28:13","date_gmt":"2025-11-15T17:28:13","guid":{"rendered":"https:\/\/www.europesays.com\/uk\/572448\/"},"modified":"2025-11-15T17:28:13","modified_gmt":"2025-11-15T17:28:13","slug":"horror-as-2-year-old-boy-dies-at-nursery-after-being-strangled-by-his-jumper-world-news","status":"publish","type":"post","link":"https:\/\/www.europesays.com\/uk\/572448\/","title":{"rendered":"Horror as 2-year-old boy dies at nursery after being &#8216;strangled by his jumper&#8217; | World | News"},"content":{"rendered":"<p>A two-year-old boy has died after he was reportedly &#8216;strangled by his jumper&#8217; at a nursery in Italy.<\/p>\n<p>The incident occurred at Ambarab\u00e0 Cicc\u00ec Cocc\u00f2 nursery in Bibienna at around 11.30am.<\/p>\n<p>The young boy was found dead by nursery staff.<\/p>\n<p>According to reports, part of his jumper got tangled in a tree while he was running around.<\/p>\n<p>Air ambulance failed to make it to the scene as medics tried to deliver CPR. He was pronounced dead at the scene.<\/p>\n<p>Prosecutors have launched a manslaughter investigation and the nursery will remain closed until at least next week.<\/p>\n<p>Footage showed horrified locals crying outside the nursery upon hearing the news.<\/p>\n<p>The Koin\u00e9 cooperative, which manages the nursery, said: \u201cWe have no words that can soothe the excruciating pain of the parents and family of the child who lost his life this morning.<\/p>\n<p>\u201cThe tragedy is also our grief, because we feel the children who greet us with a smile every morning as our own.<\/p>\n<p>\u201cOur staff, shocked and distraught by the tragedy, have made themselves available to the investigators.\u201d<\/p>\n","protected":false},"excerpt":{"rendered":"A two-year-old boy has died after he was reportedly &#8216;strangled by his jumper&#8217; at a nursery in Italy.&hellip;\n","protected":false},"author":2,"featured_media":572449,"comment_status":"","ping_status":"","sticky":false,"template":"","format":"standard","meta":{"footnotes":""},"categories":[5],"tags":[2199,12,26,26102],"class_list":{"0":"post-572448","1":"post","2":"type-post","3":"status-publish","4":"format-standard","5":"has-post-thumbnail","7":"category-world","8":"tag-italy","9":"tag-news","10":"tag-world","11":"tag-world-section"},"share_on_mastodon":{"url":"https:\/\/pubeurope.com\/@uk\/115554897434491216","error":""},"_links":{"self":[{"href":"https:\/\/www.europesays.com\/uk\/wp-json\/wp\/v2\/posts\/572448","targetHints":{"allow":["GET"]}}],"collection":[{"href":"https:\/\/www.europesays.com\/uk\/wp-json\/wp\/v2\/posts"}],"about":[{"href":"https:\/\/www.europesays.com\/uk\/wp-json\/wp\/v2\/types\/post"}],"author":[{"embeddable":true,"href":"https:\/\/www.europesays.com\/uk\/wp-json\/wp\/v2\/users\/2"}],"replies":[{"embeddable":true,"href":"https:\/\/www.europesays.com\/uk\/wp-json\/wp\/v2\/comments?post=572448"}],"version-history":[{"count":0,"href":"https:\/\/www.europesays.com\/uk\/wp-json\/wp\/v2\/posts\/572448\/revisions"}],"wp:featuredmedia":[{"embeddable":true,"href":"https:\/\/www.europesays.com\/uk\/wp-json\/wp\/v2\/media\/572449"}],"wp:attachment":[{"href":"https:\/\/www.europesays.com\/uk\/wp-json\/wp\/v2\/media?parent=572448"}],"wp:term":[{"taxonomy":"category","embeddable":true,"href":"https:\/\/www.europesays.com\/uk\/wp-json\/wp\/v2\/categories?post=572448"},{"taxonomy":"post_tag","embeddable":true,"href":"https:\/\/www.europesays.com\/uk\/wp-json\/wp\/v2\/tags?post=572448"}],"curies":[{"name":"wp","href":"https:\/\/api.w.org\/{rel}","templated":true}]}}