{"id":572492,"date":"2025-11-15T17:59:19","date_gmt":"2025-11-15T17:59:19","guid":{"rendered":"https:\/\/www.europesays.com\/uk\/572492\/"},"modified":"2025-11-15T17:59:19","modified_gmt":"2025-11-15T17:59:19","slug":"oyarzabal-zubimendi-score-early-for-spain-in-georgia","status":"publish","type":"post","link":"https:\/\/www.europesays.com\/uk\/572492\/","title":{"rendered":"Oyarzabal, Zubimendi score early for Spain in Georgia"},"content":{"rendered":"<p>Spain can book their place at next summer\u2019s World Cup if results go their way, and they are doing their part after scoring twice early on in their penultimate qualifier against Georgia in Tbilisi.<\/p>\n<p>La Roja dominated the early stages, and they got their reward inside the opening 11 minutes. Ferran Torres drew a handball inside the Georgia penalty area, and that allowed Mikel Oyarzabal to open the scoring from 12 yards.<\/p>\n<blockquote class=\"twitter-lazy tweet-img lazyload\" data-width=\"500\" data-dnt=\"true\">\n<p lang=\"tr\" dir=\"ltr\">\u0130spanya, Mikel Oyarzabal\u2019\u0131n att\u0131\u011f\u0131 gol ile 1-0 \u00f6ne ge\u00e7ti. \ud83d\udc40 <a href=\"https:\/\/t.co\/Br167OO3UX\">pic.twitter.com\/Br167OO3UX<\/a><\/p>\n<p>\u2014 S Sport (@ssporttr) <a href=\"https:\/\/twitter.com\/ssporttr\/status\/1989745427013349561?ref_src=twsrc%5Etfw\" target=\"_blank\" rel=\"noopener\">November 15, 2025<\/a><\/p>\n<\/blockquote>\n<blockquote class=\"twitter-lazy tweet-img lazyload\" data-width=\"500\" data-dnt=\"true\">\n<p lang=\"es\" dir=\"ltr\">\u2705 Le llaman \ud835\udc04\ud835\udc0b \ud835\udc08\ud835\udc0d\ud835\udc05\ud835\udc00\ud835\udc0b\ud835\udc08\ud835\udc01\ud835\udc0b\ud835\udc04.<\/p>\n<p>\u00a1Se adelanta la <a href=\"https:\/\/twitter.com\/SEFutbol?ref_src=twsrc%5Etfw\" target=\"_blank\" rel=\"noopener\">@SEFutbol<\/a> en Tiflis gracias a un penalti transformado por Mikel Oyarzabal! <a href=\"https:\/\/twitter.com\/hashtag\/Selecci%C3%B3nRTVE?src=hash&amp;ref_src=twsrc%5Etfw\" target=\"_blank\" rel=\"noopener\">#Selecci\u00f3nRTVE<\/a> <a href=\"https:\/\/twitter.com\/hashtag\/WCQ2026?src=hash&amp;ref_src=twsrc%5Etfw\" target=\"_blank\" rel=\"noopener\">#WCQ2026<\/a> <\/p>\n<p>DIRECTO | <a href=\"https:\/\/twitter.com\/La1_tve?ref_src=twsrc%5Etfw\" target=\"_blank\" rel=\"noopener\">@La1_tve<\/a> y <a href=\"https:\/\/twitter.com\/rtveplay?ref_src=twsrc%5Etfw\" target=\"_blank\" rel=\"noopener\">@rtveplay<\/a>: <a href=\"https:\/\/t.co\/PHjgd0qLVE\">https:\/\/t.co\/PHjgd0qLVE<\/a> <a href=\"https:\/\/t.co\/LN8jacQiK5\">pic.twitter.com\/LN8jacQiK5<\/a><\/p>\n<p>\u2014 Teledeporte (@teledeporte) <a href=\"https:\/\/twitter.com\/teledeporte\/status\/1989744151731081415?ref_src=twsrc%5Etfw\" target=\"_blank\" rel=\"noopener\">November 15, 2025<\/a><\/p>\n<\/blockquote>\n<p>And just over 10 minutes later, the lead was doubled by Martin Zubimendi, who finished well with a lovely chip after being played in by Fabian Ruiz.<\/p>\n<blockquote class=\"twitter-lazy tweet-img lazyload\" data-width=\"500\" data-dnt=\"true\">\n<p lang=\"fi\" dir=\"ltr\">Mart\u00edn Zubimendi scores with Fabian Ruiz&#8217;s assist<\/p>\n<p>World Cup Qualification | \ud83c\udfc6 Georgia 0-2 Spain<a href=\"https:\/\/t.co\/KkEC6DdxA7\">pic.twitter.com\/KkEC6DdxA7<\/a><\/p>\n<p>\u2014 Goals Xtra (@GoalsXtra) <a href=\"https:\/\/twitter.com\/GoalsXtra\/status\/1989746323378020544?ref_src=twsrc%5Etfw\" target=\"_blank\" rel=\"noopener\">November 15, 2025<\/a><\/p>\n<\/blockquote>\n<blockquote class=\"twitter-lazy tweet-img lazyload\" data-width=\"500\" data-dnt=\"true\">\n<p lang=\"es\" dir=\"ltr\">\ud83e\udd0c Qu\u00e9 f\u00e1cil es el f\u00fatbol cuando se juntan los buenos. <\/p>\n<p>Baena acelera la jugada, Fabi\u00e1n asiste de primeras y Zubimendi define con maestr\u00eda.<\/p>\n<p>\u00a1C\u00f3mo est\u00e1 jugando Espa\u00f1a en Georgia! <a href=\"https:\/\/twitter.com\/hashtag\/Selecci%C3%B3nRTVE?src=hash&amp;ref_src=twsrc%5Etfw\" target=\"_blank\" rel=\"noopener\">#Selecci\u00f3nRTVE<\/a> <a href=\"https:\/\/twitter.com\/hashtag\/WCQ2026?src=hash&amp;ref_src=twsrc%5Etfw\" target=\"_blank\" rel=\"noopener\">#WCQ2026<\/a> <\/p>\n<p>DIRECTO | <a href=\"https:\/\/twitter.com\/La1_tve?ref_src=twsrc%5Etfw\" target=\"_blank\" rel=\"noopener\">@La1_tve<\/a> y <a href=\"https:\/\/twitter.com\/rtveplay?ref_src=twsrc%5Etfw\" target=\"_blank\" rel=\"noopener\">@rtveplay<\/a>: <a href=\"https:\/\/t.co\/PHjgd0qLVE\">https:\/\/t.co\/PHjgd0qLVE<\/a> <a href=\"https:\/\/t.co\/pi3izIFSGp\">pic.twitter.com\/pi3izIFSGp<\/a><\/p>\n<p>\u2014 Teledeporte (@teledeporte) <a href=\"https:\/\/twitter.com\/teledeporte\/status\/1989747041077997675?ref_src=twsrc%5Etfw\" target=\"_blank\" rel=\"noopener\">November 15, 2025<\/a><\/p>\n<\/blockquote>\n<p>Spain are without a number of key players for this match \u2013 including Dean Huijsen, <a href=\"https:\/\/www.football-espana.net\/2025\/11\/15\/real-madrid-player-drop-out-national-team-duty\" target=\"_blank\" rel=\"noopener\">who dropped out late on due to muscle discomfort<\/a> picked up during Friday\u2019s training session. Despite this, they are in a commanding position inside the opening half hour, as they seek to make it five wins from five in their World Cup qualifying group.<\/p>\n<p>\t\t\t\t<script async src=\"https:\/\/platform.twitter.com\/widgets.js\" charset=\"utf-8\"><\/script><\/p>\n","protected":false},"excerpt":{"rendered":"Spain can book their place at next summer\u2019s World Cup if results go their way, and they are&hellip;\n","protected":false},"author":2,"featured_media":572493,"comment_status":"","ping_status":"","sticky":false,"template":"","format":"standard","meta":{"footnotes":""},"categories":[5312],"tags":[2000,299,104],"class_list":{"0":"post-572492","1":"post","2":"type-post","3":"status-publish","4":"format-standard","5":"has-post-thumbnail","7":"category-spain","8":"tag-eu","9":"tag-europe","10":"tag-spain"},"share_on_mastodon":{"url":"https:\/\/pubeurope.com\/@uk\/115555023120059866","error":""},"_links":{"self":[{"href":"https:\/\/www.europesays.com\/uk\/wp-json\/wp\/v2\/posts\/572492","targetHints":{"allow":["GET"]}}],"collection":[{"href":"https:\/\/www.europesays.com\/uk\/wp-json\/wp\/v2\/posts"}],"about":[{"href":"https:\/\/www.europesays.com\/uk\/wp-json\/wp\/v2\/types\/post"}],"author":[{"embeddable":true,"href":"https:\/\/www.europesays.com\/uk\/wp-json\/wp\/v2\/users\/2"}],"replies":[{"embeddable":true,"href":"https:\/\/www.europesays.com\/uk\/wp-json\/wp\/v2\/comments?post=572492"}],"version-history":[{"count":0,"href":"https:\/\/www.europesays.com\/uk\/wp-json\/wp\/v2\/posts\/572492\/revisions"}],"wp:featuredmedia":[{"embeddable":true,"href":"https:\/\/www.europesays.com\/uk\/wp-json\/wp\/v2\/media\/572493"}],"wp:attachment":[{"href":"https:\/\/www.europesays.com\/uk\/wp-json\/wp\/v2\/media?parent=572492"}],"wp:term":[{"taxonomy":"category","embeddable":true,"href":"https:\/\/www.europesays.com\/uk\/wp-json\/wp\/v2\/categories?post=572492"},{"taxonomy":"post_tag","embeddable":true,"href":"https:\/\/www.europesays.com\/uk\/wp-json\/wp\/v2\/tags?post=572492"}],"curies":[{"name":"wp","href":"https:\/\/api.w.org\/{rel}","templated":true}]}}