{"id":575507,"date":"2025-11-17T05:04:15","date_gmt":"2025-11-17T05:04:15","guid":{"rendered":"https:\/\/www.europesays.com\/uk\/575507\/"},"modified":"2025-11-17T05:04:15","modified_gmt":"2025-11-17T05:04:15","slug":"germany-vs-slovakia-lineups-team-news-injuries-how-to-watch-and-more","status":"publish","type":"post","link":"https:\/\/www.europesays.com\/uk\/575507\/","title":{"rendered":"Germany vs. Slovakia: Lineups, team news, injuries, how to watch and more!"},"content":{"rendered":"<p class=\"duet--article--dangerously-set-cms-markup duet--article--standard-paragraph _1nfb3k4i _16w9vov1 _16w9vov0 ls9zuh1\"><strong>Location:<\/strong> Red Bull Arena, Leipzig, Germany<\/p>\n<p class=\"duet--article--dangerously-set-cms-markup duet--article--standard-paragraph _1nfb3k4i _16w9vov1 _16w9vov0 ls9zuh1\"><strong>Date: <\/strong>Monday, November 17th, 2025<\/p>\n<p class=\"duet--article--dangerously-set-cms-markup duet--article--standard-paragraph _1nfb3k4i _16w9vov1 _16w9vov0 ls9zuh1\"><strong>Time:<\/strong> 9:00pm local time (2:45pm EST)<\/p>\n<p class=\"duet--article--dangerously-set-cms-markup duet--article--standard-paragraph _1nfb3k4i _16w9vov1 _16w9vov0 ls9zuh1\">After a sluggish first half against Luxembourg on Friday, Germany turned it up a couple notches and got a key win behind Nick Woltemade\u2019s first international brace. Germany and Slovakia are tied atop UEFA\u2019s Group A in FIFA World Cup Qualifying but Germany holds the crucial tiebreaker on goal differential.<\/p>\n<p class=\"duet--article--dangerously-set-cms-markup duet--article--standard-paragraph _1nfb3k4i _16w9vov1 _16w9vov0 ls9zuh1\">This means that a win or draw will punch Germany\u2019s ticket to the FIFA World Cup next summer. A loss would award the automatic bid to Slovakia and Germany would have to fight through the two knockout rounds in a playoff format.<\/p>\n<p class=\"duet--article--dangerously-set-cms-markup duet--article--standard-paragraph _1nfb3k4i _16w9vov1 _16w9vov0 ls9zuh1\">Until this year, Germany had defeated Slovakia in all three competitive matches. In September, Slovakia shocked Germany with a 2-0 result.<\/p>\n<p class=\"duet--article--dangerously-set-cms-markup duet--article--standard-paragraph _1nfb3k4i _16w9vov1 _16w9vov0 ls9zuh1\">Slovakia has held clean sheet in all four wins throughout the qualifying round. Slovakia\u2019s lone 2-0 loss came at the hands of Northern Ireland.<\/p>\n<p class=\"duet--article--dangerously-set-cms-markup duet--article--standard-paragraph _1nfb3k4i _16w9vov1 _16w9vov0 ls9zuh1\">Unless his ankle is no longer attached to his body, Joshua Kimmich will return to the lineup to replace Ridle Baku. Waldemar Anton was decent in Nico Schlotterbeck\u2019s absence and Anton should start again next to temporary captain Jonathan Tah. The rest of the starting lineup will likely remained unchanged from the Luxembourg match.<\/p>\n<p class=\"duet--article--dangerously-set-cms-markup duet--article--standard-paragraph _1nfb3k4i _16w9vov1 _16w9vov0 ls9zuh1\">Felix Nmecha played well as a Leon Goretzka replacement in the second half. After serving a one-game yellow card accumulation suspension, Karim Adeyemi will also return to the game day lineup and be a burst of energy. The rest of the substitutes will be dependent on the flow and result of the match.<\/p>\n<p class=\"duet--article--dangerously-set-cms-markup duet--article--standard-paragraph _1nfb3k4i _16w9vov1 _16w9vov0 ls9zuh1\">19-year old Said El Mala was pushed down to the U-21 squad but supposedly that was the plan all along. This doesn\u2019t feel like a match that Julian Nagelsmann will be relying on less experienced players.<\/p>\n<p class=\"duet--article--dangerously-set-cms-markup duet--article--standard-paragraph _1nfb3k4i _16w9vov1 _16w9vov0 ls9zuh1\">Slovakia\u2019s manager, Italian Francesco Calzona, has shown different formations throughout qualifying but favors the 4-3-3 setup. Captain Milan \u0160kriniar, midfielder Mat\u00fa\u0161 Bero, and goalkeeper Martin D\u00fabravka have played every minute of qualifying. With a heavy emphasis on defense, no Slovakian player has scored more than one goal.<\/p>\n<p class=\"duet--article--dangerously-set-cms-markup duet--article--standard-paragraph _1nfb3k4i _16w9vov1 _16w9vov0 ls9zuh1\">Check out the latest episode of Bavarian Podcast Works on <a href=\"https:\/\/open.spotify.com\/show\/65UGSMyfucqVIjiamQZPld?si=73a33f76a4c74a32\" target=\"_blank\" rel=\"noopener\">Spotify<\/a>!<\/p>\n","protected":false},"excerpt":{"rendered":"Location: Red Bull Arena, Leipzig, Germany Date: Monday, November 17th, 2025 Time: 9:00pm local time (2:45pm EST) After&hellip;\n","protected":false},"author":2,"featured_media":575508,"comment_status":"","ping_status":"","sticky":false,"template":"","format":"standard","meta":{"footnotes":""},"categories":[5310],"tags":[31808,2000,299,129072,1824],"class_list":{"0":"post-575507","1":"post","2":"type-post","3":"status-publish","4":"format-standard","5":"has-post-thumbnail","7":"category-germany","8":"tag-bayern-munich-injuries","9":"tag-eu","10":"tag-europe","11":"tag-german-national-team-and-international-soccer","12":"tag-germany"},"share_on_mastodon":{"url":"https:\/\/pubeurope.com\/@uk\/115563296405550126","error":""},"_links":{"self":[{"href":"https:\/\/www.europesays.com\/uk\/wp-json\/wp\/v2\/posts\/575507","targetHints":{"allow":["GET"]}}],"collection":[{"href":"https:\/\/www.europesays.com\/uk\/wp-json\/wp\/v2\/posts"}],"about":[{"href":"https:\/\/www.europesays.com\/uk\/wp-json\/wp\/v2\/types\/post"}],"author":[{"embeddable":true,"href":"https:\/\/www.europesays.com\/uk\/wp-json\/wp\/v2\/users\/2"}],"replies":[{"embeddable":true,"href":"https:\/\/www.europesays.com\/uk\/wp-json\/wp\/v2\/comments?post=575507"}],"version-history":[{"count":0,"href":"https:\/\/www.europesays.com\/uk\/wp-json\/wp\/v2\/posts\/575507\/revisions"}],"wp:featuredmedia":[{"embeddable":true,"href":"https:\/\/www.europesays.com\/uk\/wp-json\/wp\/v2\/media\/575508"}],"wp:attachment":[{"href":"https:\/\/www.europesays.com\/uk\/wp-json\/wp\/v2\/media?parent=575507"}],"wp:term":[{"taxonomy":"category","embeddable":true,"href":"https:\/\/www.europesays.com\/uk\/wp-json\/wp\/v2\/categories?post=575507"},{"taxonomy":"post_tag","embeddable":true,"href":"https:\/\/www.europesays.com\/uk\/wp-json\/wp\/v2\/tags?post=575507"}],"curies":[{"name":"wp","href":"https:\/\/api.w.org\/{rel}","templated":true}]}}