{"id":578121,"date":"2025-11-18T11:05:20","date_gmt":"2025-11-18T11:05:20","guid":{"rendered":"https:\/\/www.europesays.com\/uk\/578121\/"},"modified":"2025-11-18T11:05:20","modified_gmt":"2025-11-18T11:05:20","slug":"poland-says-everything-indicates-russia-was-behind-rail-sabotage-incidents-europe-live-poland","status":"publish","type":"post","link":"https:\/\/www.europesays.com\/uk\/578121\/","title":{"rendered":"Poland says \u2018everything indicates\u2019 Russia was behind rail sabotage incidents \u2013 Europe live | Poland"},"content":{"rendered":"<p>&#8216;Everything indicates&#8217; Russian intelligence commissioned rail sabotage incidents in Poland, government spokesperson says<\/p>\n<p class=\"dcr-130mj7b\">In a further confirmation of the inquiry lines in <strong>Poland<\/strong>, the Polish security services minister\u2019s spokesperson <strong>Jacek Dobrzy\u0144ski <\/strong>has just confirmed that <strong>\u201ceverything indicates\u201d that Russian intelligence services were behind the rail sabotage incidents in Poland over the weekend.<\/strong><\/p>\n<p class=\"dcr-130mj7b\">\u201cThe fact is that everything indicates that this &#8230; we can already confidently call it a terrorist attack, was <strong>initiated by special services from the East,<\/strong>\u201d he later added.<\/p>\n<p><img decoding=\"async\" alt=\"Special forces and police investigate at the scene of a destroyed section of railway tracks on the Deblin-Warsaw route near the Mika railway station, central Poland.\" src=\"https:\/\/www.europesays.com\/uk\/wp-content\/uploads\/2025\/11\/2848.jpg\" width=\"465\" height=\"371.934691011236\" loading=\"lazy\" class=\"dcr-evn1e9\"\/>Special forces and police investigate at the scene of a destroyed section of railway tracks on the Deblin-Warsaw route near the Mika railway station, central Poland. Photograph: Wojtek Jargi\u0142o\/EPA<\/p>\n<p class=\"dcr-130mj7b\">But he insisted that the investigation into the two incidents needed to be kept confidential at this stage to ensure it can be effective.<\/p>\n<p class=\"dcr-130mj7b\">\u201cI cannot say what stage the officers are [at] or [what they are] currently working on and what threads they are connecting or what threads they are analysing. <strong>The Russian services would very much want to have this information<\/strong>: where our officers are or in which direction they are heading,\u201d he said.<\/p>\n<p><a href=\"mailto:?subject=Poland says \u2018everything indicates\u2019 Russia was behind rail sabotage incidents \u2013 Europe live&amp;body=https:\/\/www.theguardian.com\/world\/live\/2025\/nov\/18\/poland-russia-ukraine-rail-sabotage-incidents-zelenskyy-macron-merz-starmer-europe-live-news?CMP=share_btn_url&amp;page=with%3Ablock-691c413f8f08e6fa208d88ea#block-691c413f8f08e6fa208d88ea\" type=\"button\" class=\"dcr-1mulgdf\">Share<\/a><\/p>\n<p>Key events<\/p>\n<p>Show key events only<\/p>\n<p>Please turn on JavaScript to use this feature<\/p>\n<p>Polish PM to address parliament on rail sabotage incidents<img decoding=\"async\" src=\"https:\/\/www.europesays.com\/uk\/wp-content\/uploads\/2025\/11\/1763463920_131_Jakub_Krupa.png\" alt=\"Jakub Krupa\" class=\"dcr-lysqes\"\/>Jakub Krupa<\/p>\n<p class=\"dcr-130mj7b\">Heads up: <strong>Poland\u2019s prime minister Donald Tusk will address the Polish parliament around 1pm local time (midday UK)<\/strong> to give lawmakers an update on the latest on the rail sabotage incidents over the weekend.<\/p>\n<p class=\"dcr-130mj7b\">I will bring you all the key lines here.<\/p>\n<p><a href=\"mailto:?subject=Poland says \u2018everything indicates\u2019 Russia was behind rail sabotage incidents \u2013 Europe live&amp;body=https:\/\/www.theguardian.com\/world\/live\/2025\/nov\/18\/poland-russia-ukraine-rail-sabotage-incidents-zelenskyy-macron-merz-starmer-europe-live-news?CMP=share_btn_url&amp;page=with%3Ablock-691c4b928f08d34a5ebe3b25#block-691c4b928f08d34a5ebe3b25\" type=\"button\" class=\"dcr-1mulgdf\">Share<\/a>Ireland&#8217;s longstanding finance minister Donohoe steps down to join World Bank<img decoding=\"async\" src=\"https:\/\/www.europesays.com\/uk\/wp-content\/uploads\/2025\/11\/1763463920_174_Lisa-OCarroll-byline-004.jpg\" alt=\"Lisa O\u2019Carroll\" class=\"dcr-lysqes\"\/>Lisa O\u2019Carroll<\/p>\n<p class=\"dcr-130mj7b\"><strong>Ireland\u2019s longstanding finance minister Paschal Donohoe is to step down to join the World Bank.<\/strong><\/p>\n<p>Eurogroup President Paschal Donohoe attends an EU Economic and Financial Affairs Council (ECOFIN) meeting in Brussels, Belgium. Photograph: Olivier Matthys\/EPA<\/p>\n<p class=\"dcr-130mj7b\">Donohoe, who <strong>has been in finance or public expenditure departments for the past 10 years<\/strong>, will also step down from his job as head of the Eurogroup, the alliance of member states who use the euro currency.<\/p>\n<p class=\"dcr-130mj7b\">The Irish cabinet was given the surprise news on Tuesday and was told <strong>that the appointment of Donohoe as the managing director of World Bank, the second most important job in the institution, had been approved<\/strong> on Monday night.<\/p>\n<p class=\"dcr-130mj7b\"><strong>Donohoe has been a stalwart of Irish politics during Brexit years<\/strong>, Covid and beyond and his steady hand made him seem as a potential frontrunner for taoiseach.<\/p>\n<p class=\"dcr-130mj7b\">But he lost out on a key opportunity last March 2024 when the leadership of his Fine Gael came up with <strong>Simon Harris<\/strong> quickly amassing enough support within the party to take over following the resignation of the former taoiseach <strong>Leo Varadkar.<\/strong><\/p>\n<p class=\"dcr-130mj7b\"><strong>He has been tipped for international jobs,<\/strong> including the head of the International Monetary Fund, <strong>ever since.<\/strong> However, he has always professed loyalty to his position in the Irish cabinet or missed out to other candidates.<\/p>\n<p class=\"dcr-130mj7b\"><strong>His resignation could trigger a cabinet reshuffle<\/strong> but it will also prompt what is likely a hard byelection in Dublin central, a constituency shared in the multi seat system by Sinn F\u00e9in leader <strong>Mary Lou McDonald<\/strong> and in which <strong>Gary Hutch<\/strong> who had links with the Hutch criminal gang also ran in November general election.<\/p>\n<p class=\"dcr-130mj7b\"><strong>Donohoe\u2019s departure is a significant blow to the Fine Gael and Fianna F\u00e1il partnership<\/strong> and to the EU as <strong>one of the longest serving ministers attending EU summits.<\/strong><\/p>\n<p class=\"dcr-130mj7b\">He <strong>played a significant role in protecting Ireland\u2019s economic strategy<\/strong> in relation to foreign investment and corporate tax when under serious international attacks from the likes of France and a court case, which Ireland ultimately won, over the Apple\u2019s corporate tax.<\/p>\n<p><a href=\"mailto:?subject=Poland says \u2018everything indicates\u2019 Russia was behind rail sabotage incidents \u2013 Europe live&amp;body=https:\/\/www.theguardian.com\/world\/live\/2025\/nov\/18\/poland-russia-ukraine-rail-sabotage-incidents-zelenskyy-macron-merz-starmer-europe-live-news?CMP=share_btn_url&amp;page=with%3Ablock-691c4ee88f088fdc2a3602e8#block-691c4ee88f088fdc2a3602e8\" type=\"button\" class=\"dcr-1mulgdf\">Share<\/a><\/p>\n<p>Updated at\u00a006.04 EST<\/p>\n<p>Zelenskyy visits Spain before flying to Turkey to &#8216;reinvigorate&#8217; peace talks<\/p>\n<p class=\"dcr-130mj7b\">Ahead of his talks in Spain today, <strong>the Ukrainian president, Volodymyr Zelenskyy, said he was hoping that after talks with the Spanish prime minister, Pedro S\u00e1nchez, \u201canother strong country will increase its support\u201d for <a href=\"https:\/\/www.theguardian.com\/world\/ukraine\" data-link-name=\"in body link\" data-component=\"auto-linked-tag\" target=\"_blank\" rel=\"noopener\">Ukraine<\/a>,<\/strong> \u201chelping us protect lives and bring the end of the war closer.\u201d<\/p>\n<p class=\"dcr-130mj7b\">He also <strong>confirmed that he would go to Turkey<\/strong> on Wednesday <strong>and try to \u201creinvigorate negotiations\u201d<\/strong> over a potential peace deal ending the war as \u201cwe have developed solutions that we will propose to our partners.\u201d<\/p>\n<p class=\"dcr-130mj7b\">\u201c<strong>Doing everything possible to bring the end of the war closer is Ukraine\u2019s top priority.<\/strong> We are also working to restore POW exchanges and bring our prisoners of war home,\u201d he said.<\/p>\n<p class=\"dcr-130mj7b\">But Kremlin spokesperson Dmitry Peskov said that <strong>no Russian representatives would be involved in talks in Turkey,<\/strong> even as he insisted that Moscow was ready to negotiate.<\/p>\n<p class=\"dcr-130mj7b\">But Reuters reported that <strong>US special envoy Steve Witkoff is expected to come to Turkey and join the talks,<\/strong> according to a Turkish source.<\/p>\n<p><a href=\"mailto:?subject=Poland says \u2018everything indicates\u2019 Russia was behind rail sabotage incidents \u2013 Europe live&amp;body=https:\/\/www.theguardian.com\/world\/live\/2025\/nov\/18\/poland-russia-ukraine-rail-sabotage-incidents-zelenskyy-macron-merz-starmer-europe-live-news?CMP=share_btn_url&amp;page=with%3Ablock-691c48428f0869b1bd52f30a#block-691c48428f0869b1bd52f30a\" type=\"button\" class=\"dcr-1mulgdf\">Share<\/a>&#8216;Everything indicates&#8217; Russian intelligence commissioned rail sabotage incidents in Poland, government spokesperson says<\/p>\n<p class=\"dcr-130mj7b\">In a further confirmation of the inquiry lines in <strong>Poland<\/strong>, the Polish security services minister\u2019s spokesperson <strong>Jacek Dobrzy\u0144ski <\/strong>has just confirmed that <strong>\u201ceverything indicates\u201d that Russian intelligence services were behind the rail sabotage incidents in Poland over the weekend.<\/strong><\/p>\n<p class=\"dcr-130mj7b\">\u201cThe fact is that everything indicates that this &#8230; we can already confidently call it a terrorist attack, was <strong>initiated by special services from the East,<\/strong>\u201d he later added.<\/p>\n<p>Special forces and police investigate at the scene of a destroyed section of railway tracks on the Deblin-Warsaw route near the Mika railway station, central Poland. Photograph: Wojtek Jargi\u0142o\/EPA<\/p>\n<p class=\"dcr-130mj7b\">But he insisted that the investigation into the two incidents needed to be kept confidential at this stage to ensure it can be effective.<\/p>\n<p class=\"dcr-130mj7b\">\u201cI cannot say what stage the officers are [at] or [what they are] currently working on and what threads they are connecting or what threads they are analysing. <strong>The Russian services would very much want to have this information<\/strong>: where our officers are or in which direction they are heading,\u201d he said.<\/p>\n<p><a href=\"mailto:?subject=Poland says \u2018everything indicates\u2019 Russia was behind rail sabotage incidents \u2013 Europe live&amp;body=https:\/\/www.theguardian.com\/world\/live\/2025\/nov\/18\/poland-russia-ukraine-rail-sabotage-incidents-zelenskyy-macron-merz-starmer-europe-live-news?CMP=share_btn_url&amp;page=with%3Ablock-691c413f8f08e6fa208d88ea#block-691c413f8f08e6fa208d88ea\" type=\"button\" class=\"dcr-1mulgdf\">Share<\/a>Czechs join protests against incoming Babi\u0161 government as they mark anniversary of Velvet Revolution<\/p>\n<p class=\"dcr-130mj7b\">Similarly, <strong>Czechs also took to the streets to use the anniversary of the 1989 events to protest against controversial populist billionaire Andrej Babi\u0161, <\/strong>who is expected to lead the next government after last month\u2019s parliamentary elections.<\/p>\n<p class=\"dcr-130mj7b\">Large crowds flooded Prague\u2019s historic Old Town Square at a rally called <strong>\u201cCzechia is not for sale\u201d<\/strong>, carrying banners criticising Babi\u0161 and chanting \u201cThrow away Babi\u0161\u201d, an AFP journalist observed.<\/p>\n<p>People light their phones as they take part in a demonstration during commemorations to mark the 36th anniversary of the 1989 Velvet Revolution, at the Old Town square in Prague, Czech Republic. Photograph: Michal \u010c\u00ed\u017eek\/AFP\/Getty Images<\/p>\n<p class=\"dcr-130mj7b\">The billionaire\u2019s appointment as the next prime minister continues to be delayed amid his unresolved conflicts of interest, which the country\u2019s president, <strong>Petr Pavel,<\/strong> insists need to be addressed before he can take the top job.<\/p>\n<p class=\"dcr-130mj7b\">Joining<a href=\"https:\/\/www.lidovky.cz\/domov\/pochod-vaclavske-namesti-praha-17-listopad-svatek.A251117_150801_ln_domov_halu\" data-link-name=\"in body link\" target=\"_blank\" rel=\"noopener\"> the official commemorations earlier in the day<\/a>, Babi\u0161 was <a href=\"https:\/\/www.lidovky.cz\/domov\/oslavy-vyroci-17-listopadu-2025-protesty-i-projevy-online.A251117_075126_ln_domov_halu\" data-link-name=\"in body link\" target=\"_blank\" rel=\"noopener\">reportedly booed<\/a> by some in the corwd.<\/p>\n<p> Leader of the ANO (YES) movement and coalition candidate for prime minister Andrej Babi\u0161 leaves after lighting a candle at the memorial to students who were attacked by riot police in 1989 on Narodni Street, marking the 36th anniversary of the Velvet Revolution in Prague, Czech Republic. Photograph: Martin Div\u00ed\u0161ek\/EPA<\/p>\n<p class=\"dcr-130mj7b\">Later in the evening, some 100,000 people took part in an official commemorative concert at the Wenceslas Square in central Prague.<\/p>\n<p><a href=\"mailto:?subject=Poland says \u2018everything indicates\u2019 Russia was behind rail sabotage incidents \u2013 Europe live&amp;body=https:\/\/www.theguardian.com\/world\/live\/2025\/nov\/18\/poland-russia-ukraine-rail-sabotage-incidents-zelenskyy-macron-merz-starmer-europe-live-news?CMP=share_btn_url&amp;page=with%3Ablock-691c3dbb8f0889f9ada10038#block-691c3dbb8f0889f9ada10038\" type=\"button\" class=\"dcr-1mulgdf\">Share<\/a>Tens of thousands of Slovaks protest against Fico as they mark Velvet Revolution anniversary<\/p>\n<p class=\"dcr-130mj7b\">Last night, <strong>tens of thousands of Slovaks protested against the country\u2019s populist and pro-Russian prime minister Robert Fico<\/strong>, marking the 36th anniversary of the Velvet Revolution which had ended the communist rule in the country in 1989, but which his government has recently removed from the list of national holidays.<\/p>\n<p>A demonstrator holds a picture depicting Prime Minister Robert Fico being scared of chalk during a protest against the government of Slovakia&#8217;s nationalist prime minister Robert Fico in Bratislava, Slovakia. Photograph: Joe Klamar\/AFP\/Getty Images<\/p>\n<p class=\"dcr-130mj7b\">Despite torrential rain, protesters gathered across the country, including the capital, <strong>Bratislava<\/strong>, and the eastern city of <strong>Ko\u0161ice.<\/strong><\/p>\n<p class=\"dcr-130mj7b\"><strong>Fico remains a deeply divisive figure in Slovakia,<\/strong> which regular protests against his government and policies. <strong>Critics say he risks undermining the country\u2019s pro-western course since 1989,<\/strong> jeopardising its relations with the EU and Nato, as he insisted on keeping close relations with Russia \u2013 visiting Vladimir Putin in Moscow three times since the full-scale invasion of <a href=\"https:\/\/www.theguardian.com\/world\/ukraine\" data-link-name=\"in body link\" data-component=\"auto-linked-tag\" target=\"_blank\" rel=\"noopener\">Ukraine<\/a> in 2022 \u2013 and opposed further EU sanctions on Russia or aid for Ukraine.<\/p>\n<p>Crowd of around 20,000 people gather to voice their opposition to Slovakia&#8217;s current government, led by nationalist prime minister Robert Fico in Kosice, Slovakia. Photograph: Anadolu\/Getty Images<\/p>\n<p class=\"dcr-130mj7b\">Most recently, Fico angered many by telling students in the city of <strong>Poprad<\/strong> that they should go to fight for Ukraine if they don\u2019t agree with his pro-Russian views, AP noted.<\/p>\n<p class=\"dcr-130mj7b\">The next parliamentary election in the country should be held by 2027.<\/p>\n<p>A woman holds a banner during an anti-government protest marking the 36th anniversary of the 1989 Velvet Revolution in Bratislava, Slovakia. The banner reads: &#8220;I am standing here like my parents in 1989&#8221;. Photograph: Radovan Stoklasa\/Reuters<a href=\"mailto:?subject=Poland says \u2018everything indicates\u2019 Russia was behind rail sabotage incidents \u2013 Europe live&amp;body=https:\/\/www.theguardian.com\/world\/live\/2025\/nov\/18\/poland-russia-ukraine-rail-sabotage-incidents-zelenskyy-macron-merz-starmer-europe-live-news?CMP=share_btn_url&amp;page=with%3Ablock-691c3b8f8f08e883e5481f48#block-691c3b8f8f08e883e5481f48\" type=\"button\" class=\"dcr-1mulgdf\">Share<\/a>Morning opening: &#8216;All traces lead to Russia,&#8217; Poland says<img decoding=\"async\" src=\"https:\/\/www.europesays.com\/uk\/wp-content\/uploads\/2025\/11\/1763463920_131_Jakub_Krupa.png\" alt=\"Jakub Krupa\" class=\"dcr-lysqes\"\/>Jakub Krupa<\/p>\n<p class=\"dcr-130mj7b\"><strong>Poland\u2019s deputy prime minister and defence minister, W\u0142adys\u0142aw Kosiniak-Kamysz, said that looking at the rail sabotage incidents over the weekend in the broader context of hybrid threats facing European countries \u201call traces lead east, to Russia.\u201d<\/strong><\/p>\n<p>Special forces and police investigate at the scene of a destroyed section of railway tracks on the Deblin-Warsaw route near the Mika railway station, central Poland. Photograph: Wojtek Jargi\u0142o\/EPA<\/p>\n<p class=\"dcr-130mj7b\"><a href=\"https:\/\/www.youtube.com\/watch?app=desktop&amp;v=YyXhf6SSZ_4\" data-link-name=\"in body link\" target=\"_blank\" rel=\"noopener\">Speaking on Radio Zet this morning<\/a>, he also confirmed media reports that investigators were <strong>looking at a device was found near the blast site<\/strong> which they believe may have been intended to capture \u201cthe explosion or observe the site\u201d of the blast.<\/p>\n<p class=\"dcr-130mj7b\">Kosiniak-Kamysz said that <strong>Poland and Europe faced \u201ca state between war and peace,<\/strong> where we have attacks, acts of sabotage, disinformation on a gigantic scale on the internet, the destruction, or attempts at destruction, of critical infrastructure across the whole of Europe.\u201d<\/p>\n<p class=\"dcr-130mj7b\">On Monday night, <strong>public prosecutors in Poland said an investigation had opened \u201cregarding acts of sabotage of a terrorist nature<\/strong> [\u2026] committed on behalf of a foreign intelligence service against the Republic of Poland.\u201d<\/p>\n<p class=\"dcr-130mj7b\">This morning <strong>the Polish government will convene its national security committee to discuss the next steps<\/strong> in its response to the rail incidents.<\/p>\n<p class=\"dcr-130mj7b\">I will keep an eye on what comes out of it.<\/p>\n<p class=\"dcr-130mj7b\">Elsewhere<strong>, the French president, Emmanuel Macron, meets the German prime minister, Friedrich Merz for talks in Paris,<\/strong> where they will be later joined by the UK prime minister, <strong>Keir Starmer.<\/strong><\/p>\n<p class=\"dcr-130mj7b\">Meanwhile, <strong>Ukraine\u2019s president<\/strong> <strong>Volodymyr Zelenskyy is in Spain for talks with the country\u2019s prime minister, Pedro S\u00e1nchez, before going to Turkey on Wednesday<\/strong> in a bid to reinvigorate peace talks to end the Russian invasion of <a href=\"https:\/\/www.theguardian.com\/world\/ukraine\" data-link-name=\"in body link\" data-component=\"auto-linked-tag\" target=\"_blank\" rel=\"noopener\">Ukraine<\/a>.<\/p>\n<p class=\"dcr-130mj7b\">Separately, <strong>senior representatives of the EU candidate countries meet in Brussels at the EU Enlargement Forum<\/strong>, and <strong>Danes go to the polls in local elections,<\/strong> as the centre-left could lose control of Copenhagen for the first time in the city\u2019s electoral history.<\/p>\n<p class=\"dcr-130mj7b\"><strong>There is lots for us to cover.<\/strong> I will bring you all the latest updates here.<\/p>\n<p class=\"dcr-130mj7b\">It\u2019s <strong>Tuesday, 18 November 2025,<\/strong> it\u2019s <strong>Jakub Krupa<\/strong> here, and this is <strong>Europe Live.<\/strong><\/p>\n<p class=\"dcr-130mj7b\"><strong>Good morning.<\/strong><\/p>\n<p><a href=\"mailto:?subject=Poland says \u2018everything indicates\u2019 Russia was behind rail sabotage incidents \u2013 Europe live&amp;body=https:\/\/www.theguardian.com\/world\/live\/2025\/nov\/18\/poland-russia-ukraine-rail-sabotage-incidents-zelenskyy-macron-merz-starmer-europe-live-news?CMP=share_btn_url&amp;page=with%3Ablock-691c30f68f0889f9ada0ffe7#block-691c30f68f0889f9ada0ffe7\" type=\"button\" class=\"dcr-1mulgdf\">Share<\/a><\/p>\n<p>Updated at\u00a004.16 EST<\/p>\n","protected":false},"excerpt":{"rendered":"&#8216;Everything indicates&#8217; Russian intelligence commissioned rail sabotage incidents in Poland, government spokesperson says In a further confirmation of&hellip;\n","protected":false},"author":2,"featured_media":578122,"comment_status":"","ping_status":"","sticky":false,"template":"","format":"standard","meta":{"footnotes":""},"categories":[5],"tags":[12,26],"class_list":{"0":"post-578121","1":"post","2":"type-post","3":"status-publish","4":"format-standard","5":"has-post-thumbnail","7":"category-world","8":"tag-news","9":"tag-world"},"share_on_mastodon":{"url":"https:\/\/pubeurope.com\/@uk\/115570379085395467","error":""},"_links":{"self":[{"href":"https:\/\/www.europesays.com\/uk\/wp-json\/wp\/v2\/posts\/578121","targetHints":{"allow":["GET"]}}],"collection":[{"href":"https:\/\/www.europesays.com\/uk\/wp-json\/wp\/v2\/posts"}],"about":[{"href":"https:\/\/www.europesays.com\/uk\/wp-json\/wp\/v2\/types\/post"}],"author":[{"embeddable":true,"href":"https:\/\/www.europesays.com\/uk\/wp-json\/wp\/v2\/users\/2"}],"replies":[{"embeddable":true,"href":"https:\/\/www.europesays.com\/uk\/wp-json\/wp\/v2\/comments?post=578121"}],"version-history":[{"count":0,"href":"https:\/\/www.europesays.com\/uk\/wp-json\/wp\/v2\/posts\/578121\/revisions"}],"wp:featuredmedia":[{"embeddable":true,"href":"https:\/\/www.europesays.com\/uk\/wp-json\/wp\/v2\/media\/578122"}],"wp:attachment":[{"href":"https:\/\/www.europesays.com\/uk\/wp-json\/wp\/v2\/media?parent=578121"}],"wp:term":[{"taxonomy":"category","embeddable":true,"href":"https:\/\/www.europesays.com\/uk\/wp-json\/wp\/v2\/categories?post=578121"},{"taxonomy":"post_tag","embeddable":true,"href":"https:\/\/www.europesays.com\/uk\/wp-json\/wp\/v2\/tags?post=578121"}],"curies":[{"name":"wp","href":"https:\/\/api.w.org\/{rel}","templated":true}]}}