{"id":579471,"date":"2025-11-19T01:54:20","date_gmt":"2025-11-19T01:54:20","guid":{"rendered":"https:\/\/www.europesays.com\/uk\/579471\/"},"modified":"2025-11-19T01:54:20","modified_gmt":"2025-11-19T01:54:20","slug":"ionity-warns-high-power-charging-surges-in-germany-but-too-few-bevs-to-sustain-it","status":"publish","type":"post","link":"https:\/\/www.europesays.com\/uk\/579471\/","title":{"rendered":"IONITY warns: high-power charging surges in Germany, but too few BEVs to sustain it"},"content":{"rendered":"<p>Speaking during a ChargeUp Europe webinar, <strong>Meta Kessler<\/strong>, Director of Corporate Strategy at <a href=\"https:\/\/www.ionity.eu\/\" target=\"_blank\" rel=\"noopener\">IONITY<\/a> GmbH, outlined the sector\u2019s main trends.<\/p>\n<p>On the one hand, Kessler notes that<strong> IONITY\u2019s network is seeing rapidly accelerating demand for public high-power charging (HPC)<\/strong>, meaning above 150 kilowatts (kW).<\/p>\n<p>\u201cAccording to our data, in <strong>Germany <\/strong>by 2030 we expect 60% of charging to remain private. But of the remaining 40% that happens in public, <strong>more than 65% will be high-power<\/strong>,\u201d she explains.<\/p>\n<p>The same pattern is apparent in other large European markets with higher battery electric-vehicle (BEV) penetration.<\/p>\n<p>\u201cThat\u2019s why, for us,<strong> the key direction is public HPC, not only along motorways but increasingly within cities<\/strong>,\u201d she adds.<\/p>\n<p>However, Kessler acknowledges that <strong>the number of BEVs per charging point is still insufficient to guarantee the economic sustainability of <a href=\"https:\/\/mobilityportal.eu\/leading-cpos-ultra-rapid-charging-poland\/\" target=\"_blank\" rel=\"noreferrer noopener\">charge point operators (CPOs).<\/a><\/strong><\/p>\n<p>One of the key metrics IONITY tracks across the 24 markets where it operates is the ratio of electric cars to HPC devices.<\/p>\n<p>\u201cCurrently, <strong>in Germany there are 60 BEVs per high-power charging point. <\/strong>That figure is too low,\u201d Kessler says.<\/p>\n<p>She continues: \u201cTo maintain a healthy and sustainable business model for CPOs,<strong> we need to be around 100 \u2014 or even slightly higher in future<\/strong>.\u201d<\/p>\n<p>This indicates that the industry has built infrastructure ahead of fleet growth.<\/p>\n<p>\u201cIn 2024 we saw a sharp drop in that figure, which is now starting to recover as more electric vehicles reach the market in 2025. But<strong> it will still take a few years to get back to the 100 level<\/strong>,\u201d she comments.<\/p>\n<p>This shows that <strong>more BEVs are needed to sustain the market\u2019s current momentum with adequate infrastructure and to protect the capital already invested.<\/strong><\/p>\n<p>IONITY highlights that range anxiety is no longer an issue<\/p>\n<p>One of the metrics IONITY monitors relates to which countries customers come from and where they charge.<\/p>\n<p>\u201cIONITY remains a network primarily located on motorways or long-distance routes, and what we see, especially in the summer months, is <strong>a large proportion of drivers charging at our stations who come from other countries where they do not reside<\/strong>,\u201d says Kessler.<\/p>\n<p>For example,<strong> many drivers from the Nordic countries or the Netherlands charge in Germany, Austria or Italy.<\/strong><\/p>\n<p>This factor shows that<strong> travelling long distances in an electric vehicle is both possible and reliable.<\/strong><\/p>\n<p>\u201cWhen we speak with those drivers, they explain that<strong> range anxiety simply does not exist<\/strong>,\u201d the IONITY representative adds. In this regard, she acknowledges that \u201cit is a good time to buy a BEV because this is no longer a problem.\u201d<\/p>\n<p><img fetchpriority=\"high\" decoding=\"async\" width=\"915\" height=\"500\" src=\"https:\/\/www.europesays.com\/uk\/wp-content\/uploads\/2025\/11\/Ionity-Germany.webp.webp\" alt=\"Ionity Germany\" class=\"wp-image-86155\" style=\"width:810px;height:auto\"  \/>IONITY charging points<\/p>\n<p>READ MORE<\/p>\n<ul class=\"wp-block-post-template is-layout-flow wp-block-post-template-is-layout-flow\">\n<li class=\"wp-block-post post-115223 post type-post status-publish format-standard has-post-thumbnail hentry category-charge-infraestructure category-western-europe category-home tag-germany\">\n<p><a href=\"https:\/\/mobilityportal.eu\/ionity-high-power-charging-germany\/\" target=\"_self\" style=\"height:200px\" rel=\"noopener\"><img loading=\"lazy\" decoding=\"async\" width=\"900\" height=\"500\" src=\"https:\/\/www.europesays.com\/uk\/wp-content\/uploads\/2025\/11\/Meta-Kessler-Director-of-Corporate-Strategy-at-IONITY.jpg\" class=\"attachment-post-thumbnail size-post-thumbnail wp-post-image\" alt=\"IONITY warns: high-power charging surges in Germany, but too few BEVs to sustain it\" style=\"height:200px;object-fit:cover;\"  \/><\/a><\/p>\n<p class=\"wp-block-post-excerpt__excerpt\">High-power charging (HPC) infrastructure is expanding, but IONITY acknowledges that more EVs are needed to keep the business model sustainable: in Germany there are 60 per station, compared with the 100 required. <\/p>\n<\/li>\n<li class=\"wp-block-post post-115190 post type-post status-publish format-standard has-post-thumbnail hentry category-uncategorized category-mobility-portal-spain tag-spain\">\n<p><a href=\"https:\/\/mobilityportal.eu\/e-totem-cataluna-marina-port-recarga\/\" target=\"_self\" style=\"height:200px\" rel=\"noopener\"><img loading=\"lazy\" decoding=\"async\" width=\"900\" height=\"500\" src=\"https:\/\/www.europesays.com\/uk\/wp-content\/uploads\/2025\/11\/imagenes-notas-AILU-15.png\" class=\"attachment-post-thumbnail size-post-thumbnail wp-post-image\" alt=\"e-Totem suma un hito en Catalu\u00f1a: Marina Port Premi\u00e0 inaugura el mayor hub de recarga del Maresme\" style=\"height:200px;object-fit:cover;\"  \/><\/a><\/p>\n<p class=\"wp-block-post-excerpt__excerpt\">Con cargadores de hasta 150 kW y un dise\u00f1o adaptado al entorno portuario, Marina Port Premi\u00e0 estrenar\u00e1 el mayor parque de recarga del Maresme. Mobility Portal Espa\u00f1a asistir\u00e1 a la inauguraci\u00f3n in situ. <\/p>\n<\/li>\n<li class=\"wp-block-post post-115215 post type-post status-publish format-standard has-post-thumbnail hentry category-mobility-portal-spain tag-spain\">\n<p><a href=\"https:\/\/mobilityportal.eu\/ceees-cuestiona-ley-de-movilidad-sostenible\/\" target=\"_self\" style=\"height:200px\" rel=\"noopener\"><img loading=\"lazy\" decoding=\"async\" width=\"868\" height=\"509\" src=\"https:\/\/www.europesays.com\/uk\/wp-content\/uploads\/2025\/11\/Captura-de-pantalla-2025-11-18-a-las-12.15.17.png\" class=\"attachment-post-thumbnail size-post-thumbnail wp-post-image\" alt=\"CEEES cuestiona la Ley de Movilidad Sostenible: advierte impactos en pymes y falta de demanda en puntos obligatorios\" style=\"height:200px;object-fit:cover;\"  \/><\/a><\/p>\n<p class=\"wp-block-post-excerpt__excerpt\">La confederaci\u00f3n alerta de que la Ley de Movilidad Sostenible obliga a instalar cargadores en zonas sin demanda real, genera cargas desproporcionadas para pymes y convive con graves retrasos en el acceso a la red el\u00e9ctrica. <\/p>\n<\/li>\n<\/ul>\n","protected":false},"excerpt":{"rendered":"Speaking during a ChargeUp Europe webinar, Meta Kessler, Director of Corporate Strategy at IONITY GmbH, outlined the sector\u2019s&hellip;\n","protected":false},"author":2,"featured_media":579472,"comment_status":"","ping_status":"","sticky":false,"template":"","format":"standard","meta":{"footnotes":""},"categories":[5310],"tags":[2000,299,1824],"class_list":{"0":"post-579471","1":"post","2":"type-post","3":"status-publish","4":"format-standard","5":"has-post-thumbnail","7":"category-germany","8":"tag-eu","9":"tag-europe","10":"tag-germany"},"share_on_mastodon":{"url":"https:\/\/pubeurope.com\/@uk\/115573874798702025","error":""},"_links":{"self":[{"href":"https:\/\/www.europesays.com\/uk\/wp-json\/wp\/v2\/posts\/579471","targetHints":{"allow":["GET"]}}],"collection":[{"href":"https:\/\/www.europesays.com\/uk\/wp-json\/wp\/v2\/posts"}],"about":[{"href":"https:\/\/www.europesays.com\/uk\/wp-json\/wp\/v2\/types\/post"}],"author":[{"embeddable":true,"href":"https:\/\/www.europesays.com\/uk\/wp-json\/wp\/v2\/users\/2"}],"replies":[{"embeddable":true,"href":"https:\/\/www.europesays.com\/uk\/wp-json\/wp\/v2\/comments?post=579471"}],"version-history":[{"count":0,"href":"https:\/\/www.europesays.com\/uk\/wp-json\/wp\/v2\/posts\/579471\/revisions"}],"wp:featuredmedia":[{"embeddable":true,"href":"https:\/\/www.europesays.com\/uk\/wp-json\/wp\/v2\/media\/579472"}],"wp:attachment":[{"href":"https:\/\/www.europesays.com\/uk\/wp-json\/wp\/v2\/media?parent=579471"}],"wp:term":[{"taxonomy":"category","embeddable":true,"href":"https:\/\/www.europesays.com\/uk\/wp-json\/wp\/v2\/categories?post=579471"},{"taxonomy":"post_tag","embeddable":true,"href":"https:\/\/www.europesays.com\/uk\/wp-json\/wp\/v2\/tags?post=579471"}],"curies":[{"name":"wp","href":"https:\/\/api.w.org\/{rel}","templated":true}]}}