{"id":581187,"date":"2025-11-19T21:20:40","date_gmt":"2025-11-19T21:20:40","guid":{"rendered":"https:\/\/www.europesays.com\/uk\/581187\/"},"modified":"2025-11-19T21:20:40","modified_gmt":"2025-11-19T21:20:40","slug":"bannons-european-revolution-planned-with-farage-backed-by-epstein-byline-times","status":"publish","type":"post","link":"https:\/\/www.europesays.com\/uk\/581187\/","title":{"rendered":"Bannon\u2019s European Revolution \u2013 Planned with Farage, Backed by Epstein \u2013 Byline Times"},"content":{"rendered":"<p><strong>Support our mission to provide fearless stories about and outside the media system<\/strong><\/p>\n<p>Read our<\/p>\n<p><img loading=\"lazy\" decoding=\"async\" width=\"54\" height=\"40\" alt=\"\" class=\"wp-image-251751 lazyload\" style=\"width:44px;height:auto\" src=\"https:\/\/bylinetimes.com\/wp-content\/uploads\/2023\/05\/flyer_and_globe.svg\" data-eio-rwidth=\"54\" data-eio-rheight=\"40\"\/><\/p>\n<p>Digital \/ Print Editions<\/p>\n<p class=\"has-sell-gold-color has-text-color\">Packed with exclusive investigations, analysis, and features<\/p>\n<p class=\"has-drop-cap\">Anyone who\u2019s seen Alison Klayman\u2019s 2019 documentary The Brink will remember the scenes where Steve <a href=\"https:\/\/bylinetimes.com\/2024\/08\/15\/the-uks-race-riots-a-trial-run-for-another-us-insurrection\/\" target=\"_blank\" rel=\"noopener\">Bannon<\/a> and <a href=\"https:\/\/bylinetimes.com\/2024\/08\/15\/the-uks-race-riots-a-trial-run-for-another-us-insurrection\/\" target=\"_blank\" rel=\"noopener\">Nigel Farage<\/a> sit together discussing a pan-European nationalist populist \u201cMovement\u201d \u2013 with Bannon calling <a href=\"https:\/\/bylinetimes.com\/2024\/12\/06\/keir-starmer-considers-closing-elon-musk-donations-loophole-to-stop-foreign-interference-in-uk-elections\/\" target=\"_blank\" rel=\"noopener\">Farage<\/a> \u201cthe face\u201d of Brexit while they talk about stitching together far-right parties across the EU.  Bannon tells Farage that he\u2019ll \u201cfund it somehow\u201d.\u00a0<\/p>\n<p>What those scenes didn\u2019t show is that the Brussels vehicle Bannon was about to claim as his own \u2013 The Movement \u2013 had actually been created out of Farage\u2019s network and that, in the background, Jeffrey Epstein was quietly helping Bannon plan, protect, and track his \u201cEuropean revolution\u201d.\u00a0<\/p>\n<p>Farage is not just a cameo, he is \u2018Mr Brexit\u2019 \u2013 the most famous and successful of Bannon\u2019s prot\u00e9g\u00e9s apart from <a href=\"https:\/\/bylinetimes.com\/2024\/07\/24\/donald-trump-russia-forever-wars\/\" target=\"_blank\" rel=\"noopener\">Donald Trump<\/a>.\u00a0<\/p>\n<\/p>\n<p>And Farage was wired into the legal shell of The Movement through his partner, Laure Ferrari, from day one \u2013 with an opaque <a href=\"https:\/\/bylinetimes.com\/2024\/08\/14\/from-russia-with-riots-hostile-states-relentlessly-seeking-to-sow-division-leading-anti-corruption-figures-warn\/\" target=\"_blank\" rel=\"noopener\">dark money<\/a> funding structure suggested by Epstein.<\/p>\n<p><strong>Farage\u2019s Partner Builds the Brussels Shell<\/strong><\/p>\n<p class=\"has-drop-cap\">Before Bannon ever announced his European project, a Brussels foundation with the same name already existed \u2013 built by individuals in Farage\u2019s world.<\/p>\n<p>On 9 January 2017, according to the deed quoted by<a href=\"https:\/\/www.foiaresearch.net\/organization\/le-movement-movement\" target=\"_blank\" rel=\"noopener\"> FOIA Research<\/a>, a new foundation called Le Movement\/The Movement was founded in Belgium with the aim to unite \u201cpopulist and conservative movements in Europe\u201d, defending \u201cnational sovereignty\u201d, \u201ceffective national borders\u201d, the \u201cfight against radical Islam\u201d, and \u201cthe defence of <a href=\"https:\/\/bylinetimes.com\/2024\/08\/06\/uk-media-condemned-for-peddling-unverified-israeli-intelligence-which-helped-trigger-huge-aid-cuts-to-gaza\/\" target=\"_blank\" rel=\"noopener\">Israel<\/a> as a sovereign state on its historic land\u201d.\u00a0\u00a0\u00a0<\/p>\n<p>It was registered by the right-wing Belgian lawyer Mischa\u00ebl Modrikamen, his wife Yasmine Dehaene-Modrikamen, and Laure Ferrari, a prot\u00e9g\u00e9 and aide to the then UK MEP Nigel Farage, who was fresh from his success in leading the Leave.EU campaign during the 2016 EU Referendum.\u00a0<\/p>\n<p>Ferrari had worked for Farage\u2019s UKIP, and then ran the Institute for Direct Democracy in Europe \u2013 a Farage-linked think tank later accused (alongside the Alliance for Direct Democracy in Europe) of diverting EU funds into UKIP campaigning.<\/p>\n<p>Today, Ferrari is openly Farage\u2019s partner, so close to the <a href=\"https:\/\/bylinetimes.com\/2024\/08\/29\/reform-uk-repays-200k-to-side-lined-leader-days-after-nigel-farage-dethrones-him\/\" target=\"_blank\" rel=\"noopener\">Reform UK<\/a> Leader that <a href=\"https:\/\/www.theguardian.com\/politics\/2025\/sep\/06\/nigel-farage-admits-he-was-wrong-to-say-he-had-bought-house-in-clacton\" target=\"_blank\" rel=\"noopener\">the house he said he had bought<\/a> in his Clacton parliamentary constituency is actually owned by her.<\/p>\n<p><img loading=\"lazy\" decoding=\"async\" width=\"1308\" height=\"990\" alt=\"\" class=\"wp-image-251896 lazyload\" src=\"https:\/\/www.europesays.com\/uk\/wp-content\/uploads\/2025\/11\/Ferrari-Philips-1308x990.jpg\"  data- data-eio-rwidth=\"1308\" data-eio-rheight=\"990\"\/>Laure Ferrari (left) with Alex Phillips at the Leave.Eu Brexit Rally held at The Queen Elizabeth Conference Centre in December 2018. Photo: Alamy<\/p>\n<p>Modrikamen told FOIA Research that he had circulated a memo about The Movement to like-minded parties, but nothing much happened until Farage told him that his long-term friend and ally, <a href=\"https:\/\/bylinetimes.com\/2024\/08\/15\/the-uks-race-riots-a-trial-run-for-another-us-insurrection\/\" target=\"_blank\" rel=\"noopener\">Cambridge Analytica<\/a> co-founder and <a href=\"https:\/\/bylinetimes.com\/2024\/08\/15\/the-uks-race-riots-a-trial-run-for-another-us-insurrection\/\" target=\"_blank\" rel=\"noopener\">Breitbart<\/a> CEO, Steve Bannon, wanted to meet.<\/p>\n<p>Modrikamen recalls that at this lunch, \u201cit clicked\u201d; that he and Bannon \u201cabsolutely shared the same convictions\u201d, and that Bannon agreed to adopt the foundation as his Brussels hub.\u00a0\u00a0<\/p>\n<p>Modrikamen told <a href=\"https:\/\/www.reuters.com\/article\/us-eu-parliament-bannon\/belgian-lawyer-launches-trump-inspired-anti-eu-movement-idUSKBN1KE2BJ\/\" target=\"_blank\" rel=\"noopener\">Reuters<\/a> that the organisation would provide a pan-European \u201clink between the Movement started by President DJ <a href=\"https:\/\/bylinetimes.com\/2024\/08\/15\/the-uks-race-riots-a-trial-run-for-another-us-insurrection\/\" target=\"_blank\" rel=\"noopener\">Trump<\/a> in the USA and citizens and political movements in other countries, including the Brexit campaign\u201d.<\/p>\n<p>So by the time The Brink cameras caught Bannon and Farage talking about a European \u201cMovement\u201d, Farage\u2019s own circle had already built the corporate shell, and Farage himself had brokered the deal that handed it to Bannon.<\/p>\n<p>This is the structure into which Jeffrey Epstein walked.<\/p>\n<p><strong>\u2018Donors to My Revolution\u2019: Bannon Turns to Epstein<\/strong><\/p>\n<p class=\"has-drop-cap\">On 8 October 2017, a few weeks after Steve Bannon had left the White House as President Donald Trump\u2019s Chief of Staff, journalist Michael Wolff emailed Bannon asking: \u201cHow\u2019s it looking\u2026?\u201d From Connecticut, Bannon replied: <\/p>\n<blockquote class=\"wp-block-quote is-layout-flow wp-block-quote-is-layout-flow\">\n<p>\u201cI\u2019m in CT with donors to my revolution now all day\u2026 can we meet tomorrow?\u201d<\/p>\n<\/blockquote>\n<p>Wolff proposed a meeting with the disgraced sex offender and financier Jeffrey Epstein \u2013 \u201cJE leaves for Paris tomorrow at 9:30 a.m. Could meet before or tonight\u201d.<\/p>\n<p>Over the next year, as <a href=\"https:\/\/bylinetimes.com\/2025\/11\/14\/steve-bannon-offered-trumps-maga-as-shield-for-jeffrey-epstein\/\" target=\"_blank\" rel=\"noopener\">Byline Times<\/a> has reported in these pages, those contacts deepened.\u00a0<\/p>\n<p>Epstein became a patron, fixer, and informal strategist; while Bannon pitched the Trump-\u2018MAGA\u2019 machine as something that could shield Epstein politically if he backed the cause.<\/p>\n<p><a class=\"wp-block-fabrica-article-preview-image__link\" href=\"https:\/\/bylinetimes.com\/2025\/11\/17\/jeffrey-epstein-had-access-to-trumps-inner-circle-while-working-with-steve-bannon\/\" target=\"_blank\" rel=\"noopener\"><img loading=\"lazy\" decoding=\"async\" class=\"wp-block-fabrica-article-preview-image__image lazyload\" width=\"1600\" height=\"1007\" src=\"https:\/\/www.europesays.com\/uk\/wp-content\/uploads\/2025\/11\/WhatsApp-Image-2025-11-17-at-15.04.25.jpeg\"  data-eio-rwidth=\"1600\" data-eio-rheight=\"1007\"\/><\/a><\/p>\n<p>EXCLUSIVE<\/p>\n<p class=\"wp-block-fabrica-article-preview-lede\">Emails and text messages reveal Jeffrey Epstein had a direct line into Donald Trump\u2019s inner circle while Bannon worked to rehabilitate him in the hours before his arrest<\/p>\n<p>Nafeez Ahmed<\/p>\n<p>By June 2018, the released text messages show that Epstein offered Bannon accommodation on his island and Palm Beach house \u201canytime\u201d he needed privacy, arranged dinners for him in Paris, and proposed to fly him on to Italy.\u00a0<\/p>\n<p>Epstein commented on Bannon\u2019s TV appearances, sent him clippings about \u201cBannonism\u201d, and joked with lines like \u201cthe power of Christ compels u\u201d, while urging him to \u201ccontinue tomorrow \u2013 focus on Miller ;)\u201d \u2013 almost certainly a reference to Trump aide Stephen Miller and the <a href=\"https:\/\/bylinetimes.com\/2024\/09\/12\/time-to-think-outside-the-box-keir-starmer-open-a-cross-channel-safe-route-for-asylum-seekers\/\" target=\"_blank\" rel=\"noopener\">immigration<\/a> agenda.<\/p>\n<p>In other words, as Farage\u2019s partners built the Brussels foundation and Farage introduced Bannon to Modrikamen, Epstein was already acting as Bannon\u2019s host, cheerleader, and fixer.<\/p>\n<p><strong>Rome with Salvini: \u201cAhhh, the Power of Dark\u201d<\/strong><\/p>\n<p class=\"has-drop-cap\">The messages around 7-9 September 2018 reveal that Bannon was then in Rome, where he was courting Italy\u2019s far-right interior minister Matteo Salvini.\u00a0<\/p>\n<p>According to <a href=\"https:\/\/www.nytimes.com\/2018\/09\/07\/world\/europe\/italy-steve-bannon-matteo-salvini.html\" target=\"_blank\" rel=\"noopener\">contemporaneous reports<\/a>, Bannon met Salvini at this time, with Salvini later pledging support for Bannon\u2019s Brussels project, and Bannon saying that he wanted to help populists win enough seats to \u201cblow up\u201d the EU from within. Epstein\u2019s texts mirrored that timeline.\u00a0<\/p>\n<p>On 7 September, he noted that Bannon was in \u201cRome thru Sunday\u201d, praised his \u201cgreat work\u201d.\u00a0<\/p>\n<p>Bannon replied that he could \u201cfeel this turning now\u201d.\u00a0<\/p>\n<p>Epstein joked: \u201cHopefully you are sitting on Salvini\u2019s lap.\u201d\u00a0<\/p>\n<p>Bannon replied: \u201cVice versa.\u201d\u00a0<\/p>\n<p>Epstein responded \u201clol\u201d, then adding a telling line: \u201cBut he is unaware\u2026 Ahhh the power of dark.\u201d<\/p>\n<p>The next night, Epstein raised the stakes: \u201cIf you guys want to come to Paris I\u2019ll send plane.\u201d<\/p>\n<p>He asked when Bannon was heading back to the US. Bannon explained that his plans had changed repeatedly \u2013 \u201cso many interesting things\u201d \u2013 and that he was \u201cin meetings in Rome right now\u201d, before sketching out a likely return via New York.<\/p>\n<p>On 8 September 2018, Epstein sent one of the key messages in the entire cache: <\/p>\n<blockquote class=\"wp-block-quote is-layout-flow wp-block-quote-is-layout-flow\">\n<p>\u201cAs you move into more institutional international arrangements, the tension between 501 c4 opaque, and FARA transparency needs bright light focus. No stepping on your dick allowed.\u201d<\/p>\n<\/blockquote>\n<p>He was referring to 501(c)(4) \u201csocial welfare\u201d organisations \u2013 the US non-profit status used by many \u2018dark money\u2019 political groups \u2013 and the Foreign Agents Registration Act (FARA). His advice? That these vehicles were \u201copaque\u201d but sensitive; and that Bannon had to be \u201csurgically pure\u201d on registrations and disclosures.<\/p>\n<p>A follow-up by Epstein suggested that Bannon should keep his own name clear by having \u201csomeone on your behalf request FARA opinions\u201d from the US Justice Department.<\/p>\n<p>The next day, Epstein referenced George Soros (by his birth name, Gy\u00f6rgy Schwartz) \u2013 saying that he <\/p>\n<blockquote class=\"wp-block-quote is-layout-flow wp-block-quote-is-layout-flow\">\n<p>\u201c[Soros] was careful not to register under FARA\u2026 NGOs were carefully structured. My reading is that you can form a <a href=\"https:\/\/bylinetimes.com\/2024\/10\/21\/telegraph-misled-readers-on-climate-change-impact-rules-press-watchdog-in-rare-slap-down\/\" target=\"_blank\" rel=\"noopener\">media<\/a> co and make that the umbrella exemption\u2026 The media co has lots of advantages. Source privilege etc.\u201d.<\/p>\n<\/blockquote>\n<p>In two texts, he sketched a structure:<\/p>\n<ul class=\"wp-block-list\">\n<li>use 501(c)(4) and NGO entities as \u201copaque\u201d funding and organising vehicles;<\/li>\n<li>front them with a media company that can claim journalistic status and \u201csource privilege\u201d, providing arguments against FARA registration and extra insulation.<\/li>\n<\/ul>\n<p>The structure Bannon was trying to weld together is mapped neatly in the FOIA Research profile of The Movement: through Nigel Farage, he was connected to the Europe of Freedom and Direct Democracy (EFDD) group in the European <a href=\"https:\/\/bylinetimes.com\/2024\/08\/01\/conservatives-risk-another-chris-pincher-style-sleaze-scandal-over-claims-new-tory-mp-is-serial-groper-and-bully\/\" target=\"_blank\" rel=\"noopener\">Parliament<\/a> (UKIP, AfD, Five Star, etc); through Matteo Salvini, he had a line into the rival Europe of Nations and Freedom (ENF) group (Lega, Marine Le Pen\u2019s Rassemblement National, Austria\u2019s FP\u00d6).<\/p>\n<p>Raheem Kassam, Farage\u2019s aide at the time and Bannon\u2019s Breitbart London editor, told <a href=\"https:\/\/www.reuters.com\/article\/us-eu-parliament-bannon\/former-trump-aide-bannon-sets-up-group-to-undermine-eu-idUSKBN1KD20J\/\" target=\"_blank\" rel=\"noopener\">Reuters<\/a> that The Movement would be a Brussels <a href=\"https:\/\/www.reuters.com\/world\/former-trump-aide-bannon-sets-up-group-to-undermine-eu-idUSKBN1KD20J\" target=\"_blank\" rel=\"noopener\">\u201cclearing house\u201d<\/a> providing polling and analytics to these parties.\u00a0<\/p>\n<p>FOIA Research notes that Bannon\u2019s US-based DHI network also links into Christian-right circles via the European Christian Political Movement.<\/p>\n<p>In this configuration, Farage and his entourage were not bit parts. Laure Ferrari and the Modrikamens created the foundation. Farage brokered the London lunch that put it in Bannon\u2019s hands. Farage\u2019s EFDD base was one of the two main parliamentary blocs Bannon needed. Salvini was the other. Epstein was the background architect and fixer<\/p>\n<p><strong>Spreading Brexit Turmoil<\/strong><\/p>\n<p class=\"has-drop-cap\">Apart from financial advice and providing introductions, Jeffrey Epstein also acted as Steve Bannon\u2019s real-time audience as he worked in other parts of Europe.<\/p>\n<p>On 9 December 2018, as Belgium\u2019s Coalition Government under Prime Minister Charles Michel collapsed over the UN Marrakesh migration pact, Bannon texted: <\/p>\n<blockquote class=\"wp-block-quote is-layout-flow wp-block-quote-is-layout-flow\">\n<p>\u201cThe Belgium govt fell 5 hours after my speech \u2013 spent all day with the Flemish nationalist \u2013 and had the Walloon populists\/nationalist meet them for first time in my hotel suite.\u201d<\/p>\n<\/blockquote>\n<p>In reality, Michel\u2019s Government fell when the Flemish nationalist party N-VA walked out over the pact, but Bannon appeared to frame the crisis as confirmation of his power \u2013 claiming to have spent the day bringing Flemish nationalists and Walloon populists together in his Brussels suite.<\/p>\n<p>Just after midnight on 10 December, he sent Epstein a one-line snapshot of the continent:<\/p>\n<blockquote class=\"wp-block-quote is-layout-flow wp-block-quote-is-layout-flow\">\n<p> \u201cBrexit; macron grovel tonight on national tv re \u2018gilets jaunes\u2019; Marrakech starts.\u201d<\/p>\n<\/blockquote>\n<p>For Bannon, Brexit turmoil in the UK, French President Emmanuel Macron\u2019s grovelling televised address to the gilets jaunes protestors, and the Marrakesh migration row were all facets of a single populist wave he believed he could harness.\u00a0<\/p>\n<p>He then widened the claim:<\/p>\n<blockquote class=\"wp-block-quote is-layout-flow wp-block-quote-is-layout-flow\">\n<p> \u201cThe right now has the working <a href=\"https:\/\/bylinetimes.com\/2024\/09\/10\/back-of-the-class-how-theatre-has-become-a-game-of-youth-and-privilege\/\" target=\"_blank\" rel=\"noopener\">class<\/a> behind them on immigration \u2013 macron collapsed tonight, merkle dead \u2013 we win 60% of euro parliament next spring \u2013 Salvini calls election the following week \u2013 done done and done\u2026 we can run the tables here.\u201d<\/p>\n<\/blockquote>\n<p>In his own head, Bannon was on the brink of a far-right landslide in the 2019 European <a href=\"https:\/\/bylinetimes.com\/2024\/09\/10\/scrap-callous-photo-id-scheme-campaigners-demand-as-report-reveals-scale-of-voter-suppression\/\" target=\"_blank\" rel=\"noopener\">elections<\/a>, which would follow on from the tumultuous decision of the UK to leave the European Union.<\/p>\n<p><strong>Bringing Down the House with Farage and Johnson<\/strong><\/p>\n<p class=\"has-drop-cap\">This European operation intersected most sharply with British and American politics in November 2018.<\/p>\n<p>Publicly, Bannon was on a short UK tour \u2013 captured in <a href=\"https:\/\/www.youtube.com\/watch?v=UPKTl9VQ6Ww\" target=\"_blank\" rel=\"noopener\">The Brink<\/a> \u2013 speaking at NewsXchange in Edinburgh and at the Oxford Union, where protests delayed his speech and demonstrators pelted his supporters outside.<\/p>\n<p>Privately, he told Jeffrey Epstein he had been pulled into attempts to unseat the then UK Prime Minister Theresa May: <\/p>\n<blockquote class=\"wp-block-quote is-layout-flow wp-block-quote-is-layout-flow\">\n<p>\u201cI\u2019ve gotten pulled into the Brexit thing this morning with Nigel, Boris and Rees Mogg\u2026 the guys are trying to move on, may today\/tomorrow.\u201d<\/p>\n<\/blockquote>\n<p><a href=\"https:\/\/bylinetimes.com\/2024\/12\/06\/keir-starmer-considers-closing-elon-musk-donations-loophole-to-stop-foreign-interference-in-uk-elections\/\" target=\"_blank\" rel=\"noopener\">Reform<\/a> UK denied that Farage attended any such joint summit.<\/p>\n<p>But Bannon had his individual channels to then Foreign Secretary <a href=\"https:\/\/www.theguardian.com\/us-news\/2019\/jun\/22\/video-reveals-steve-bannon-links-to-boris-johnson\" target=\"_blank\" rel=\"noopener\">Boris Johnson<\/a> and<a href=\"https:\/\/www.theguardian.com\/politics\/2017\/dec\/01\/jacob-rees-mogg-held-meeting-with-steve-bannon-in-london\" target=\"_blank\" rel=\"noopener\"> Jacob Rees-Mogg<\/a>, as well as Farage. Bannon\u2019s Brexit plotting was part of the \u2018revolution\u2019 Epstein was backing. Epstein told Bannon to stay in the UK as long as possible. Bannon replied that the country was in a \u201chot mess\u201d.\u00a0<\/p>\n<p>When protests in Oxford delayed his departure and Bannon complained that he could miss his flight, Epstein responded like a travel agent \u2013 proposing specific Gulf Air and EgyptAir connections via Bahrain and Cairo. <\/p>\n<p>Bannon called him \u201can amazing assistant\u201d. Epstein later sent a debrief praising Bannon\u2019s performance at the Oxford Union, commenting on the \u201criot outside\u201d, and even critiquing his bodyguard\u2019s situational awareness.<\/p>\n<p>Within days, Bannon was back in Washington for an eight-and-a-half-hour session with the US Senate Intelligence Committee in its investigation into Russian active measures campaigns and interference in the 2016 US Presidential Election. <\/p>\n<p>Later texts show that Epstein quizzed Bannon about who came up: Americans such as Tom Barrack; Russians like David Geovanis; and, in Bannon\u2019s account, only one named Russian ideologue, Alexander Dugin.<\/p>\n<p>(According to Benjamin Teitelbaum in his book War for Eternity, Bannon had an eight-hour face-to-face meeting with Dugin in Rome the same month.)\u00a0<\/p>\n<p>Whatever was said behind those closed doors of the Senate Intelligence Committee, it is clear Epstein understood that his own legal exposure was entangled with Bannon\u2019s \u2013 and that Bannon\u2019s European revolution, including his work with Farage and Salvini, was unfolding under that cloud.<\/p>\n<p>When Theresa May was eventually forced to resign in 2019 to be replaced by <a href=\"https:\/\/bylinetimes.com\/2024\/08\/01\/conservatives-risk-another-chris-pincher-style-sleaze-scandal-over-claims-new-tory-mp-is-serial-groper-and-bully\/\" target=\"_blank\" rel=\"noopener\">Boris Johnson<\/a>, Farage was at a conference in Kazakhstan and celebrated her ouster with the Sputnik presenter and British left-wing politician George Galloway.\u00a0<\/p>\n<p><img loading=\"lazy\" decoding=\"async\" width=\"1308\" height=\"1274\" alt=\"\" class=\"wp-image-251897 lazyload\" src=\"https:\/\/www.europesays.com\/uk\/wp-content\/uploads\/2025\/11\/image-5-2-1308x1274.jpg\"  data- data-eio-rwidth=\"1308\" data-eio-rheight=\"1274\"\/>\u201cTheresa May has resigned\u201d announced George Galloway. \u201cLet me give you a hug,\u201d Steve Bannon replied. I pulled a camera out just as they let go of tight embrace but here is the far right and far left very much on the same page in Almaty<a href=\"https:\/\/x.com\/hashtag\/Kazakhstan?src=hashtag_click\">. <\/a><a href=\"https:\/\/x.com\/antelava\/status\/1131838636591386626\">Natalia Antelva on Twitter\/X<\/a><\/p>\n<p><strong>World4Brexit: Farage\u2019s US Dark-Money Arm<\/strong><\/p>\n<p class=\"has-drop-cap\">Bannon\u2019s plan to turn The Movement into a fully-staffed, Europe-wide populist hub never materialised.\u00a0<\/p>\n<p>The January 2019 summit did not happen, membership remained tiny, legal constraints and political resistance blocked expansion, Modrikamen\u2019s own party folded \u2013 and by the end of 2019, the project was essentially moribund.<\/p>\n<p>However, Farage did not give up exploiting his Brexit success.<\/p>\n<p>In 2019, he launched World4Brexit (often styled \u2018World for Brexit\u2019) \u2013 a US-registered group aimed at \u201c<a href=\"https:\/\/bylinetimes.com\/2019\/08\/01\/bannon-and-farage-again-opaque-us-lobbying-group-intervenes-in-brexit\/\" target=\"_blank\" rel=\"noopener\">selling Brexit to the world<\/a>\u201d with American backers including former Mississippi Governor Phil Bryant and strategist Gerry Gunster, who had previously worked with Brexit-backing businessman Arron Banks, and Bannon as an informal advisor.\u00a0<\/p>\n<p>The <a href=\"https:\/\/www.jacksonfreepress.com\/news\/2019\/nov\/13\/god-save-governor-phil-bryant-brexit-soldier\/\" target=\"_blank\" rel=\"noopener\">Jackson Free Press<\/a> in Mississippi described World4Brexit as a \u201cUS-based dark money group\u201d linking Bryant, Farage, Banks, and Bannon via the Michigan non-profit \u2013 exactly the \u201c<a href=\"https:\/\/bylinetimes.com\/2019\/11\/14\/dark-money-and-dirty-data-in-the-nigel-farage-and-stephen-bannons-foreign-money-vehicle\/\" target=\"_blank\" rel=\"noopener\">opaque\u201d structure<\/a> Epstein had praised in his messages to Bannon.<\/p>\n<p>Despite introductions to political players and financiers, the logistical support for Steve Bannon and the financial advice, there is no evidence in the public record to date that Jeffrey Epstein funded either The Movement or World4Brexit, though both looked like the kind of financial vehicle Epstein was recommending.<\/p>\n<p>What the newly released Epstein files do show is this: the European revolution Bannon boasted about \u2013 the one Farage helped to architect and front \u2013 was supported and shaped in important ways by Jeffrey Epstein.\u00a0<\/p>\n<p>Farage\u2019s politics did not sit outside this system. His Brexit was at its centre. Farage\u2019s partner built the Brussels foundation; Farage brokered the partnership with Bannon; and Epstein advised on the money, the law, the logistics and the strategy that allowed that project to grow.\u00a0<\/p>\n<p>While the repercussions of the Jeffrey Epstein <a href=\"https:\/\/bylinetimes.com\/2024\/09\/16\/no-lessons-learned-peers-condemn-culture-of-brushing-damning-inquiry-findings-under-the-carpet\/\" target=\"_blank\" rel=\"noopener\">scandal<\/a> continue to cause problems for President Trump in the US, neither Europe nor Britain is free from his pernicious legacy.\u00a0<\/p>\n","protected":false},"excerpt":{"rendered":"Support our mission to provide fearless stories about and outside the media system Read our Digital \/ Print&hellip;\n","protected":false},"author":2,"featured_media":581188,"comment_status":"","ping_status":"","sticky":false,"template":"","format":"standard","meta":{"footnotes":""},"categories":[5226],"tags":[802,748,2000,299,5187,1699,4884,16,15],"class_list":{"0":"post-581187","1":"post","2":"type-post","3":"status-publish","4":"format-standard","5":"has-post-thumbnail","7":"category-brexit","8":"tag-brexit","9":"tag-britain","10":"tag-eu","11":"tag-europe","12":"tag-european","13":"tag-european-union","14":"tag-great-britain","15":"tag-uk","16":"tag-united-kingdom"},"share_on_mastodon":{"url":"https:\/\/pubeurope.com\/@uk\/115578459672149323","error":""},"_links":{"self":[{"href":"https:\/\/www.europesays.com\/uk\/wp-json\/wp\/v2\/posts\/581187","targetHints":{"allow":["GET"]}}],"collection":[{"href":"https:\/\/www.europesays.com\/uk\/wp-json\/wp\/v2\/posts"}],"about":[{"href":"https:\/\/www.europesays.com\/uk\/wp-json\/wp\/v2\/types\/post"}],"author":[{"embeddable":true,"href":"https:\/\/www.europesays.com\/uk\/wp-json\/wp\/v2\/users\/2"}],"replies":[{"embeddable":true,"href":"https:\/\/www.europesays.com\/uk\/wp-json\/wp\/v2\/comments?post=581187"}],"version-history":[{"count":0,"href":"https:\/\/www.europesays.com\/uk\/wp-json\/wp\/v2\/posts\/581187\/revisions"}],"wp:featuredmedia":[{"embeddable":true,"href":"https:\/\/www.europesays.com\/uk\/wp-json\/wp\/v2\/media\/581188"}],"wp:attachment":[{"href":"https:\/\/www.europesays.com\/uk\/wp-json\/wp\/v2\/media?parent=581187"}],"wp:term":[{"taxonomy":"category","embeddable":true,"href":"https:\/\/www.europesays.com\/uk\/wp-json\/wp\/v2\/categories?post=581187"},{"taxonomy":"post_tag","embeddable":true,"href":"https:\/\/www.europesays.com\/uk\/wp-json\/wp\/v2\/tags?post=581187"}],"curies":[{"name":"wp","href":"https:\/\/api.w.org\/{rel}","templated":true}]}}