{"id":581323,"date":"2025-11-19T22:48:20","date_gmt":"2025-11-19T22:48:20","guid":{"rendered":"https:\/\/www.europesays.com\/uk\/581323\/"},"modified":"2025-11-19T22:48:20","modified_gmt":"2025-11-19T22:48:20","slug":"spain-plans-to-include-right-to-abortion-in-constitution-and-build-a-list-of-medical-conscientious-objectors","status":"publish","type":"post","link":"https:\/\/www.europesays.com\/uk\/581323\/","title":{"rendered":"Spain plans to include right to abortion in Constitution\u2014and build a list of medical conscientious objectors"},"content":{"rendered":"<p>Spain could be the next European country to explicitly include the right to abortion in its Constitution at the same time the national government in Madrid is pressing regional governments to create lists of medical professionals who are conscientious objectors to abortion.<\/p>\n<p>In 2025, France became the first country in Europe to enshrine abortion as a constitutional right. In Spain, though the Socialist minority coalition government led by Prime Minister Pedro S\u00e1nchez filed a bill in October to change the Constitution, analysts believe the proposal has almost no chance of passing. They say the effort is a political tactic to raise abortion as a prominent issue in upcoming regional elections. <\/p>\n<p>The proposed <a href=\"https:\/\/www.eldebate.com\/espana\/20251018\/gobierno-maniobra-estirar-blindaje-aborto-hasta-campana-castilla-leon_345600.html\" target=\"_blank\" rel=\"noopener\">constitutional change<\/a> would add a new clause to <a href=\"https:\/\/www.constituteproject.org\/constitution\/Spain_2011\" target=\"_blank\" rel=\"noopener\">Article 43 of the 1978 Constitution<\/a>, stating: \u201cThe right of women to voluntary termination of pregnancy is recognized.\u201d It adds that \u201cthe exercise of this right shall, in all cases, be guaranteed by the public authorities, ensuring its provision under conditions of effective equality, as well as the protection of women\u2019s fundamental rights.\u201d<\/p>\n<p>Constitutional changes require approval by three-fifths of the Spanish Parliament or a simple majority in a national referendum. But both the center-right People\u2019s Party and the far-right party Vox have said they will support neither the amendment nor a referendum, making passage of the constitutional change impossible.<\/p>\n<p>The coalition supporting Mr. S\u00e1nchez holds its majority in <a href=\"https:\/\/www.congreso.es\/en\/cem\/func\" target=\"_blank\" rel=\"noopener\">the Congress of Deputies<\/a> by only one seat. Spanish political analysts believe Mr. S\u00e1nchez\u2019s objective is to make abortion an important issue in next year\u2019s regional elections, which his party looks likely to lose, at the same time it faces multiple scandals and the inability to pass a budget.<\/p>\n<p>The Socialist government led by Mr. S\u00e1nchez \u201cneeds to stoke fear of the \u2018far right\u2019 and the supposed \u2018social cuts\u2019 that [a far right] victory would entail,\u201d Miguel G\u00f3mez, president of <a href=\"https:\/\/profesionalesetica.org\/nosotros\/\" target=\"_blank\" rel=\"noopener\">Professionals for Ethics<\/a>, a Catholic organization dedicated to promoting human dignity and the common good in public life, explained in an email to <b>America<\/b>. \u201cAbortion is a card they can play.\u201d<\/p>\n<p>This latest round of the abortion culture war in European politics broke out at the end of September, when the Madrid city council passed a motion to include information on <a href=\"https:\/\/efe.com\/espana\/2025-10-14\/pasos-derecho-aborto-constitucion\/\" target=\"_blank\" rel=\"noopener\">post-abortion syndrome<\/a> among health information tracked by the city health officials. City council members from the far-right Vox party proposed the measure. It was supported by the center-right People\u2019s Party and approved.<\/p>\n<p>The reaction from the political left was swift. Speaking from at a conference in Copenhagen, Mr. S\u00e1nchez <a href=\"https:\/\/elpais.com\/espana\/2025-10-02\/sanchez-el-gobierno-garantizara-el-derecho-al-aborto-frente-al-sectarismo-ideologico-del-pp-y-vox.html\" target=\"_blank\" rel=\"noopener\">promised<\/a>, \u201cThe government will protect the right to abortion in the face of the sectarian ideology of the P.P. and Vox.\u201d By Oct. 14, the government had formally set in motion the legislative process to amend the constitution. <\/p>\n<p>An important part of the debate has been the question of doctors and nurses who conscientiously object to performing or assisting with abortions. <\/p>\n<p>A change to Spain\u2019s abortion law in 2023 added a requirement that regional governments, which manage their respective provincial public health systems, establish registries of conscientious objectors to abortion. That measure had also been included in the 2021 law that decriminalized euthnasia and assisted suicide. The requirement has been controversial.<\/p>\n<p>Supporters say it ensures that there are doctors available to perform abortions so the government can fulfill its obligation to ensure women have access to abortion. Objectors to the law, including many doctors, consider the registry a <a href=\"https:\/\/www.cope.es\/programas\/mediodia-cope-fin-de-semana\/noticias\/ginecologo-estalla-lista-negra-sanidad-tipo-defensa-20251019_3234772.html\" target=\"_blank\" rel=\"noopener\">\u201cblack list\u201d<\/a> meant to intimidate and eventually discriminate against medical professionals who refuse to participate in abortions. They also argue that if any list is needed to ensure access to abortion, it should be a registry of doctors willing to perform them, not of those who are unwilling.<\/p>\n<p>Most regional governments\u2014whether governed by the political left or right\u2014have created the required registries. Four, including the Madrid region, which includes the nation\u2019s capital, are out of compliance and <a href=\"https:\/\/www.elplural.com\/politica\/espana\/lea-carta-integra-enviada-sanchez-madrid-aragon-asturias-baleares-exigiendo-cumplimiento-derecho-aborto_361808102\" target=\"_blank\" rel=\"noopener\">received letters<\/a> from the ministry of health in October warning that they have a month to get started on their registries or be taken to court.<\/p>\n<p>The regions of Asturias, Arag\u00f3n and the Balearic Islands agreed to comply, but the regional president of Madrid, <a href=\"https:\/\/www.instagram.com\/isabeldiazayuso\/?hl=en\" target=\"_blank\" rel=\"noopener\">Isabel D\u00edaz Ayuso<\/a>, a young, charismatic and very popular People\u2019s Party member, reiterated her previous refusal to create a list of abortion objectors on the grounds that it violated Spain\u2019s Constitution.<\/p>\n<p>Though Ms. Ayuso personally supports legalized abortion, she has repeatedly lamented the high number of abortions that take place in Madrid and described abortion itself as a social failure. She told her opposition in the regional Parliament that if they did not like her policies they should \u201c<a href=\"https:\/\/www.rtve.es\/noticias\/20251009\/ayuso-registro-medicos-objetores-conciencia-aborto\/16763342.shtml\" target=\"_blank\" rel=\"noopener\">go somewhere else to get an abortion<\/a>.\u201d<\/p>\n<p>Abortion access advocates <a href=\"https:\/\/www.bing.com\/ck\/a?!&amp;&amp;p=3b62007b176ee6c32f1a87143577fef4bec30d3c60013ff0fa13e3799ea1afbeJmltdHM9MTc2MTY5NjAwMA&amp;ptn=3&amp;ver=2&amp;hsh=4&amp;fclid=23c5ff92-f0a2-652e-32be-e91cf16b64b7&amp;u=a1aHR0cHM6Ly93d3cubXNuLmNvbS9lcy1lcy9ub3RpY2lhcy9lc3BhbmEvaXNyYWVsLXZpdmllbmRhLXktYWJvcnRvLWF5dXNvLXBvbmUtYS1wcnVlYmEtbGEtZmlkZWxpZGFkLWRlLXN1cy12b3RhbnRlcy9hci1BQTFQY2NLTz9vY2lkPUJpbmdOZXdzU2VycA\" target=\"_blank\" rel=\"noopener\">responded<\/a> with a demonstration against Ms. Ayuso.<\/p>\n<p>In 2024, 106,172 abortions were carried out in Spain, according to <a href=\"https:\/\/www.rtve.es\/noticias\/20251007\/sanidad-carga-contra-madrid-andalucia-suman-50-abortos-99-deriva-centros-privados\/16759871.shtml\" target=\"_blank\" rel=\"noopener\">a government report<\/a>. Nationally, 78 percent of them were conducted in private clinics that are contracted with the government to provide the procedure. At the regional level, though, the percentage of abortions that take place in public health centers varies.<\/p>\n<p>In Madrid, 100 percent of abortions are conducted in government-contracted private clinics. But in Galicia, La Rioja and Navarra, about 75 percent of abortions take place in public health centers. In the Balearic Islands, which has not yet created a registry of conscientious objectors to abortion, 61 percent of abortions take place at publicly operated hospitals or clinics.<\/p>\n<p>According to Mr. G\u00f3mez, registries of objectors appear to be inevitable in Spain, but what consequences that may have for registrants over the long term is unknown. So far, the group has not found any negative consequences or instances of professional discrimination because of the registry. Professionals for Ethics explains in its <a href=\"https:\/\/iniciativa2028.es\/wp-content\/uploads\/2025\/06\/GUIA-DE-OBJECION-DE-CONCIENCIA-AL-ABORTO-PpE-20250528-1.pdf\" target=\"_blank\" rel=\"noopener\">Guide to Conscientious Objection<\/a> that Spain\u2019s Constitution confirms the right to object because of conscience to abortion with the expectation that medical professionals should be free to do so without fear of institutional sanction or retribution.<\/p>\n<p>Nevertheless, Mr. G\u00f3mez warns, \u201cjust the registry itself is an attack on freedom of thought and puts doctors at risk.\u201d<\/p>\n<p>\u201cIf there weren\u2019t going to be negative consequences, what would be the point?\u201d asked Manuel Mart\u00ednez-Sell\u00e9s, president of the Medical College of Madrid. According to Dr. Mart\u00ednez-Sell\u00e9s, many doctors who object to performing abortions have not registered and will not do so. He is among those who have refused to add their names to the list. <\/p>\n<p>If the government is intent on ensuring that access to abortions is secured at all public hospitals, it may find itself caught in a conundrum of its own making, Mr. G\u00f3mez said. He noted that in Melilla, a Spanish exclave on the coast of North Africa, all the doctors in the region have registered as conscientious objectors to abortion.<\/p>\n<p>And some abortion access advocates warn that adding the abortion amendment to the Constitution does not guarantee greater access to abortion. Speaking with the Spanish news site <a href=\"https:\/\/www.newtral.es\/constitucion-aborto-gobierno\/20251014\/\" target=\"_blank\" rel=\"noopener\">Newtral<\/a>, Mar\u00eda Garrote, a professor of constitutional law at Complutense University in Madrid, argued that including abortion explicitly in the Constitution would make it easier in the future for legislators to regulate abortion, even to add restrictions or conditions on the procedure. <\/p>\n<p>In any case, the question of abortion restrictions, whether on women or medical professionals, will apparently remain a hot topic in Spain for the foreseeable future.<\/p>\n<p>\n\tRelated\n<\/p>\n<p>\t<script async src=\"\/\/www.instagram.com\/embed.js\"><\/script><\/p>\n","protected":false},"excerpt":{"rendered":"Spain could be the next European country to explicitly include the right to abortion in its Constitution at&hellip;\n","protected":false},"author":2,"featured_media":581324,"comment_status":"","ping_status":"","sticky":false,"template":"","format":"standard","meta":{"footnotes":""},"categories":[5312],"tags":[26054,2000,299,3941,522,104],"class_list":{"0":"post-581323","1":"post","2":"type-post","3":"status-publish","4":"format-standard","5":"has-post-thumbnail","7":"category-spain","8":"tag-abortion","9":"tag-eu","10":"tag-europe","11":"tag-health-care","12":"tag-international","13":"tag-spain"},"share_on_mastodon":{"url":"https:\/\/pubeurope.com\/@uk\/115578804855996686","error":""},"_links":{"self":[{"href":"https:\/\/www.europesays.com\/uk\/wp-json\/wp\/v2\/posts\/581323","targetHints":{"allow":["GET"]}}],"collection":[{"href":"https:\/\/www.europesays.com\/uk\/wp-json\/wp\/v2\/posts"}],"about":[{"href":"https:\/\/www.europesays.com\/uk\/wp-json\/wp\/v2\/types\/post"}],"author":[{"embeddable":true,"href":"https:\/\/www.europesays.com\/uk\/wp-json\/wp\/v2\/users\/2"}],"replies":[{"embeddable":true,"href":"https:\/\/www.europesays.com\/uk\/wp-json\/wp\/v2\/comments?post=581323"}],"version-history":[{"count":0,"href":"https:\/\/www.europesays.com\/uk\/wp-json\/wp\/v2\/posts\/581323\/revisions"}],"wp:featuredmedia":[{"embeddable":true,"href":"https:\/\/www.europesays.com\/uk\/wp-json\/wp\/v2\/media\/581324"}],"wp:attachment":[{"href":"https:\/\/www.europesays.com\/uk\/wp-json\/wp\/v2\/media?parent=581323"}],"wp:term":[{"taxonomy":"category","embeddable":true,"href":"https:\/\/www.europesays.com\/uk\/wp-json\/wp\/v2\/categories?post=581323"},{"taxonomy":"post_tag","embeddable":true,"href":"https:\/\/www.europesays.com\/uk\/wp-json\/wp\/v2\/tags?post=581323"}],"curies":[{"name":"wp","href":"https:\/\/api.w.org\/{rel}","templated":true}]}}