{"id":583427,"date":"2025-11-20T22:30:37","date_gmt":"2025-11-20T22:30:37","guid":{"rendered":"https:\/\/www.europesays.com\/uk\/583427\/"},"modified":"2025-11-20T22:30:37","modified_gmt":"2025-11-20T22:30:37","slug":"spains-attorney-general-convicted-in-controversial-leak-case","status":"publish","type":"post","link":"https:\/\/www.europesays.com\/uk\/583427\/","title":{"rendered":"Spain&#8217;s attorney general convicted in controversial leak case"},"content":{"rendered":"<p class=\"ssrcss-1q0x1qg-Paragraph e1jhz7w10\">Their contrasting positions were underlined by reactions to the conviction.<\/p>\n<p class=\"ssrcss-1q0x1qg-Paragraph e1jhz7w10\">&#8220;S\u00e1nchez must apologise to Spaniards, resign and call elections, in that order,&#8221; said Ester Mu\u00f1oz, spokeswoman for the conservative People&#8217;s Party.<\/p>\n<p class=\"ssrcss-1q0x1qg-Paragraph e1jhz7w10\">The government said it did not agree with the ruling but respected it and would proceed with the appointment of a new attorney general.<\/p>\n<p class=\"ssrcss-1q0x1qg-Paragraph e1jhz7w10\">However, a number of politicians on the left expressed outrage at what they saw as a politically motivated ruling.<\/p>\n<p class=\"ssrcss-1q0x1qg-Paragraph e1jhz7w10\">Health Minister M\u00f3nica Garc\u00eda, of the Sumar party, said the conviction dealt a &#8220;lethal blow to [the concept of] presumption of innocence&#8221; and threw ordinary Spaniards &#8220;under the bus&#8221; when it came to the rule of law.<\/p>\n<p class=\"ssrcss-1q0x1qg-Paragraph e1jhz7w10\">The complex case dates back to March 2024, when the attorney general&#8217;s office issued a press release stating that Mr Gonz\u00e1lez Amador had requested a plea bargain after being found to have evaded tax payments worth \u20ac350,951. <\/p>\n<p class=\"ssrcss-1q0x1qg-Paragraph e1jhz7w10\">The document corrected mistaken press reports stating that the attorney general&#8217;s office had proposed the bargain.<\/p>\n<p class=\"ssrcss-1q0x1qg-Paragraph e1jhz7w10\">The source of the incorrect reports was the head of communications of the conservative regional president of Madrid, Isabel D\u00edaz Ayuso. Ms D\u00edaz Ayuso is the partner of Mr Gonz\u00e1lez Amador.<\/p>\n<p class=\"ssrcss-1q0x1qg-Paragraph e1jhz7w10\">Mr Gonz\u00e1lez Amador filed a complaint against the attorney general, claiming his privacy had been breached. The case against Garc\u00eda Ortiz also saw him accused of leaking information about the affair to the media. Prosecutors pointed to the attorney general&#8217;s decision to change his phone as incriminating.<\/p>\n<p class=\"ssrcss-1q0x1qg-Paragraph e1jhz7w10\">However, there was no direct evidence linking Garc\u00eda Ortiz to the leak and several journalists testified during the trial that he had not been the source of their information. Regarding the press statement, the attorney general said he was simply correcting the erroneous reports.<\/p>\n<p class=\"ssrcss-1q0x1qg-Paragraph e1jhz7w10\">Garc\u00eda Ortiz can appeal against the ruling.<\/p>\n<p class=\"ssrcss-1q0x1qg-Paragraph e1jhz7w10\">This comes as a severe blow for the prime minister, who has been under judicial pressure on various fronts. <\/p>\n<p class=\"ssrcss-1q0x1qg-Paragraph e1jhz7w10\">His brother is due to go on trial for influence peddling, his wife is under investigation for her business activities and two former senior figures in the Socialist Party, Jos\u00e9 Luis \u00c1balos and Santos Cerd\u00e1n, are accused of overseeing a massive kickback scheme.<\/p>\n","protected":false},"excerpt":{"rendered":"Their contrasting positions were underlined by reactions to the conviction. &#8220;S\u00e1nchez must apologise to Spaniards, resign and call&hellip;\n","protected":false},"author":2,"featured_media":583428,"comment_status":"","ping_status":"","sticky":false,"template":"","format":"standard","meta":{"footnotes":""},"categories":[5],"tags":[12,26],"class_list":{"0":"post-583427","1":"post","2":"type-post","3":"status-publish","4":"format-standard","5":"has-post-thumbnail","7":"category-world","8":"tag-news","9":"tag-world"},"share_on_mastodon":{"url":"https:\/\/pubeurope.com\/@uk\/115584396489397386","error":""},"_links":{"self":[{"href":"https:\/\/www.europesays.com\/uk\/wp-json\/wp\/v2\/posts\/583427","targetHints":{"allow":["GET"]}}],"collection":[{"href":"https:\/\/www.europesays.com\/uk\/wp-json\/wp\/v2\/posts"}],"about":[{"href":"https:\/\/www.europesays.com\/uk\/wp-json\/wp\/v2\/types\/post"}],"author":[{"embeddable":true,"href":"https:\/\/www.europesays.com\/uk\/wp-json\/wp\/v2\/users\/2"}],"replies":[{"embeddable":true,"href":"https:\/\/www.europesays.com\/uk\/wp-json\/wp\/v2\/comments?post=583427"}],"version-history":[{"count":0,"href":"https:\/\/www.europesays.com\/uk\/wp-json\/wp\/v2\/posts\/583427\/revisions"}],"wp:featuredmedia":[{"embeddable":true,"href":"https:\/\/www.europesays.com\/uk\/wp-json\/wp\/v2\/media\/583428"}],"wp:attachment":[{"href":"https:\/\/www.europesays.com\/uk\/wp-json\/wp\/v2\/media?parent=583427"}],"wp:term":[{"taxonomy":"category","embeddable":true,"href":"https:\/\/www.europesays.com\/uk\/wp-json\/wp\/v2\/categories?post=583427"},{"taxonomy":"post_tag","embeddable":true,"href":"https:\/\/www.europesays.com\/uk\/wp-json\/wp\/v2\/tags?post=583427"}],"curies":[{"name":"wp","href":"https:\/\/api.w.org\/{rel}","templated":true}]}}