{"id":594355,"date":"2025-11-26T05:38:14","date_gmt":"2025-11-26T05:38:14","guid":{"rendered":"https:\/\/www.europesays.com\/uk\/594355\/"},"modified":"2025-11-26T05:38:14","modified_gmt":"2025-11-26T05:38:14","slug":"spain-paralysed-as-judicial-probes-take-centre-stage","status":"publish","type":"post","link":"https:\/\/www.europesays.com\/uk\/594355\/","title":{"rendered":"Spain paralysed as judicial probes take centre stage"},"content":{"rendered":"<p>MADRID \u2013 If you haven\u2019t heard about the Spanish government\u2019s latest policies, it\u2019s probably because there aren\u2019t any.<\/p>\n<p>High-profile court cases have dominated headlines over the past months to such an extent that the political agenda has taken a back seat, with politicians running to catch up with the numerous pending court rulings that will determine the country\u2019s political future.<\/p>\n<p>This week kicked off with the anticipated trial of former Catalan president Jordi Pujol, who <a href=\"https:\/\/www.elnacional.cat\/es\/politica\/trece-anos-caso-pujol-ferrusola-quien-es-quien-juicio-audiencia-nacional_1516159_102.html\" target=\"_blank\" rel=\"noopener\">governed<\/a> Catalonia from 1980 to 2003. Following a ten-year investigation, Pujol, a historic figure in Catalonia\u2019s right-wing nationalism, is accused of forming a \u201ccriminal organisation\u201d with his seven children to launder millions of euros in bribes over the decades.<\/p>\n<p>The historic trial began less than a week after the Supreme Court <a href=\"https:\/\/www.euractiv.com\/news\/spains-top-court-convicts-an-attorney-general-for-first-time\/\" target=\"_blank\" rel=\"noopener\">convicted<\/a> \u00c1lvaro Garc\u00eda Ortiz, the state attorney general that Prime Minister Pedro S\u00e1nchez appointed in 2022, for disclosing confidential information about a court case involving the partner of one of the premier\u2019s main political rivals.<\/p>\n<p>The trial attracted extensive media attention, as S\u00e1nchez and his ministers controversially <a href=\"https:\/\/elpais.com\/espana\/2025-11-09\/pedro-sanchez-el-fiscal-general-es-inocente-y-mas-aun-tras-lo-visto-el-juicio.html\" target=\"_blank\" rel=\"noopener\">defended<\/a> Garc\u00eda Ortiz\u2019s innocence. Prosecutors interpreted the prime minister\u2019s actions as an attempt to coerce the court.<\/p>\n<p><strong>Unprecedented times<\/strong><\/p>\n<p>Corruption investigations are not unusual in Spanish politics. Charges of irregular financing, bribery, and cronyism have loomed over the governments led by the ruling Socialist Party (PSOE), starting with the first democratic governments of socialist Felipe Gonz\u00e1lez, and the conservative Popular Party (PP) under the leadership of former prime ministers Jos\u00e9 Mar\u00eda Aznar and Mariano Rajoy.<\/p>\n<p>In fact, seven years ago, S\u00e1nchez <a href=\"https:\/\/www.lamoncloa.gob.es\/presidente\/actividades\/paginas\/2018\/010618pedrosanchez.aspx\" target=\"_blank\" rel=\"noopener\">led<\/a> a no-confidence vote against Rajoy\u2019s corruption-plagued administration, vowing to \u201ccleanse the system\u201d and tackle corruption in the country\u2019s institutions.<\/p>\n<p>However, back in Madrid, there is a general sense that corruption probes have never touched a serving prime minister and his inner circle so closely. S\u00e1nchez\u2019s <a href=\"https:\/\/www.euractiv.com\/news\/sanchezs-wife-to-face-a-jury-trial-for-public-embezzlement\/\" target=\"_blank\" rel=\"noopener\">wife<\/a> and brother both await trials in 2026 over alleged corruption.<\/p>\n<p>In addition, the bombshell kickbacks-for-contracts scheme known as the \u201cKoldo Case\u201d has <a href=\"https:\/\/www.euractiv.com\/news\/sanchez-fights-for-control-as-political-crisis-is-far-over\/\" target=\"_blank\" rel=\"noopener\">rocked<\/a> S\u00e1nchez\u2019s PSOE.<\/p>\n<p>Former S\u00e1nchez allies and party organisational secretaries Santos Cerd\u00e1n, Jos\u00e9 Luis \u00c1balos, and \u00c1balos\u2019s personal aide, Koldo Garc\u00eda, are under investigation for allegedly setting up a criminal network worth millions of euros to secure commissions on face mask contracts during the pandemic.<\/p>\n<p>The plot extended to the public works sectors, leading Supreme Court judge Leopoldo Puente to open a separate line of investigation into rigged construction tenders in September. Recent evidence from the Civil Guard <a href=\"https:\/\/elpais.com\/espana\/2025-11-18\/cerdan-y-abalos-desplegaron-su-influencia-para-lograr-obras-para-acciona-en-marruecos-y-gabon.html\" target=\"_blank\" rel=\"noopener\">revealed<\/a> the prime minister\u2019s allies also operated outside Spain, with potential operations in Morocco and Gabon.<\/p>\n<p>Spanish magistrates warned that the real concern is the government\u2019s escalating public attacks on judges conducting high-profile corruption probes. S\u00e1nchez and his ministers have repeatedly alluded to a \u201cpolitical war\u201d waged by reactionaries against Spain\u2019s socialist-led coalition.<\/p>\n<p>\u201cJudicial authorities have always been criticised for not acting as they should, but never in such a systemic and open way,\u201d magistrate Alejandro Gonz\u00e1lez told Euractiv.<\/p>\n<p>Magistrate Fernando Portillo agreed, accusing government officials of casting doubts on the independence of the Spanish judiciary, which \u201cnot only normalises but legitimises attacks on the country\u2019s judges and prosecutors.\u201d<\/p>\n<p>\u201cWe are facing an unusual moment,\u201d Gonz\u00e1lez said, adding that S\u00e1nchez\u2019s government \u201cis setting a very dangerous precedent.\u201d<\/p>\n<p><strong>Mounting troubles<\/strong><\/p>\n<p>Meanwhile, several turbulent cases have rocked Spanish politics but received less international media attention, including the \u201cLeire D\u00edez case.\u201d<\/p>\n<p>Last week, a Madrid court began a trial centring on D\u00edez, an ex-socialist official under <a href=\"https:\/\/www.euractiv.com\/news\/spanish-government-rocked-by-leaked-recordings-scandal\/\" target=\"_blank\" rel=\"noopener\">investigation<\/a> for allegedly staging a smear campaign against Civil Guard agents and prosecutors probing the prime minister\u2019s inner circle.<\/p>\n<p>Prosecutor Ignacio Stampa, who <a href=\"https:\/\/www.abc.es\/espana\/limpiese-limite-orden-sanchez-dio-leire-diez-20251111192408-nt.html\" target=\"_blank\" rel=\"noopener\">testified<\/a> as a victim in the trial, provided the judge with recordings in which D\u00edez claimed that the premier had given direct orders to \u201cclean up\u201d after prosecutors began investigating his wife in 2024.<\/p>\n<p>Similarly, socialist lawmakers have been embroiled in the \u201cMediador Case,\u201d <a href=\"https:\/\/www.elconfidencial.com\/espana\/2025-02-14\/caso-mediador-trama-corrupcion-aniversario_4065378\/\" target=\"_blank\" rel=\"noopener\">concerning<\/a> the alleged manipulation of public works contracts in the Canary Islands, which involved EU funds.<\/p>\n<p>However, beyond the courts, the fact remains that the Spanish government cannot legislate after S\u00e1nchez\u2019s Catalan ally Junts broke with his party last month.<\/p>\n<p>For the third year in a row, the government will forgo presenting a new general budget and instead <a href=\"https:\/\/www.euractiv.com\/news\/spain-still-runs-on-2023-budget-as-sanchez-breaks-unwanted-fiscal-record\/\" target=\"_blank\" rel=\"noopener\">extend the 2023 spending plan.<\/a><\/p>\n<p>Major judicial and fiscal reforms are also blocked, the government cannot govern, and the question that remains is not how long, but how the prime minister will manage to stay afloat until the 2027 elections.<\/p>\n<p>(cm, cs)<\/p>\n","protected":false},"excerpt":{"rendered":"MADRID \u2013 If you haven\u2019t heard about the Spanish government\u2019s latest policies, it\u2019s probably because there aren\u2019t any.&hellip;\n","protected":false},"author":2,"featured_media":594356,"comment_status":"","ping_status":"","sticky":false,"template":"","format":"standard","meta":{"footnotes":""},"categories":[5312],"tags":[2000,299,104],"class_list":{"0":"post-594355","1":"post","2":"type-post","3":"status-publish","4":"format-standard","5":"has-post-thumbnail","7":"category-spain","8":"tag-eu","9":"tag-europe","10":"tag-spain"},"share_on_mastodon":{"url":"https:\/\/pubeurope.com\/@uk\/115614390894609250","error":""},"_links":{"self":[{"href":"https:\/\/www.europesays.com\/uk\/wp-json\/wp\/v2\/posts\/594355","targetHints":{"allow":["GET"]}}],"collection":[{"href":"https:\/\/www.europesays.com\/uk\/wp-json\/wp\/v2\/posts"}],"about":[{"href":"https:\/\/www.europesays.com\/uk\/wp-json\/wp\/v2\/types\/post"}],"author":[{"embeddable":true,"href":"https:\/\/www.europesays.com\/uk\/wp-json\/wp\/v2\/users\/2"}],"replies":[{"embeddable":true,"href":"https:\/\/www.europesays.com\/uk\/wp-json\/wp\/v2\/comments?post=594355"}],"version-history":[{"count":0,"href":"https:\/\/www.europesays.com\/uk\/wp-json\/wp\/v2\/posts\/594355\/revisions"}],"wp:featuredmedia":[{"embeddable":true,"href":"https:\/\/www.europesays.com\/uk\/wp-json\/wp\/v2\/media\/594356"}],"wp:attachment":[{"href":"https:\/\/www.europesays.com\/uk\/wp-json\/wp\/v2\/media?parent=594355"}],"wp:term":[{"taxonomy":"category","embeddable":true,"href":"https:\/\/www.europesays.com\/uk\/wp-json\/wp\/v2\/categories?post=594355"},{"taxonomy":"post_tag","embeddable":true,"href":"https:\/\/www.europesays.com\/uk\/wp-json\/wp\/v2\/tags?post=594355"}],"curies":[{"name":"wp","href":"https:\/\/api.w.org\/{rel}","templated":true}]}}