{"id":597209,"date":"2025-11-27T13:25:19","date_gmt":"2025-11-27T13:25:19","guid":{"rendered":"https:\/\/www.europesays.com\/uk\/597209\/"},"modified":"2025-11-27T13:25:19","modified_gmt":"2025-11-27T13:25:19","slug":"spain-and-japan-seek-a-new-strategic-balance","status":"publish","type":"post","link":"https:\/\/www.europesays.com\/uk\/597209\/","title":{"rendered":"Spain and Japan Seek a New Strategic Balance"},"content":{"rendered":"<p>During a recent media roundtable in Tokyo, Dr Manuel Mu\u00f1iz of <a href=\"https:\/\/www.ie.edu\/university\/\" target=\"_blank\" rel=\"noopener\" title=\"\">IE University<\/a>, former Spanish Secretary of State for Global Affairs, spoke at length about the shifting international landscape. He outlined the opportunities it presents for Japan\u2013Spain relations and broader Japan\u2013EU cooperation.<\/p>\n<p><strong>A Fracturing International System<\/strong><\/p>\n<p>Mu\u00f1iz argued that the post\u2013Cold War order is undergoing a visible strain. &#8220;We are seeing this in the trade space with the trade war,&#8221; he said, noting that economies are becoming &#8220;less integrated&#8221; and the global economic environment &#8220;more challenging to navigate.&#8221;<\/p>\n<p>The trend extends far beyond economics. &#8220;It is also happening in the space of alliances and diplomacy,&#8221; he noted. In Europe, this takes the form of &#8220;a weakening of <a href=\"https:\/\/japan-forward.com\/tag\/nato\/\" target=\"_blank\" rel=\"noopener\" title=\"\">NATO<\/a> and of security guarantees provided by the United States.&#8221; In Asia, he suggested, the shift is different in form but similar in consequences. He sees a growing realization that Washington&#8217;s strategic attention is increasingly tied to domestic priorities.<\/p>\n<p>This evolving US posture, &#8220;a refocus of America on defense of the homeland,&#8221; raises questions for its allies. &#8220;What does that mean for a country like Japan, and how does that important alliance [&#8230;] look moving forward,&#8221; he asked.<\/p>\n<p>Even the multilateral system is under pressure. In his view, reduced US funding for the United Nations and its agencies reflects yet another sign of institutional decline.<\/p>\n<p>These developments, he argued, create a natural opportunity, even a necessity, for deeper cooperation between Japan and Europe. &#8220;It does point\u2026to the interest of Japan and Europe in doing more, and in doing more across the borders,&#8221; he said. Both countries, he stressed, have an interest in maintaining &#8220;an open and integrated international economic system&#8221; and in reinforcing stability in their respective security theaters.<\/p>\n<p><strong>Renewing Security Partnerships<\/strong><\/p>\n<p>A recurring theme in Mu\u00f1iz&#8217;s remarks was the slow but steady retrenchment of US forward-deployed forces. While the mood has been more urgent in Europe, especially since Russia invaded Ukraine, he argued Japan will soon feel similar pressures. &#8220;We will converge on this perception in the not-too-distant future,&#8221; he said.<\/p>\n<p>Europe is already coming to terms with its new reality. European countries spend almost $400 billion USD on defense. However, spread across 27 countries, this produces &#8220;much less bang for our investment\u2026than we should.&#8221; As the US signals its desire for greater burden-sharing, Europe is being pushed toward a long-delayed strategic awakening.<\/p>\n<p>For Japan, he argued, this is a moment to expand the cast of actors who contribute to regional security. European military visits, such as Spanish vessels and aircraft operating in and around Japan, are important &#8220;gestures.&#8221; But Mu\u00f1iz suggested they should evolve into something more enduring. These deployments are still &#8220;too haphazard,&#8221; he said. What is needed is &#8220;a much more structured dialogue&#8221; on European engagement in East Asia.<\/p>\n<p><img loading=\"lazy\" decoding=\"async\" width=\"1024\" height=\"662\" src=\"https:\/\/www.europesays.com\/uk\/wp-content\/uploads\/2025\/11\/V4MO7B6YJZMRXIGIAZZ5WPL76I-1024x662.jpg\" alt=\"\" class=\"wp-image-368741\" style=\"width:600px\"  \/>The Spanish Navy destroyer M\u00e9ndez N\u00fa\u00f1ez docked at the Japan Maritime Self-Defense Force&#8217;s Yokosuka base, July 24<\/p>\n<p>This does not necessarily mean European forces in the <a href=\"https:\/\/japan-forward.com\/tag\/indo-pacific\/\" target=\"_blank\" rel=\"noopener\" title=\"\">Indo-Pacific<\/a>. It may be more impactful, he suggested, for Europe to focus on stabilizing its own neighborhood \u2014 above all by managing its relationship with Russia.<\/p>\n<p>Doing so could free up US assets for use elsewhere and also influence how China weighs the risks of aggression in Asia.<\/p>\n<p>Either way, the era when the US was Japan&#8217;s &#8220;plan A, plan B, and plan C&#8221; for regional security over many decades is fading. Japan, he said, should &#8220;start constructing other options\u2026 Complementary but\u2026supportive of the provision of security&#8221; in the Indo-Pacific.<\/p>\n<p><a href=\"https:\/\/japanracing.jp\/en\/\" target=\"_blank\" onclick=\"gtag(&#039;event&#039;, &#039;click&#039;, {&#039;event_category&#039;: &#039;banner&#039;,&#039;event_label&#039;: &#039;2025-10-jra-in-article&#039;});\" rel=\"noopener\">&#13;<br \/>\n<img decoding=\"async\" src=\"https:\/\/www.europesays.com\/uk\/wp-content\/uploads\/2025\/11\/2023-10-jra-in-article.jpg\" alt=\"Japan Racing Association\" width=\"100%\" onload=\"gtag('event', 'impression', {'event_category': 'banner','event_label': '2025-10-jra-in-article'});\"\/><\/a><strong>Free Trade and the Future of Liberalism<\/strong><\/p>\n<p>Mu\u00f1iz was unequivocal when asked whether free trade can survive amid the perceived decline of neoliberalism. His answer: &#8220;Yes.&#8221; Although the US appears to be stepping back, &#8220;America has not signed an FTA\u2026for over a decade,&#8221; the rest of the world has not. With the US accounting for roughly 13\u201314% of global trade, he argued, &#8220;if 87% of the remaining traders\u2026wish to continue,&#8221; the system can be preserved.<\/p>\n<p>&#8220;Europe is highly committed to this,&#8221; he noted, pointing to progress on agreements like the EU-Mercosur FTA. It is &#8220;too early to call the death of the liberal trading order.&#8221;<\/p>\n<p>This position aligns closely with Japan&#8217;s, which continues to champion free trade even as other major economies retreat behind industrial policy.<\/p>\n<p><strong>AI Governance: A New Frontier for Cooperation<\/strong><\/p>\n<p>The conversation then turned to artificial intelligence (<a href=\"https:\/\/japan-forward.com\/tag\/ai\/\" target=\"_blank\" rel=\"noopener\" title=\"\">AI<\/a>), with Mu\u00f1iz outlining Europe&#8217;s ethical, legal, and social priorities. As one of the institutions leading UNESCO&#8217;s AI initiatives, IE University has been deeply involved in shaping ethical frameworks.<\/p>\n<p>Europe&#8217;s approach, he said, is rooted in the belief that &#8220;data ultimately belongs to the individuals who are producing it.&#8221; This contrasts sharply with the US model, where &#8220;most of that data belongs to the companies that manage to gather it.&#8221;\u00a0<\/p>\n<p>He added that Europe&#8217;s AI debate focuses on who benefits from these tools, how they affect jobs, and how their gains are taxed to support the welfare state.\u00a0<\/p>\n<p><img loading=\"lazy\" decoding=\"async\" width=\"1024\" height=\"695\" src=\"https:\/\/www.europesays.com\/uk\/wp-content\/uploads\/2025\/11\/KQUOTEANTBPTVEPNSX773GE5CI-1024x695.jpg\" alt=\"\" class=\"wp-image-368744\" style=\"width:600px\"  \/>Logos of ChatGPT and US-based OpenAI (\u00a9Reuters\/Kyodo)<\/p>\n<p>These differences, he argued, create fertile ground for Japan-Europe cooperation. There is &#8220;a lot of space for dialogue&#8221; on digital governance. And Spain is eager to &#8220;convene as many partners as it can.&#8221;<\/p>\n<p>He warned, however, that AI&#8217;s biggest economic shock may come from labor displacement, especially &#8220;early career jobs&#8221; in consulting, finance, and law. This has implications for how societies build human capital and how universities train the next generation.<\/p>\n<p><a href=\"https:\/\/japanracing.jp\/en\/\" target=\"_blank\" onclick=\"gtag(&#039;event&#039;, &#039;click&#039;, {&#039;event_category&#039;: &#039;banner&#039;,&#039;event_label&#039;: &#039;2025-10-jra-in-article&#039;});\" rel=\"noopener\">&#13;<br \/>\n<img decoding=\"async\" src=\"https:\/\/www.europesays.com\/uk\/wp-content\/uploads\/2025\/11\/2023-10-jra-in-article.jpg\" alt=\"Japan Racing Association\" width=\"100%\" onload=\"gtag('event', 'impression', {'event_category': 'banner','event_label': '2025-10-jra-in-article'});\"\/><\/a><strong>Building Bridges Through Higher Education<\/strong><\/p>\n<p>Academic diplomacy was perhaps the most optimistic part of Mu\u00f1iz&#8217;s remarks. He saw higher education as one of the most promising avenues for the Japan-Spain partnership. Student exchanges, joint research, summer programs, faculty mobility, and scholarship initiatives could all expand significantly.<\/p>\n<p>&#8220;These agreements\u2026might be 20 students in, 20 students out,&#8221; he said. &#8220;That in a decade is 400 people.&#8221; The cumulative effect, across businesses, governments, and research, can reshape bilateral engagement from the bottom up.<\/p>\n<p>Japan, he noted, has historically focused its academic internationalization on the US. But with American international student numbers falling sharply, Europe represents an increasingly natural partner.<\/p>\n<p>&#8220;I&#8217;ve become really fond of this kind of diplomacy,&#8221; he said, describing it as &#8220;low, but very incremental&#8221; \u2014 and ultimately transformative.<\/p>\n<p><strong>Immigration and Demographic Futures<\/strong><\/p>\n<p>Toward the end of the roundtable, the discussion shifted to one of Japan&#8217;s most pressing challenges: <a href=\"https:\/\/japan-forward.com\/tag\/population-decline\/\" target=\"_blank\" rel=\"noopener\" title=\"\">population decline<\/a>. Mu\u00f1iz offered a candid comparison between Japan and Spain \u2014 two countries facing aging societies but with starkly different demographic trajectories.<\/p>\n<p>Spain&#8217;s shift was dramatic. After the end of the Francisco Franco regime, Spain had &#8220;about 0% foreign-born population.&#8221; Today, he noted, &#8220;the figure must be around 15% foreign-born.&#8221; Much of this inflow came from Latin America, which he described as &#8220;a very successful wave of immigration&#8221; marked by shared language and cultural similarities that facilitated integration.<\/p>\n<p>This demographic expansion, he argued, has been a major driver of Spain&#8217;s current economic performance. Spain&#8217;s growth rate today is roughly three times the Eurozone average, and &#8220;a lot of the current economic growth\u2026is a product of a demographic boom\u2026 a product of immigration.&#8221;<\/p>\n<p><a href=\"https:\/\/japanracing.jp\/en\/\" target=\"_blank\" onclick=\"gtag(&#039;event&#039;, &#039;click&#039;, {&#039;event_category&#039;: &#039;banner&#039;,&#039;event_label&#039;: &#039;2025-10-jra-in-article&#039;});\" rel=\"noopener\">&#13;<br \/>\n<img decoding=\"async\" src=\"https:\/\/www.europesays.com\/uk\/wp-content\/uploads\/2025\/11\/2023-10-jra-in-article.jpg\" alt=\"Japan Racing Association\" width=\"100%\" onload=\"gtag('event', 'impression', {'event_category': 'banner','event_label': '2025-10-jra-in-article'});\"\/><\/a><strong>Japan&#8217;s Looming Demographic Cliff<\/strong><\/p>\n<p>Japan, by contrast, is entering a period of unprecedented contraction. Mu\u00f1iz spoke bluntly:<\/p>\n<p>&#8220;You guys are losing just under a million people (every year). I&#8217;m not sure any of us has done the full assessment of what it means for a country to lose half of its population in 50 years.&#8221;<\/p>\n<p>He noted that no historical precedent offers guidance, not even the post\u2013Black Death recovery, because this time population decline is happening &#8220;in a self-induced way.&#8221; The psychological, social, and economic consequences, he warned, remain understudied.<\/p>\n<p>He emphasized the enormous implications for real estate markets, service sector viability, innovation capacity, and public finances. Even immigration, he said, has limits. Fertility rates are falling &#8220;almost everywhere,&#8221; meaning that global population contraction is approaching.<\/p>\n<p>Still, he pointed to Spain&#8217;s experience as evidence that proactive, well-integrated immigration can support growth, though Japan&#8217;s linguistic and cultural context makes the challenge more complex.<\/p>\n<p><strong>A Shared Future in an Uncertain World<\/strong><\/p>\n<p>The roundtable ended on a reflective note. Despite the gravity of his analysis, Mu\u00f1iz stressed that these challenges also create opportunities for countries willing to rethink old assumptions and forge new partnerships.<\/p>\n<p>His closing sentiment captured the central theme of his visit, and the message he hopes Japan will hear:<\/p>\n<p>&#8220;I think there is a real and historic window for us to do more.&#8221;<\/p>\n<p><strong>RELATED:<\/strong><\/p>\n<p>Author: <a href=\"https:\/\/japan-forward.com\/tag\/daniel-manning\/\" target=\"_blank\" rel=\"noopener\" title=\"\">Daniel Manning<\/a><\/p>\n<p>\t\tContinue Reading<\/p>\n","protected":false},"excerpt":{"rendered":"During a recent media roundtable in Tokyo, Dr Manuel Mu\u00f1iz of IE University, former Spanish Secretary of State&hellip;\n","protected":false},"author":2,"featured_media":597210,"comment_status":"","ping_status":"","sticky":false,"template":"","format":"standard","meta":{"footnotes":""},"categories":[5312],"tags":[323,187671,187675,2266,2000,299,187672,40,187673,187674,187676,104],"class_list":{"0":"post-597209","1":"post","2":"type-post","3":"status-publish","4":"format-standard","5":"has-post-thumbnail","7":"category-spain","8":"tag-ai","9":"tag-daniel-manning","10":"tag-economy-tech","11":"tag-education","12":"tag-eu","13":"tag-europe","14":"tag-ie-university","15":"tag-immigration","16":"tag-japan-spain-relations","17":"tag-manuel-muniz","18":"tag-politics-security","19":"tag-spain"},"share_on_mastodon":{"url":"https:\/\/pubeurope.com\/@uk\/115621889993166730","error":""},"_links":{"self":[{"href":"https:\/\/www.europesays.com\/uk\/wp-json\/wp\/v2\/posts\/597209","targetHints":{"allow":["GET"]}}],"collection":[{"href":"https:\/\/www.europesays.com\/uk\/wp-json\/wp\/v2\/posts"}],"about":[{"href":"https:\/\/www.europesays.com\/uk\/wp-json\/wp\/v2\/types\/post"}],"author":[{"embeddable":true,"href":"https:\/\/www.europesays.com\/uk\/wp-json\/wp\/v2\/users\/2"}],"replies":[{"embeddable":true,"href":"https:\/\/www.europesays.com\/uk\/wp-json\/wp\/v2\/comments?post=597209"}],"version-history":[{"count":0,"href":"https:\/\/www.europesays.com\/uk\/wp-json\/wp\/v2\/posts\/597209\/revisions"}],"wp:featuredmedia":[{"embeddable":true,"href":"https:\/\/www.europesays.com\/uk\/wp-json\/wp\/v2\/media\/597210"}],"wp:attachment":[{"href":"https:\/\/www.europesays.com\/uk\/wp-json\/wp\/v2\/media?parent=597209"}],"wp:term":[{"taxonomy":"category","embeddable":true,"href":"https:\/\/www.europesays.com\/uk\/wp-json\/wp\/v2\/categories?post=597209"},{"taxonomy":"post_tag","embeddable":true,"href":"https:\/\/www.europesays.com\/uk\/wp-json\/wp\/v2\/tags?post=597209"}],"curies":[{"name":"wp","href":"https:\/\/api.w.org\/{rel}","templated":true}]}}