{"id":597502,"date":"2025-11-27T16:51:15","date_gmt":"2025-11-27T16:51:15","guid":{"rendered":"https:\/\/www.europesays.com\/uk\/597502\/"},"modified":"2025-11-27T16:51:15","modified_gmt":"2025-11-27T16:51:15","slug":"uefa-womens-nations-league-final-preview-germany-vs-spain","status":"publish","type":"post","link":"https:\/\/www.europesays.com\/uk\/597502\/","title":{"rendered":"UEFA Women&#8217;s Nations League final preview: Germany vs. Spain"},"content":{"rendered":"<p>Christian W\u00fcck&#8217;s side will host women&#8217;s football powerhouse Spain in Kaiserslautern for the first-leg of the Nations League final. Germany finished third in the inaugural edition, but they reached the final this year after avenging their defeat to France from February 2024.<\/p>\n<p>Spain were victorious back then with a 2-0 win over France in Seville. However, the final will be a two-legged affair this time around. After the game at the Fritz-Walter-Stadion on Friday, the two teams will meet again four days later at Atletico Madrid&#8217;s Metropolitano Stadium.<\/p>\n<p>Largely down to the status of their superstars at the ranks of Barcelona, Spain are currently regarded as the best women&#8217;s national team in European football. However, the current world champions were unable to replicate their Nations League success in the European championship hosted by Switzerland in the summer.<\/p>\n<p>They will start this final as the favorites, but their recent meeting with Germany required extra-time as Aitana Bonmat\u00ed\u2019s strike sent Spain to the <a href=\"https:\/\/onefootball.com\/en\/competition\/uefa-womens-euro-480\/fixtures\" target=\"_blank\" rel=\"noopener\">Euro<\/a> final. Ann-Katrin Berger took responsibility for that goal after her heroic performance against France in the previous round.<\/p>\n<p>Germany&#8217;s goalkeeper missed last month&#8217;s semi-final tie with France due to injury, but she is now back into the squad. The 35-year-old has just won the NWSL with Gotham FC. Yet, three players from the initial squad will miss the games for different reasons.<\/p>\n<p>Athletic Club&#8217;s defender Bibiane Schulze Solano and Bayern&#8217;s Linda Dallmann are recalled to make up for the absences of Camilla K\u00fcver, Sydney Lohmann, and Lea Sch\u00fcller. Klara B\u00fchl and Nicole Anyomi are in top form for their respective clubs, while the captain <a href=\"https:\/\/onefootball.com\/en\/player\/giulia-gwinn-285008\" target=\"_blank\" rel=\"noopener\">Giulia Gwinn<\/a> is back to her best after coming back from a serious injury.<\/p>\n<p>Spain will continue to miss key midfielder Patri Guijarro due to an injury. It&#8217;s a first chance of triumph for Sonia Berm\u00fadez since the former international replaced Montse Tom\u00e9 as Spain\u2019s coach in October.<\/p>\n<p><strong>Germany: <\/strong>Berger; K\u00fcver, Knaak, Hendrich; Kett, N\u00fcsken, Sen\u00df, Gwinn \u00a9; B\u00fchl, Anyomi, Brand<\/p>\n<p><strong>Spain: <\/strong>Coll; Batlle, Paredes \u00a9, Leon, Carmona; Bonmat\u00ed, Aleixandri, Putellas; Lopez, Pina, Caldentey<\/p>\n","protected":false},"excerpt":{"rendered":"Christian W\u00fcck&#8217;s side will host women&#8217;s football powerhouse Spain in Kaiserslautern for the first-leg of the Nations League&hellip;\n","protected":false},"author":2,"featured_media":597503,"comment_status":"","ping_status":"","sticky":false,"template":"","format":"standard","meta":{"footnotes":""},"categories":[5310],"tags":[2000,299,1824],"class_list":{"0":"post-597502","1":"post","2":"type-post","3":"status-publish","4":"format-standard","5":"has-post-thumbnail","7":"category-germany","8":"tag-eu","9":"tag-europe","10":"tag-germany"},"share_on_mastodon":{"url":"https:\/\/pubeurope.com\/@uk\/115622699534681455","error":""},"_links":{"self":[{"href":"https:\/\/www.europesays.com\/uk\/wp-json\/wp\/v2\/posts\/597502","targetHints":{"allow":["GET"]}}],"collection":[{"href":"https:\/\/www.europesays.com\/uk\/wp-json\/wp\/v2\/posts"}],"about":[{"href":"https:\/\/www.europesays.com\/uk\/wp-json\/wp\/v2\/types\/post"}],"author":[{"embeddable":true,"href":"https:\/\/www.europesays.com\/uk\/wp-json\/wp\/v2\/users\/2"}],"replies":[{"embeddable":true,"href":"https:\/\/www.europesays.com\/uk\/wp-json\/wp\/v2\/comments?post=597502"}],"version-history":[{"count":0,"href":"https:\/\/www.europesays.com\/uk\/wp-json\/wp\/v2\/posts\/597502\/revisions"}],"wp:featuredmedia":[{"embeddable":true,"href":"https:\/\/www.europesays.com\/uk\/wp-json\/wp\/v2\/media\/597503"}],"wp:attachment":[{"href":"https:\/\/www.europesays.com\/uk\/wp-json\/wp\/v2\/media?parent=597502"}],"wp:term":[{"taxonomy":"category","embeddable":true,"href":"https:\/\/www.europesays.com\/uk\/wp-json\/wp\/v2\/categories?post=597502"},{"taxonomy":"post_tag","embeddable":true,"href":"https:\/\/www.europesays.com\/uk\/wp-json\/wp\/v2\/tags?post=597502"}],"curies":[{"name":"wp","href":"https:\/\/api.w.org\/{rel}","templated":true}]}}