{"id":602557,"date":"2025-11-30T03:21:20","date_gmt":"2025-11-30T03:21:20","guid":{"rendered":"https:\/\/www.europesays.com\/uk\/602557\/"},"modified":"2025-11-30T03:21:20","modified_gmt":"2025-11-30T03:21:20","slug":"cultural-trip-for-seniors-in-san-bartolome-de-tirajana-to-madrid-and-historical-cities","status":"publish","type":"post","link":"https:\/\/www.europesays.com\/uk\/602557\/","title":{"rendered":"Cultural trip for seniors in San Bartolome de Tirajana to Madrid and historical cities"},"content":{"rendered":"<p>Dimas Sarmiento: \u201cThese experiences strengthen personal relationships and contribute to the overall well-being of our seniors.\u201d<\/p>\n<p>\u00a0<\/p>\n<p>A total of 47 seniors from the municipality, from the centers in El Tablero, San Fernando, and Tunte, recently enjoyed a trip to Madrid organized by the San Bartolom\u00e9 de Tirajana Senior Citizens&#8217; Department. This activity, part of the &#8216;Active Aging for Seniors&#8217; program, offered a six-day, five-night tour of some of Spain&#8217;s most important historical cities.<\/p>\n<p>\u00a0<\/p>\n<p><img decoding=\"async\" alt=\"[Img # 21844]\" class=\"RichTextAlignCenter\" src=\"https:\/\/www.europesays.com\/uk\/wp-content\/uploads\/2025\/11\/1255_maspalomas24h.jpeg\" style=\"height:394px;width:700px;\"\/><\/p>\n<p>\u00a0<\/p>\n<p>The trip combined cultural activities, guided tours, and free time. In Madrid, the group visited iconic landmarks such as Plaza de Espa\u00f1a, Gran V\u00eda, Cibeles, Puerta de Alcal\u00e1, Paseo del Prado, and Retiro Park. In the following days, they also visited Cuenca, Segovia, La Granja de San Ildefonso, Toledo, and Guadalajara.<\/p>\n<p>\u00a0<\/p>\n<p>The program included flights, full board accommodation, transfers, a tour guide, lunches en route, and tickets to the planned excursions, including a visit to the gardens of La Granja de San Ildefonso and attendance at the Houdini musical in Madrid. \u201cThe most remarkable aspect of the trip was the joviality, enthusiasm, and friendliness of our seniors, who made every visit, transfer, and stop a demonstration of the good humor and cordiality that we Canarians exude when we leave our homeland,\u201d noted one of the coordinators who accompanied the group.<\/p>\n<p>\u00a0<\/p>\n<p><img decoding=\"async\" alt=\"[Img # 21841]\" class=\"RichTextAlignCenter\" src=\"https:\/\/www.europesays.com\/uk\/wp-content\/uploads\/2025\/11\/6606_maspalomas24h.jpeg\" style=\"height:394px;width:700px;\"\/><\/p>\n<p>\u00a0<\/p>\n<p>The First Deputy Mayor, Alejandro Marichal, emphasized that \u201cour senior citizens deserve opportunities to enjoy themselves, learn, and stay active, and the municipal department will maintain its commitment to activities that allow them to share, travel, and have new experiences.\u201d Likewise, the Councilor for Senior Citizens, Dimas Sarmiento, highlighted \u201cthe social and community value of these initiatives, which foster community, strengthen personal relationships, and contribute to the overall well-being of our senior citizens.\u201d<\/p>\n<p>\u00a0<\/p>\n<p>These types of proposals seek to improve the quality of life of older people, facilitate their access to cultural activities and promote their autonomy through experiences that encourage physical activity and the strengthening of community ties.<\/p>\n<p>\u00a0<\/p>\n<p>The Senior Citizens&#8217; Department has confirmed that, starting in 2026, the municipality will offer two trips per year, thus expanding the range of cultural and leisure activities aimed at the so-called &#8220;second youth&#8221;.<\/p>\n","protected":false},"excerpt":{"rendered":"Dimas Sarmiento: \u201cThese experiences strengthen personal relationships and contribute to the overall well-being of our seniors.\u201d \u00a0 A&hellip;\n","protected":false},"author":2,"featured_media":602558,"comment_status":"","ping_status":"","sticky":false,"template":"","format":"standard","meta":{"footnotes":""},"categories":[5312],"tags":[188938,188935,188934,2000,299,188937,5479,188936,188939,104],"class_list":{"0":"post-602557","1":"post","2":"type-post","3":"status-publish","4":"format-standard","5":"has-post-thumbnail","7":"category-spain","8":"tag-active-aging","9":"tag-active-seniors","10":"tag-cultural-trip","11":"tag-eu","12":"tag-europe","13":"tag-historic-cities","14":"tag-madrid","15":"tag-san-bartolome-de-tirajana","16":"tag-senior-well-being","17":"tag-spain"},"share_on_mastodon":{"url":"https:\/\/pubeurope.com\/@uk\/115636502169557473","error":""},"_links":{"self":[{"href":"https:\/\/www.europesays.com\/uk\/wp-json\/wp\/v2\/posts\/602557","targetHints":{"allow":["GET"]}}],"collection":[{"href":"https:\/\/www.europesays.com\/uk\/wp-json\/wp\/v2\/posts"}],"about":[{"href":"https:\/\/www.europesays.com\/uk\/wp-json\/wp\/v2\/types\/post"}],"author":[{"embeddable":true,"href":"https:\/\/www.europesays.com\/uk\/wp-json\/wp\/v2\/users\/2"}],"replies":[{"embeddable":true,"href":"https:\/\/www.europesays.com\/uk\/wp-json\/wp\/v2\/comments?post=602557"}],"version-history":[{"count":0,"href":"https:\/\/www.europesays.com\/uk\/wp-json\/wp\/v2\/posts\/602557\/revisions"}],"wp:featuredmedia":[{"embeddable":true,"href":"https:\/\/www.europesays.com\/uk\/wp-json\/wp\/v2\/media\/602558"}],"wp:attachment":[{"href":"https:\/\/www.europesays.com\/uk\/wp-json\/wp\/v2\/media?parent=602557"}],"wp:term":[{"taxonomy":"category","embeddable":true,"href":"https:\/\/www.europesays.com\/uk\/wp-json\/wp\/v2\/categories?post=602557"},{"taxonomy":"post_tag","embeddable":true,"href":"https:\/\/www.europesays.com\/uk\/wp-json\/wp\/v2\/tags?post=602557"}],"curies":[{"name":"wp","href":"https:\/\/api.w.org\/{rel}","templated":true}]}}