{"id":605433,"date":"2025-12-01T14:37:15","date_gmt":"2025-12-01T14:37:15","guid":{"rendered":"https:\/\/www.europesays.com\/uk\/605433\/"},"modified":"2025-12-01T14:37:15","modified_gmt":"2025-12-01T14:37:15","slug":"kneecap-gig-taken-over-by-celtic-fans-who-sing-classic-club-song","status":"publish","type":"post","link":"https:\/\/www.europesays.com\/uk\/605433\/","title":{"rendered":"Kneecap gig taken over by Celtic fans who sing classic club song"},"content":{"rendered":"\n<p><strong>Celtic fans were in full voice at Kneecap\u2019s gig in Glasgow on Sunday night.<\/strong><\/p>\n<p>Fresh off the back of <a href=\"https:\/\/www.67hailhail.com\/match\/celtic-player-ratings-vs-hibernian-as-reo-hatate-stars-again-but-5-10-sub-is-no-longer-up-to-celtics-standards\/\" target=\"_blank\" rel=\"noopener\">Celtic beating Hibernian 2-1<\/a>, the Irish rap trio were live at the Hydro for one of the biggest headline performances of their career.<\/p>\n<p>There were <a href=\"https:\/\/www.67hailhail.com\/club\/\" target=\"_blank\" rel=\"noopener\">Celtic<\/a> shirts and flags all over the crowd as everyone joined together.<\/p>\n<p>As well as performing their own hits, the band also played up to the 14,000 in attendance and one member was heard shouting: \u201cHail, hail, the Celts are here!\u201d<\/p>\n<p>That then led to the crowd all joining in together.<\/p>\n<p><img decoding=\"async\" loading=\"lazy\" width=\"1024\" height=\"684\"  src=\"https:\/\/www.europesays.com\/uk\/wp-content\/uploads\/2025\/12\/GettyImages-2236177953-1024x684.jpg\" alt=\"Kneecap Perform At OVO Arena Wembley\" \/>Photo by Matthew Baker\/Getty ImagesCeltic song belted out at Kneecap gig<\/p>\n<p>One front man Naoise \u00d3 Caireall\u00e1in, known on stage as M\u00f3gla\u00ed Bap, had made the call, everyone inside the venue began to sing the iconic <a href=\"https:\/\/www.67hailhail.com\/feature\/what-is-the-celtic-walkout-song-lyrics-origins-and-more\/\" target=\"_blank\" rel=\"noopener\">Celtic Song<\/a>.<\/p>\n<p>It\u2019s the same tune that is played when the Hoops walk out before games and has been a staple of every home game.<\/p>\n<p>Kneecap themselves are also self-confessed Celtic fans and have been spotted at games on multiple occasions, as well as wearing shirts of the Hoops.<\/p>\n<p>         Celtic fans sing the Celtic Song at Kneecap gig         Kneecap mock Rangers as Celtic close the gap on league leaders<\/p>\n<p>The group didn\u2019t stop at singing Celtic songs but they did use the chance to take a pop at Rangers.<\/p>\n<p>While Celtic closed in on Hearts, their rivals Rangers dropped points again with a goalless draw against Falkirk. <\/p>\n<p>That led to one of the group members using the opportunity to remind the Glasgow rivals who are the top dogs.<\/p>\n<p>\u201cDid Celtic\u00a0win\u00a0today? Of course we did!\u201d asked one of the band members. \u201cAnd Rangers didn\u2019t win!<\/p>\n<p>\u201cWhat about Celtic? 2-1. And Rangers drawing at home to Falkirk!\u201d before one of the group members began to laugh out loud.<\/p>\n<p>  Join Our Newsletter <\/p>\n<p>Receive a digest of our best Celtic content each week direct to your mailbox<\/p>\n","protected":false},"excerpt":{"rendered":"Celtic fans were in full voice at Kneecap\u2019s gig in Glasgow on Sunday night. Fresh off the back&hellip;\n","protected":false},"author":2,"featured_media":605434,"comment_status":"","ping_status":"","sticky":false,"template":"","format":"standard","meta":{"footnotes":""},"categories":[4100],"tags":[139345,94,79,16,15],"class_list":{"0":"post-605433","1":"post","2":"type-post","3":"status-publish","4":"format-standard","5":"has-post-thumbnail","7":"category-football","8":"tag-celtic-fans","9":"tag-football","10":"tag-sports","11":"tag-uk","12":"tag-united-kingdom"},"share_on_mastodon":{"url":"https:\/\/pubeurope.com\/@uk\/115644822946170673","error":""},"_links":{"self":[{"href":"https:\/\/www.europesays.com\/uk\/wp-json\/wp\/v2\/posts\/605433","targetHints":{"allow":["GET"]}}],"collection":[{"href":"https:\/\/www.europesays.com\/uk\/wp-json\/wp\/v2\/posts"}],"about":[{"href":"https:\/\/www.europesays.com\/uk\/wp-json\/wp\/v2\/types\/post"}],"author":[{"embeddable":true,"href":"https:\/\/www.europesays.com\/uk\/wp-json\/wp\/v2\/users\/2"}],"replies":[{"embeddable":true,"href":"https:\/\/www.europesays.com\/uk\/wp-json\/wp\/v2\/comments?post=605433"}],"version-history":[{"count":0,"href":"https:\/\/www.europesays.com\/uk\/wp-json\/wp\/v2\/posts\/605433\/revisions"}],"wp:featuredmedia":[{"embeddable":true,"href":"https:\/\/www.europesays.com\/uk\/wp-json\/wp\/v2\/media\/605434"}],"wp:attachment":[{"href":"https:\/\/www.europesays.com\/uk\/wp-json\/wp\/v2\/media?parent=605433"}],"wp:term":[{"taxonomy":"category","embeddable":true,"href":"https:\/\/www.europesays.com\/uk\/wp-json\/wp\/v2\/categories?post=605433"},{"taxonomy":"post_tag","embeddable":true,"href":"https:\/\/www.europesays.com\/uk\/wp-json\/wp\/v2\/tags?post=605433"}],"curies":[{"name":"wp","href":"https:\/\/api.w.org\/{rel}","templated":true}]}}