{"id":612109,"date":"2025-12-04T17:50:25","date_gmt":"2025-12-04T17:50:25","guid":{"rendered":"https:\/\/www.europesays.com\/uk\/612109\/"},"modified":"2025-12-04T17:50:25","modified_gmt":"2025-12-04T17:50:25","slug":"glasgow-international-announces-2026-participants","status":"publish","type":"post","link":"https:\/\/www.europesays.com\/uk\/612109\/","title":{"rendered":"Glasgow International announces 2026 participants"},"content":{"rendered":"<p><img decoding=\"async\" src=\"https:\/\/www.europesays.com\/uk\/wp-content\/uploads\/2025\/12\/Mohaiemen_MIRROR_Jackson-Graveyard_01-1230x692.jpg\"   alt=\"A film crew in a graveyard filming a person holding a bouquet of yellow flowers next to a tombstone\" loading=\"lazy\" class=\"Figure__Image-fcctl-2 sKXqu\"\/>Naeem Mohaiemen, Through a Mirror, Darkly (still), 2025. Courtesy Artangel, London<\/p>\n<p class=\"Typography__Paragraph-takw91-2 cxinL\">Glasgow International has announced first details about participating artists, organisations and groups for its 11th edition, that will take place from 5 to 21 June under the new direction of <a href=\"https:\/\/artreview.com\/helen-nisbet-to-direct-glasgow-international\/\" target=\"_blank\" rel=\"noreferrer noopener\">Helen Nisbet<\/a>.<\/p>\n<p class=\"Typography__Paragraph-takw91-2 cxinL\">The biennale will also host the second iteration of Gatherings, a series of free events alongside the festival projects.<\/p>\n<p class=\"Typography__Paragraph-takw91-2 cxinL\">The list of announced artists is: Aqsa Arif, Amelia Barratt, Bettina, Jamie Bolland, Alice Brooke, Ren\u00e8e Hel\u00e8na Browne, The Camelia Committee (Mira Adoumier, Carine Doumit, Nour Ouayda), Lygia Clark, Kate Cooper, Andrew Cranston, Jamie Crewe, Irineu Destourelles, Katy Dove, Tami Elkilani, Gianni Esporas, Olivia Priya Foster, <a href=\"https:\/\/artreview.com\/march-2009-futuregreats-luke-fowler\/\" target=\"_blank\" rel=\"noreferrer noopener\">Luke Fowler<\/a>, Michelle Williams Gamaker, In\u00e8s Heddar, Adam Lewis Jacob, Ayesha Jones, Hannan Jones, Sooun Kim, Amy Lawrence, Rowan Markson, Jericho Mars, Helen McCrorie, Mandy McIntosh, Keira McLean, Adam McNeal, Hussein Mitha, <a href=\"https:\/\/artreview.com\/the-left-wing-melancholy-of-naeem-mohaiemen\/\" target=\"_blank\" rel=\"noreferrer noopener\">Naeem Mohaiemen<\/a>, Lisette May Monroe, Victoria Morton, Jonathan Owen, Anya Paintsil, Anna Paterson, <a href=\"https:\/\/artreview.com\/joanna-piotrowska-unseeing-eyes-restless-bodies-institute-of-contemporary-art-philadelphia-review-chris-murtha\/\" target=\"_blank\" rel=\"noreferrer noopener\">Joanna Piotrowska<\/a>, Lorna Robertson, Nadia Rossi, Natasha Thembiso Ruwona, Rumpus Room\u2019s Children &amp; Young People, <a href=\"https:\/\/artreview.com\/the-interview-tanoa-sasraku\/\" target=\"_blank\" rel=\"noreferrer noopener\">Tanoa Sasraku<\/a>, Bex \u0160ik, Joey Simons, Tahlia Simumba, Rae-Yen Song, Sweatmother, Mana Tashakorinia, Jasmine Togo-Brisby, Iris Touliatou, Zo\u00eb Zo, Zo\u00eb Tumika &amp; Zo\u00eb Guthrie, Myles Westman, Jill Westwood, Matthew Arthur Williams &amp; Maeve Redmond, <a href=\"https:\/\/artreview.com\/news-9-april-18-cathy-wilkes-venice-biennale-in-2019\/\" target=\"_blank\" rel=\"noreferrer noopener\">Cathy Wilkes<\/a>, <a href=\"https:\/\/artreview.com\/one-day-this-boy-how-david-wojnarowicz-gave-me-life\/\" target=\"_blank\" rel=\"noreferrer noopener\">David Wojnarowicz<\/a>, Annabel Wright and Rehana Zaman. <\/p>\n<p class=\"Typography__Paragraph-takw91-2 cxinL\">Organisation and groups that will organise projects include: 16 Collective, Cento, Chorus &amp; The Katy Dove Archive, David Dale Gallery, Gallery of Modern Art, Glasgow Print Studio, Glasgow Women\u2019s Library, Govan Project Space, Ingleby Gallery, Listen Gallery, LUX Scotland and the University of Edinburgh Art Collection, Market Gallery, Maryhill Integration Network, National Trust Scotland, Offline, Outer Spaces, Patricia Fleming Gallery, Platform, Project Ability Gallery, Rumpus Room, Street Level Photoworks, The Common Guild, The Glasgow School of Art, The Hunterian, The Modern Institute and Tramway.<\/p>\n<p class=\"Typography__Paragraph-takw91-2 cxinL\">\u2018Glasgow International is a critical site for discourse and kinship in the city,\u2019 said Nisbet, \u2018an opportunity to platform some of Glasgow\u2019s beautiful and dedicated artist-led work, alongside developing and presenting projects with international artists for local and international audiences.\u2019<\/p>\n<p class=\"Typography__Paragraph-takw91-2 cxinL\"><strong>Read next<\/strong> John Quin on the <a href=\"https:\/\/artreview.com\/attention-economy-glasgow-international-review\/\" target=\"_blank\" rel=\"noopener\">ninth Glasgow International<\/a><\/p>\n<p><a href=\"https:\/\/artreview.com\/author\/artreview\/\" target=\"_blank\" rel=\"noopener\">ArtReview<\/a><a class=\"article__ArticleFooterCategory-sc-7i165q-15 ikkLrq\" href=\"https:\/\/artreview.com\/category\/news\/\" target=\"_blank\" rel=\"noopener\">News<\/a>December 4, 2025artreview.com<\/p>\n","protected":false},"excerpt":{"rendered":"Naeem Mohaiemen, Through a Mirror, Darkly (still), 2025. Courtesy Artangel, London Glasgow International has announced first details about&hellip;\n","protected":false},"author":2,"featured_media":612110,"comment_status":"","ping_status":"","sticky":false,"template":"","format":"standard","meta":{"footnotes":""},"categories":[7826],"tags":[748,918,4884,712,16,15],"class_list":{"0":"post-612109","1":"post","2":"type-post","3":"status-publish","4":"format-standard","5":"has-post-thumbnail","7":"category-glasgow","8":"tag-britain","9":"tag-glasgow","10":"tag-great-britain","11":"tag-scotland","12":"tag-uk","13":"tag-united-kingdom"},"share_on_mastodon":{"url":"https:\/\/pubeurope.com\/@uk\/115662568633726665","error":""},"_links":{"self":[{"href":"https:\/\/www.europesays.com\/uk\/wp-json\/wp\/v2\/posts\/612109","targetHints":{"allow":["GET"]}}],"collection":[{"href":"https:\/\/www.europesays.com\/uk\/wp-json\/wp\/v2\/posts"}],"about":[{"href":"https:\/\/www.europesays.com\/uk\/wp-json\/wp\/v2\/types\/post"}],"author":[{"embeddable":true,"href":"https:\/\/www.europesays.com\/uk\/wp-json\/wp\/v2\/users\/2"}],"replies":[{"embeddable":true,"href":"https:\/\/www.europesays.com\/uk\/wp-json\/wp\/v2\/comments?post=612109"}],"version-history":[{"count":0,"href":"https:\/\/www.europesays.com\/uk\/wp-json\/wp\/v2\/posts\/612109\/revisions"}],"wp:featuredmedia":[{"embeddable":true,"href":"https:\/\/www.europesays.com\/uk\/wp-json\/wp\/v2\/media\/612110"}],"wp:attachment":[{"href":"https:\/\/www.europesays.com\/uk\/wp-json\/wp\/v2\/media?parent=612109"}],"wp:term":[{"taxonomy":"category","embeddable":true,"href":"https:\/\/www.europesays.com\/uk\/wp-json\/wp\/v2\/categories?post=612109"},{"taxonomy":"post_tag","embeddable":true,"href":"https:\/\/www.europesays.com\/uk\/wp-json\/wp\/v2\/tags?post=612109"}],"curies":[{"name":"wp","href":"https:\/\/api.w.org\/{rel}","templated":true}]}}