{"id":614424,"date":"2025-12-05T19:33:20","date_gmt":"2025-12-05T19:33:20","guid":{"rendered":"https:\/\/www.europesays.com\/uk\/614424\/"},"modified":"2025-12-05T19:33:20","modified_gmt":"2025-12-05T19:33:20","slug":"agreement-in-the-eu-on-the-gradual-ban-on-imports-of-russian-gas-hungary-announces-an-appeal","status":"publish","type":"post","link":"https:\/\/www.europesays.com\/uk\/614424\/","title":{"rendered":"Agreement in the EU on the gradual ban on imports of Russian gas, Hungary announces an appeal"},"content":{"rendered":"<p>Brussels (ANSA) \u2013 Agreement in the trilogue between the EU Council and the European Parliament on the regulation to gradually phase out imports of Russian natural gas. The regulation introduces a gradual and legally binding ban on imports of liquefied natural gas (LNG) and gas via pipelines from Russia. <\/p>\n<p>The ban will take effect six weeks after the regulation enters into force, with a gradual approach for existing contracts. Specifically, short-term supply contracts concluded before 17 June 2025 must be terminated by 25 April 2026 for LNG and from 17 June 2026 for pipeline gas. <\/p>\n<p>For long-term LNG contracts, the ban will apply from 1 January 2027, aligning with the regime imposed by the 19th package of sanctions against Moscow. The halt will take effect from 30 September 2027 for long-term contracts provided that storage filling targets are met and at the latest by 1 November 2027.<\/p>\n<p>\u201cToday is a historic day for the European Union,\u201d said the president of the European Commission, <strong>Ursula von der Leyen<\/strong>. \u201cMany thought it would not be possible, yet today it happened. I always knew we could do it. Now we are ready to open collaborations with new reliable partners,\u201d she added.<\/p>\n<p>Hungary has announced that it intends to challenge the EU plan to ban imports of Russian gas into the EU. \u201cAs soon as the RePowerEU plan is formally adopted, we will immediately challenge it before the Court of Justice of the EU. The legal proceedings will begin without delay. Preparatory work is already underway,\u201d wrote Hungarian Foreign Minister <strong>P\u00e9ter Szijj\u00e1rt\u00f3<\/strong> on X. \u201cWe will do whatever is necessary,\u201d he stressed, \u201cto defend Hungary\u2019s energy security.\u201d<\/p>\n<p>The agreement will have to be ratified by the 27 and by the Plenary. \u201cFinally, and forever, we are turning off the tap of Russian gas. We will never again return to our dangerous dependence on Russia,\u201d stressed Commissioner <strong>Dan Jorgensen<\/strong> (3 December).<\/p>\n","protected":false},"excerpt":{"rendered":"Brussels (ANSA) \u2013 Agreement in the trilogue between the EU Council and the European Parliament on the regulation&hellip;\n","protected":false},"author":2,"featured_media":614425,"comment_status":"","ping_status":"","sticky":false,"template":"","format":"standard","meta":{"footnotes":""},"categories":[5174],"tags":[2000,299,5187,1699],"class_list":{"0":"post-614424","1":"post","2":"type-post","3":"status-publish","4":"format-standard","5":"has-post-thumbnail","7":"category-eu","8":"tag-eu","9":"tag-europe","10":"tag-european","11":"tag-european-union"},"share_on_mastodon":{"url":"https:\/\/pubeurope.com\/@uk\/115668635125661677","error":""},"_links":{"self":[{"href":"https:\/\/www.europesays.com\/uk\/wp-json\/wp\/v2\/posts\/614424","targetHints":{"allow":["GET"]}}],"collection":[{"href":"https:\/\/www.europesays.com\/uk\/wp-json\/wp\/v2\/posts"}],"about":[{"href":"https:\/\/www.europesays.com\/uk\/wp-json\/wp\/v2\/types\/post"}],"author":[{"embeddable":true,"href":"https:\/\/www.europesays.com\/uk\/wp-json\/wp\/v2\/users\/2"}],"replies":[{"embeddable":true,"href":"https:\/\/www.europesays.com\/uk\/wp-json\/wp\/v2\/comments?post=614424"}],"version-history":[{"count":0,"href":"https:\/\/www.europesays.com\/uk\/wp-json\/wp\/v2\/posts\/614424\/revisions"}],"wp:featuredmedia":[{"embeddable":true,"href":"https:\/\/www.europesays.com\/uk\/wp-json\/wp\/v2\/media\/614425"}],"wp:attachment":[{"href":"https:\/\/www.europesays.com\/uk\/wp-json\/wp\/v2\/media?parent=614424"}],"wp:term":[{"taxonomy":"category","embeddable":true,"href":"https:\/\/www.europesays.com\/uk\/wp-json\/wp\/v2\/categories?post=614424"},{"taxonomy":"post_tag","embeddable":true,"href":"https:\/\/www.europesays.com\/uk\/wp-json\/wp\/v2\/tags?post=614424"}],"curies":[{"name":"wp","href":"https:\/\/api.w.org\/{rel}","templated":true}]}}