{"id":624895,"date":"2025-12-10T21:05:27","date_gmt":"2025-12-10T21:05:27","guid":{"rendered":"https:\/\/www.europesays.com\/uk\/624895\/"},"modified":"2025-12-10T21:05:27","modified_gmt":"2025-12-10T21:05:27","slug":"britains-brexit-point-man-says-no-to-rejoining-eu-customs-union-politico","status":"publish","type":"post","link":"https:\/\/www.europesays.com\/uk\/624895\/","title":{"rendered":"Britain\u2019s Brexit point man says no to rejoining EU customs union \u2013 POLITICO"},"content":{"rendered":"<p>Britain\u2019s most senior foreign minister, Yvette Cooper, on Wednesday backed a hard cap on the number of people coming in under a youth mobility scheme. She told POLITICO in a separate interview that such a scheme needs to be \u201cbalanced.\u201d<\/p>\n<p>\u201cThe UK-EU relationship is really important and is being reset, and we&#8217;re seeing cooperation around a whole series of different things,\u201d she said. We also, at the same time, need to make sure that issues around migration are always properly managed and controlled.\u201d A U.K. official later clarified that Cooper is keen to see an overall cap on numbers.<\/p>\n<p>Boozy gift<\/p>\n<p>As negotiations move from the\u00a0technical to the political\u00a0level this week, Thomas-Symonds sketched out plans for a fresh Britain-EU summit in Brussels when the time is right. \u201cIn terms of the date, I just want to make sure that we have made sufficient progress, to demonstrate that progress in a summit,&#8221; Nick Thomas-Symonds said. <\/p>\n<p>&#8220;I think that the original [post-Brexit] Trade and Cooperation Agreement did not cover services in the way that it should have done,&#8221; he added. &#8220;We want to move forward on things like mutual recognition of professional qualifications.&#8221;<\/p>\n<p>Thomas-Symonds, one of the government\u2019s most ardent pro-Europeans, meanwhile told POLITICO he had forged a good relationship with &#8220;Maro\u0161&#8221; (\u0160ef\u010dovi\u010d) \u2013 and had even brought him a Christmas present of a bottle of House of Commons whisky. &#8220;So there&#8217;s no doubt that there is that trajectory of closer U.K.-EU cooperation,&#8221; he quipped.<\/p>\n<p>Dan Bloom and Esther Webber contributed reporting.<\/p>\n","protected":false},"excerpt":{"rendered":"Britain\u2019s most senior foreign minister, Yvette Cooper, on Wednesday backed a hard cap on the number of people&hellip;\n","protected":false},"author":2,"featured_media":624896,"comment_status":"","ping_status":"","sticky":false,"template":"","format":"standard","meta":{"footnotes":""},"categories":[5226],"tags":[802,748,6215,6852,194095,473,11858,33,2000,299,5187,1699,1214,1824,4884,40,730,807,1216,49268,6657,809,810,48,332,1199,6861,479,3053,1201,16,15,49,6863,50,5113],"class_list":{"0":"post-624895","1":"post","2":"type-post","3":"status-publish","4":"format-standard","5":"has-post-thumbnail","7":"category-brexit","8":"tag-brexit","9":"tag-britain","10":"tag-cooperation","11":"tag-customs-union","12":"tag-dan-bloom","13":"tag-defense","14":"tag-ed-davey","15":"tag-elections","16":"tag-eu","17":"tag-europe","18":"tag-european","19":"tag-european-union","20":"tag-exports","21":"tag-germany","22":"tag-great-britain","23":"tag-immigration","24":"tag-india","25":"tag-keir-starmer","26":"tag-maros-sefcovic","27":"tag-meg-hillier","28":"tag-migration","29":"tag-negotiations","30":"tag-nick-thomas-symonds","31":"tag-rights","32":"tag-russia","33":"tag-services","34":"tag-single-market","35":"tag-tariffs","36":"tag-the-netherlands","37":"tag-trade","38":"tag-uk","39":"tag-united-kingdom","40":"tag-united-states","41":"tag-visas","42":"tag-youth","43":"tag-yvette-cooper"},"share_on_mastodon":{"url":"https:\/\/pubeurope.com\/@uk\/115697308684022022","error":""},"_links":{"self":[{"href":"https:\/\/www.europesays.com\/uk\/wp-json\/wp\/v2\/posts\/624895","targetHints":{"allow":["GET"]}}],"collection":[{"href":"https:\/\/www.europesays.com\/uk\/wp-json\/wp\/v2\/posts"}],"about":[{"href":"https:\/\/www.europesays.com\/uk\/wp-json\/wp\/v2\/types\/post"}],"author":[{"embeddable":true,"href":"https:\/\/www.europesays.com\/uk\/wp-json\/wp\/v2\/users\/2"}],"replies":[{"embeddable":true,"href":"https:\/\/www.europesays.com\/uk\/wp-json\/wp\/v2\/comments?post=624895"}],"version-history":[{"count":0,"href":"https:\/\/www.europesays.com\/uk\/wp-json\/wp\/v2\/posts\/624895\/revisions"}],"wp:featuredmedia":[{"embeddable":true,"href":"https:\/\/www.europesays.com\/uk\/wp-json\/wp\/v2\/media\/624896"}],"wp:attachment":[{"href":"https:\/\/www.europesays.com\/uk\/wp-json\/wp\/v2\/media?parent=624895"}],"wp:term":[{"taxonomy":"category","embeddable":true,"href":"https:\/\/www.europesays.com\/uk\/wp-json\/wp\/v2\/categories?post=624895"},{"taxonomy":"post_tag","embeddable":true,"href":"https:\/\/www.europesays.com\/uk\/wp-json\/wp\/v2\/tags?post=624895"}],"curies":[{"name":"wp","href":"https:\/\/api.w.org\/{rel}","templated":true}]}}