{"id":625324,"date":"2025-12-11T02:00:26","date_gmt":"2025-12-11T02:00:26","guid":{"rendered":"https:\/\/www.europesays.com\/uk\/625324\/"},"modified":"2025-12-11T02:00:26","modified_gmt":"2025-12-11T02:00:26","slug":"spain-2026-forecast-you-may-not-agree-with-pedro-sanchez-but-his-country-continues-to-take-a-refreshing-stance","status":"publish","type":"post","link":"https:\/\/www.europesays.com\/uk\/625324\/","title":{"rendered":"Spain 2026 forecast: You may not agree with Pedro S\u00e1nchez but his country continues to take a refreshing stance"},"content":{"rendered":"<p class=\"wp-block-paragraph\">One of the things that I get to do as Monocle\u2019s Europe editor at large is compile a mental compendium of how nations on the vieux continent are performing against one another \u2013 the doers and the duds. Part of my 2025 involved thinking about how France and Italy had, in many ways, <a href=\"https:\/\/monocle.com\/affairs\/italy-emerging-europe-stable-power\/\" target=\"_blank\" rel=\"noopener\">switched positions<\/a>. France has been racked by debt woes and political indecision and Italy racked by debt woes but proving surprisingly stable politically \u2013\u00a0something that it hasn\u2019t been used to since the Second World War. As for my 2026? A good chunk of time will be spent pondering Spain.<\/p>\n<p>Spain has consistently\u00a0and unfairly\u00a0flown under the radar. The Iberian nation is having a moment \u2013\u00a0proof that progressive, ethics-based politics has a place, despite the planet\u2019s increasingly nativist turn. For one, Spain has been making strides towards gender parity. While women represent about a third of Italy\u2019s two chambers, they make up almost 43 per cent in Spain, putting it on a heady par with Nordic nations such as Sweden and Finland. What about infrastructure? Spain recently announced that its Madrid to Barcelona line would be upgraded to allow trains to reach 350km\/h \u2013\u00a0speeds normally only achieved by Asian giants.<\/p>\n<p>Then there\u2019s its economic growth, which grew by 3.5 per cent in 2024 and is projected to grow by 2.9 per cent this year (2026 is looking almost as good). Spain\u2019s success is down to sectors such as tourism, services and manufacturing \u2013\u00a0and another key factor: immigration. The Spanish government has realised that its ageing workforce needs a boost, which is why it has been amending its laws to improve migrant integration. In 2024 the country welcomed 368,000 new arrivals, putting it in the top-five OECD countries in terms of numbers.<\/p>\n<p><img loading=\"lazy\" data-recalc-dims=\"1\" decoding=\"async\" height=\"730\" width=\"973\" src=\"https:\/\/www.europesays.com\/uk\/wp-content\/uploads\/2025\/12\/\u00a9Jack-AbuinAlamy_3C4YJGR_CROP_.jpg\" alt=\"\" class=\"wp-image-248495\"  \/>Looking ahead: Pedro S\u00e1nchez (Image: Jack Abuin\/Alamy)<\/p>\n<p class=\"wp-block-paragraph\">So what\u2019s not to love? The problem seems to be that Spain\u2019s left-wing prime minister, Pedro S\u00e1nchez, divides opinion. In November thousands of opposition supporters took to the streets in Madrid to call for early elections over a corruption scandal surrounding his Socialist party called the \u201cCaso Koldo\u201d (Koldo Case), involving former transport minister Jos\u00e9\u00a0Luis \u00c1balos, former adviser Koldo Garc\u00eda and former party secretary-general Santos Cerd\u00e1n, among others.\u00a0<\/p>\n<p>And yet S\u00e1nchez\u00a0has managed to rise above it all, speaking out against the far right, attempting to explain the dangers of disinformation to the Spanish public and looking to have abortion enshrined in the constitution. He has consistently taken an ethical line on Israel, denouncing what is happening in Gaza as a \u201cgenocide\u201d, implementing an arms embargo against the nation and pulling out of the Eurovision song contest in protest at its inclusion. And despite the centre-right PP and the far-right Vox parties waiting in the wings, he refuses to step down \u2013\u00a0and has even said that he will run for re-election in 2027. Not that it will be easy. Unemployment remains high at more than 10 per cent, there are difficult regional elections coming up in 2026, inflation continues to be a concern and Spain has irked the US over its low defence spending (Politico recently called S\u00e1nchez \u201cNato\u2019s flakiest friend\u201d).\u00a0<\/p>\n<p>Nevertheless, the point is this: you don\u2019t need to agree with everything that Spain is currently doing. But as a leader of a nation that is increasingly becoming the economic engine room of Europe, S\u00e1nchez takes a principle-based line and sticks to it. Whether it comes from a genuine place or is mere expediency almost misses the point: he\u2019s a talented politician.\u00a0<\/p>\n<p>Ed Stocker is Monocle\u2019s Europe editor at large, based in Milan. For more opinion, analysis and insight, <a href=\"https:\/\/monocle.com\/subscribe\/\" target=\"_blank\" rel=\"noopener\">subscribe<\/a> to Monocle today.<\/p>\n<p>\t\t\t\t\t<img loading=\"lazy\" data-recalc-dims=\"1\" decoding=\"async\" width=\"713\" height=\"582\" src=\"https:\/\/www.europesays.com\/uk\/wp-content\/uploads\/2025\/12\/new-magazines-illo-crop.png\" class=\"c-newsletter-signup-block__image\" alt=\"new magazines in a box\"  \/>\t\t\t\t<\/p>\n<p>\t\t\t\t\t\tThis story originally appeared in The Monocle Minute\t\t\t\t\t<\/p>\n<p class=\"c-newsletter-signup-block__description\">\n\t\t\t\t\t\t\u2026Monocle\u2019s free-to-read daily newsletter. Sign up to get insight from Monocle in your inbox every day.\t\t\t\t\t<\/p>\n","protected":false},"excerpt":{"rendered":"One of the things that I get to do as Monocle\u2019s Europe editor at large is compile a&hellip;\n","protected":false},"author":2,"featured_media":625325,"comment_status":"","ping_status":"","sticky":false,"template":"","format":"standard","meta":{"footnotes":""},"categories":[5312],"tags":[2000,299,5338,285,104,194169,47982],"class_list":{"0":"post-625324","1":"post","2":"type-post","3":"status-publish","4":"format-standard","5":"has-post-thumbnail","7":"category-spain","8":"tag-eu","9":"tag-europe","10":"tag-pedro-sanchez","11":"tag-politics","12":"tag-spain","13":"tag-spain-politics","14":"tag-spanish-politics"},"share_on_mastodon":{"url":"https:\/\/pubeurope.com\/@uk\/115698469761199655","error":""},"_links":{"self":[{"href":"https:\/\/www.europesays.com\/uk\/wp-json\/wp\/v2\/posts\/625324","targetHints":{"allow":["GET"]}}],"collection":[{"href":"https:\/\/www.europesays.com\/uk\/wp-json\/wp\/v2\/posts"}],"about":[{"href":"https:\/\/www.europesays.com\/uk\/wp-json\/wp\/v2\/types\/post"}],"author":[{"embeddable":true,"href":"https:\/\/www.europesays.com\/uk\/wp-json\/wp\/v2\/users\/2"}],"replies":[{"embeddable":true,"href":"https:\/\/www.europesays.com\/uk\/wp-json\/wp\/v2\/comments?post=625324"}],"version-history":[{"count":0,"href":"https:\/\/www.europesays.com\/uk\/wp-json\/wp\/v2\/posts\/625324\/revisions"}],"wp:featuredmedia":[{"embeddable":true,"href":"https:\/\/www.europesays.com\/uk\/wp-json\/wp\/v2\/media\/625325"}],"wp:attachment":[{"href":"https:\/\/www.europesays.com\/uk\/wp-json\/wp\/v2\/media?parent=625324"}],"wp:term":[{"taxonomy":"category","embeddable":true,"href":"https:\/\/www.europesays.com\/uk\/wp-json\/wp\/v2\/categories?post=625324"},{"taxonomy":"post_tag","embeddable":true,"href":"https:\/\/www.europesays.com\/uk\/wp-json\/wp\/v2\/tags?post=625324"}],"curies":[{"name":"wp","href":"https:\/\/api.w.org\/{rel}","templated":true}]}}