{"id":628517,"date":"2025-12-12T15:18:13","date_gmt":"2025-12-12T15:18:13","guid":{"rendered":"https:\/\/www.europesays.com\/uk\/628517\/"},"modified":"2025-12-12T15:18:13","modified_gmt":"2025-12-12T15:18:13","slug":"juan-ayuso-and-mads-pedersen-lead-lidl-trek-at-tour-de-france","status":"publish","type":"post","link":"https:\/\/www.europesays.com\/uk\/628517\/","title":{"rendered":"Juan Ayuso and Mads Pedersen lead Lidl-Trek at Tour de France"},"content":{"rendered":"<p>Ayuso will begin his season at the Volta ao Algarve in Portugal on the 19th of February, this after an altitude camp at Monte Teide, Tenerife. He will focus on stage-races throughout the spring, racing Paris-Nice and Itzulia Basque Country. With Skjelmose certain to aim for the Giro, it is very likely that the Dane will alternatively race Tirreno-Adriatico and Volta a Catalunya.<\/p>\n<p>Ayuso will then race the Ardennes classics, Fl\u00e8che Wallonne and Li\u00e8ge-Bastogne-Li\u00e8ge where he will most likely go head-to-head against Tadej Pogacar &#8211; potentially for the first time this upcoming season. He will then take on the traditional preparation towards the Tour, certainly featuring an altitude training camp in May and then the Tour Auverge &#8211; Rh\u00f4ne Alpes (the new name for the Criterium du Dauphin\u00e9.<\/p>\n<p>At the Tour he will be the team&#8217;s sole overall classification contender and will join <a href=\"https:\/\/cyclinguptodate.com\/mads-pedersen\" title=\"Mads Pedersen\" target=\"_blank\" rel=\"noopener\">Mads Pedersen<\/a>, as said by himself. This finally confirms that the Dane will be racing the Grand Boucle after a year of absence and Jonathan Milan &#8211; winner of the green jersey in the previous edition &#8211; is likely heading to the Giro d&#8217;Italia.<\/p>\n<p>A publication with Ayuso&#8217;s full words to the media will follow&#8230; <\/p>\n<p><b>Update: Mattias Skjelmose will race the Tour de France as well, with the team deciding he will not race the Giro d&#8217;Italia as initially planned &#8211; but without GC ambitions. More to follow&#8230;<\/b><\/p>\n","protected":false},"excerpt":{"rendered":"Ayuso will begin his season at the Volta ao Algarve in Portugal on the 19th of February, this&hellip;\n","protected":false},"author":2,"featured_media":628518,"comment_status":"","ping_status":"","sticky":false,"template":"","format":"standard","meta":{"footnotes":""},"categories":[4104],"tags":[4230,184916,20358,20359,79,20680,16,15],"class_list":{"0":"post-628517","1":"post","2":"type-post","3":"status-publish","4":"format-standard","5":"has-post-thumbnail","7":"category-cycling","8":"tag-cycling","9":"tag-juan-ayuso","10":"tag-lidl-trek","11":"tag-mads-pedersen","12":"tag-sports","13":"tag-tour-de-france","14":"tag-uk","15":"tag-united-kingdom"},"share_on_mastodon":{"url":"https:\/\/pubeurope.com\/@uk\/115707268494359299","error":""},"_links":{"self":[{"href":"https:\/\/www.europesays.com\/uk\/wp-json\/wp\/v2\/posts\/628517","targetHints":{"allow":["GET"]}}],"collection":[{"href":"https:\/\/www.europesays.com\/uk\/wp-json\/wp\/v2\/posts"}],"about":[{"href":"https:\/\/www.europesays.com\/uk\/wp-json\/wp\/v2\/types\/post"}],"author":[{"embeddable":true,"href":"https:\/\/www.europesays.com\/uk\/wp-json\/wp\/v2\/users\/2"}],"replies":[{"embeddable":true,"href":"https:\/\/www.europesays.com\/uk\/wp-json\/wp\/v2\/comments?post=628517"}],"version-history":[{"count":0,"href":"https:\/\/www.europesays.com\/uk\/wp-json\/wp\/v2\/posts\/628517\/revisions"}],"wp:featuredmedia":[{"embeddable":true,"href":"https:\/\/www.europesays.com\/uk\/wp-json\/wp\/v2\/media\/628518"}],"wp:attachment":[{"href":"https:\/\/www.europesays.com\/uk\/wp-json\/wp\/v2\/media?parent=628517"}],"wp:term":[{"taxonomy":"category","embeddable":true,"href":"https:\/\/www.europesays.com\/uk\/wp-json\/wp\/v2\/categories?post=628517"},{"taxonomy":"post_tag","embeddable":true,"href":"https:\/\/www.europesays.com\/uk\/wp-json\/wp\/v2\/tags?post=628517"}],"curies":[{"name":"wp","href":"https:\/\/api.w.org\/{rel}","templated":true}]}}