{"id":637890,"date":"2025-12-17T10:11:11","date_gmt":"2025-12-17T10:11:11","guid":{"rendered":"https:\/\/www.europesays.com\/uk\/637890\/"},"modified":"2025-12-17T10:11:11","modified_gmt":"2025-12-17T10:11:11","slug":"eu-erasmus-scheme-to-reopen-to-uk-students-for-first-time-since-brexit-students","status":"publish","type":"post","link":"https:\/\/www.europesays.com\/uk\/637890\/","title":{"rendered":"EU Erasmus scheme to reopen to UK students for first time since Brexit | Students"},"content":{"rendered":"<p class=\"dcr-130mj7b\">Young people across the UK will be able to study or gain work experience through the EU\u2019s Erasmus scheme for the first time since <a href=\"https:\/\/www.theguardian.com\/politics\/eu-referendum\" data-link-name=\"in body link\" data-component=\"auto-linked-tag\" target=\"_blank\" rel=\"noopener\">Brexit<\/a>, after the government announced an agreement to rejoin at a cost of \u00a3570m.<\/p>\n<p class=\"dcr-130mj7b\">The scheme officially known as Erasmus+ will be reopened to those involved in education, training, culture and sport from 2027, after discussions in London and Brussels to fulfil a Labour election manifesto pledge.<\/p>\n<p class=\"dcr-130mj7b\">The UK government said up to 100,000 people of all ages could benefit in the first year, and stressed that Erasmus membership \u201cwill create educational and training opportunities for British apprentices, further education students and adult learners, as well as those in higher education\u201d.<\/p>\n<p class=\"dcr-130mj7b\">Jacqui Smith, the skills minister, said: \u201cThis is about breaking down barriers to opportunity, giving learners the chance to build skills, confidence and international experience that employers value.<\/p>\n<p class=\"dcr-130mj7b\">\u201cErasmus+ will open doors for thousands of students and staff right across the country in universities, schools, colleges and adult education.\u201d<\/p>\n<p class=\"dcr-130mj7b\">David Hughes, chief executive of the Association of <a href=\"https:\/\/www.theguardian.com\/education\/colleges\" data-link-name=\"in body link\" data-component=\"auto-linked-tag\" target=\"_blank\" rel=\"noopener\">Colleges<\/a>, said the announcement was \u201cbrilliant news\u201d for staff and students of all ages in further education colleges.<\/p>\n<p class=\"dcr-130mj7b\">He added: \u201cFor students, it widens their perspective on the world, opening their eyes to different cultures and different ways of life, and for staff, the opportunity to learn from other countries on how they deliver technical education and skills is invaluable.<\/p>\n<p class=\"dcr-130mj7b\">\u201cI am sure colleges will be delighted that they can offer these opportunities to students and staff.\u201d<\/p>\n<p class=\"dcr-130mj7b\">The UK\u2019s contribution for 2027 will be approximately \u00a3570m, coming from existing departmental budgets.<\/p>\n<p class=\"dcr-130mj7b\">The government said the terms \u201cstrike a fair balance between our contribution and the benefits the programme offers, including a 30% discount compared to the default terms \u2026 This ensures value for UK taxpayers while guaranteeing full participation benefits.\u201d<\/p>\n<p class=\"dcr-130mj7b\">For university students, the decision means they will be able to spend up to a year studying at European universities as part of their UK degree courses without paying extra fees, while UK universities will be able to accept European students under the same terms.<\/p>\n<p class=\"dcr-130mj7b\">Those travelling to Europe under the scheme will be eligible for a grant to help with the costs of living abroad, including those studying at FE colleges or on work placements.<\/p>\n<p class=\"dcr-130mj7b\">Alex Stanley, a vice-president of the National Union of <a href=\"https:\/\/www.theguardian.com\/education\/students\" data-link-name=\"in body link\" data-component=\"auto-linked-tag\" target=\"_blank\" rel=\"noopener\">Students<\/a>, said: \u201cSince the UK left the programme, the number of UK students studying in Europe has plummeted, and as has the number of students from Europe studying in the UK.<\/p>\n<p class=\"dcr-130mj7b\">\u201cBut now, the next generation of students from the UK would be able to experience it all, and campuses across the country could benefit from the perspectives of Erasmus students coming to the UK.\u201d<\/p>\n<p class=\"dcr-130mj7b\">Nick Thomas-Symonds, the government\u2019s EU relations minister, reached the agreement after talks with his EU counterpart, Maro\u0161 \u0160ef\u010dovi\u010d , as part of Keir Starmer\u2019s \u201creset\u201d in relations with the EU.<\/p>\n<p class=\"dcr-130mj7b\">The Erasmus scheme started in 1987 as a university exchange programme but has expanded over the past decade to include work and training placements, as well as funding for school trips and cultural events.<\/p>\n<p class=\"dcr-130mj7b\">The UK <a href=\"https:\/\/www.theguardian.com\/education\/2020\/dec\/24\/uk-students-lose-erasmus-membership-in-brexit-deal\" data-link-name=\"in body link\" target=\"_blank\" rel=\"noopener\">left Erasmus after Brexit<\/a>, with Boris Johnson claiming the programme did not offer value for money. The government set up a more restricted student travel programme, known as the Turing scheme. No announcement has yet been made about the future of the Turing scheme.<\/p>\n","protected":false},"excerpt":{"rendered":"Young people across the UK will be able to study or gain work experience through the EU\u2019s Erasmus&hellip;\n","protected":false},"author":2,"featured_media":637891,"comment_status":"","ping_status":"","sticky":false,"template":"","format":"standard","meta":{"footnotes":""},"categories":[5226],"tags":[802,748,2000,299,5187,1699,4884,16,15],"class_list":{"0":"post-637890","1":"post","2":"type-post","3":"status-publish","4":"format-standard","5":"has-post-thumbnail","7":"category-brexit","8":"tag-brexit","9":"tag-britain","10":"tag-eu","11":"tag-europe","12":"tag-european","13":"tag-european-union","14":"tag-great-britain","15":"tag-uk","16":"tag-united-kingdom"},"share_on_mastodon":{"url":"https:\/\/pubeurope.com\/@uk\/115734373041127253","error":""},"_links":{"self":[{"href":"https:\/\/www.europesays.com\/uk\/wp-json\/wp\/v2\/posts\/637890","targetHints":{"allow":["GET"]}}],"collection":[{"href":"https:\/\/www.europesays.com\/uk\/wp-json\/wp\/v2\/posts"}],"about":[{"href":"https:\/\/www.europesays.com\/uk\/wp-json\/wp\/v2\/types\/post"}],"author":[{"embeddable":true,"href":"https:\/\/www.europesays.com\/uk\/wp-json\/wp\/v2\/users\/2"}],"replies":[{"embeddable":true,"href":"https:\/\/www.europesays.com\/uk\/wp-json\/wp\/v2\/comments?post=637890"}],"version-history":[{"count":0,"href":"https:\/\/www.europesays.com\/uk\/wp-json\/wp\/v2\/posts\/637890\/revisions"}],"wp:featuredmedia":[{"embeddable":true,"href":"https:\/\/www.europesays.com\/uk\/wp-json\/wp\/v2\/media\/637891"}],"wp:attachment":[{"href":"https:\/\/www.europesays.com\/uk\/wp-json\/wp\/v2\/media?parent=637890"}],"wp:term":[{"taxonomy":"category","embeddable":true,"href":"https:\/\/www.europesays.com\/uk\/wp-json\/wp\/v2\/categories?post=637890"},{"taxonomy":"post_tag","embeddable":true,"href":"https:\/\/www.europesays.com\/uk\/wp-json\/wp\/v2\/tags?post=637890"}],"curies":[{"name":"wp","href":"https:\/\/api.w.org\/{rel}","templated":true}]}}