{"id":639312,"date":"2025-12-18T01:37:19","date_gmt":"2025-12-18T01:37:19","guid":{"rendered":"https:\/\/www.europesays.com\/uk\/639312\/"},"modified":"2025-12-18T01:37:19","modified_gmt":"2025-12-18T01:37:19","slug":"after-120-years-france-is-still-grappling-with-the-meaning-of-the-separation-of-church-and-state","status":"publish","type":"post","link":"https:\/\/www.europesays.com\/uk\/639312\/","title":{"rendered":"After 120 years, France is still grappling with the meaning of the separation of church and state"},"content":{"rendered":"<p><a style=\"display:block\" href=\"https:\/\/www.theglobeandmail.com\/resizer\/v2\/NPQNCFCTIVCDZECIQDSX4NBM6A.jpg?auth=950e3d5138dfef11272c1ad90009407d2a9904cd3d38b2e35e3f01093396a782&amp;width=600&amp;height=400&amp;quality=80&amp;smart=true\" aria-haspopup=\"true\" data-photo-viewer-index=\"0\" target=\"_blank\" rel=\"noopener\">Open this photo in gallery:<\/a><\/p>\n<p class=\"figcap-text\">The damaged roof of Notre-Dame-de Paris Cathedral in Paris in April, 2019. The 12th-century cathedral has welcomed more than 11 million visitors since its reopening last year.AMAURY BLIN\/AFP\/Getty Images<\/p>\n<p class=\"c-article-body__text text-pr-5\">Earlier this month, as Christmas decorations went up across the country, France marked the 120th anniversary of its 1905 law on the separation of church and state with countless ceremonies underscoring the sanctity of<b> <\/b>la la\u00efcit\u00e9 in French society.<\/p>\n<p class=\"c-article-body__text text-pr-5\">Under the 1905 law, whose principles are enshrined in France\u2019s 1958 Constitution, the French state neither recognizes nor subsidizes any religion. Adopted after more than a century of brutal divisions between Catholic monarchists and anticlerical Republicans in post-revolutionary France, the law\u2019s main effect at the time was to secularize an education system that had remained under the control of the Church.<\/p>\n<p class=\"c-article-body__text text-pr-5\">The French right never fully endorsed the concept of la la\u00efcit\u00e9 \u2013 as France\u2019s particular brand of secularism is known \u2013 as it considers the country\u2019s Christian heritage to be a fundamental characteristic of the French identity and worthy of protection. The official reopening last year of fire-ravaged Notre-Dame de Paris \u2013 which united a who\u2019s-who of politicians and celebrities in the celebration of a Catholic mass \u2013 reminded everyone just how much the French value their Christian traditions, if not faith, when it suits them.<\/p>\n<p class=\"c-article-body__text text-pr-5\">Nothing symbolizes France more than the 12th-century cathedral that has welcomed more than 11 million visitors since its reopening a year ago this month.<\/p>\n<p class=\"c-article-body__text mv-16 l-inset text-pb-8\" data-sophi-feature=\"interstitial\"><a href=\"https:\/\/www.theglobeandmail.com\/opinion\/article-canada-budget-economy-britain-uk-france-lecornu-reeves-starmer-macron\/\" target=\"_blank\" rel=\"noopener\">Konrad Yakabuski: France and Britain are in a fiscal mess. Can Canada avoid their fate?<\/a><\/p>\n<p class=\"c-article-body__text mv-16 l-inset text-pb-8\" data-sophi-feature=\"interstitial\"><a href=\"https:\/\/www.theglobeandmail.com\/opinion\/article-quebec-ban-street-prayer\/\" target=\"_blank\" rel=\"noopener\">Robyn Urback: Quebec shouldn\u2019t ban street prayer. Municipalities should enforce existing laws<\/a><\/p>\n<p class=\"c-article-body__text text-pr-5\">Each Christmas season, a handful of right-wing mayors still erect nativity scenes in municipal buildings, in contravention of the law, invariably sparking denunciations by left-wing politicians. Yet, while the French left never misses an opportunity to attack violations of the 1905 law by Christian mayors, it systematically rises up against efforts to enforce the law that target French Muslims.<\/p>\n<p class=\"c-article-body__text text-pr-5\">And for the past three decades, the French state\u2019s main focus, if not obsession, in upholding the 1905 law has been stopping the encroachment (real or perceived) of Islam in the public sphere. A debate that began in 1989, after three teenage girls were suspended for refusing to remove their hijabs at school, eventually resulted in a 2004 law that officially banned the wearing of conspicuous religious symbols in public schools. <\/p>\n<p class=\"c-article-body__text text-pr-5\">That was followed by the adoption, in 2010, of a law banning the full-face veil in public. In the wake of the 2015 terrorist attacks and the 2020 assassination of a teacher who showed caricatures of the prophet Mohammed to his students, another law was passed in 2021 that empowers police to temporarily close mosques deemed to promote violence or hatred. <\/p>\n<p class=\"c-article-body__text text-pr-5\">While la la\u00efcit\u00e9 is officially about the neutrality of the French state, it increasingly appears to be most concerned with the religious emancipation of young French Muslims. After all, is this not what the ban on wearing religious symbols in public schools is really all about?<\/p>\n<p class=\"c-article-body__text text-pr-5\">On the Dec. 9 anniversary of the 1905 law, French Education Minister \u00c9douard Geffray <a href=\"https:\/\/www.assemblee-nationale.fr\/dyn\/17\/comptes-rendus\/seance\/session-ordinaire-de-2025-2026\/deuxieme-seance-du-mardi-09-decembre-2025\" target=\"_self\" rel=\"noopener\" title=\"https:\/\/www.assemblee-nationale.fr\/dyn\/17\/comptes-rendus\/seance\/session-ordinaire-de-2025-2026\/deuxieme-seance-du-mardi-09-decembre-2025\">told<\/a> the National Assembly that two principles above all underscore la la\u00efcit\u00e9. <\/p>\n<p class=\"c-article-body__text text-pr-5\">\u201cThe first is that, when a family entrusts its children to public school, it entrusts them so that they can grow free from all pressure and proselytism. That is not negotiable,\u201d he said. \u201cThe second is that, when a teacher enters a classroom, he does not see Christian, Muslim, Jewish or atheist students; he sees children of the Republic. And when children enter a classroom, they do not see a Muslim, Jewish, Cristian or atheist teacher; they see a servant of the Republic. That is not negotiable.\u201d<\/p>\n<p class=\"c-article-body__text text-pr-5\">That is a neat principle, in theory, at least. It is another question altogether in practice.<\/p>\n<p class=\"c-article-body__text text-pr-5\">The French education ministry keeps a tally of what it calls atteintes \u00e0 la la\u00efcit\u00e9 (violations of securalism) in public schools. It <a href=\"https:\/\/www.france24.com\/fr\/info-en-continu\/20251209-atteintes-%C3%A0-la-la%C3%AFcit%C3%A9-%C3%A0-l-%C3%A9cole-baisse-de-10-par-rapport-%C3%A0-la-rentr%C3%A9e-2024-selon-le-ministre\" target=\"_self\" rel=\"noopener\" title=\"https:\/\/www.france24.com\/fr\/info-en-continu\/20251209-atteintes-%C3%A0-la-la%C3%AFcit%C3%A9-%C3%A0-l-%C3%A9cole-baisse-de-10-par-rapport-%C3%A0-la-rentr%C3%A9e-2024-selon-le-ministre\">enumerated<\/a> more than 1,300 in the first three months of the current school year alone. While Mr. Geffray boasted that this amounted a 10-per-cent decline from the same period in 2024, it also reflected the increasing generational division within French society over religious expressions in the public sphere. <\/p>\n<p class=\"c-article-body__text text-pr-5\">A <a href=\"https:\/\/www.ifop.com\/article\/touche-pas-a-ma-loi-le-regard-des-francais-sur-la-laicite-120-ans-apres-le-vote-de-la-loi-de-1905\/\" target=\"_self\" rel=\"noopener\" title=\"https:\/\/www.ifop.com\/article\/touche-pas-a-ma-loi-le-regard-des-francais-sur-la-laicite-120-ans-apres-le-vote-de-la-loi-de-1905\/\">survey<\/a> by the polling firm Ifop, marking the 120th anniversary of the 1905 law, found that while 67 per cent of French voters, and 85 per cent of those over 65, support banning religious symbols in the public sphere, this proportion falls to 46 per cent among 18- to 24-year-olds. While 52 per cent of those over 65 consider la la\u00efcit\u00e9 to be an \u201cessential\u201d element of French identity, just 24 per cent of their younger counterparts agree. And the generational divide is growing.<\/p>\n<p class=\"c-article-body__text text-pr-5\">Therein lies an irony: For a country that frowns on public manifestations of faith, French politics do seem to revolve an awful lot around religion. Fully 120 years after the official separation of church and state, France is still grappling with its meaning.<\/p>\n","protected":false},"excerpt":{"rendered":"Open this photo in gallery: The damaged roof of Notre-Dame-de Paris Cathedral in Paris in April, 2019. The&hellip;\n","protected":false},"author":2,"featured_media":639313,"comment_status":"","ping_status":"","sticky":false,"template":"","format":"standard","meta":{"footnotes":""},"categories":[5309],"tags":[6934,6925,6935,1500,6918,6936,943,6917,6930,6931,6927,6919,6916,1700,2266,728,2000,299,6929,6923,36,6946,6920,6921,1234,6926,388,3611,6607,603,6941,6942,6944,6939,6943,6937,6940,6922,6932,6933,285,3027,6938,6924,53,183,6928,727,263,6945],"class_list":{"0":"post-639312","1":"post","2":"type-post","3":"status-publish","4":"format-standard","5":"has-post-thumbnail","7":"category-france","8":"tag-alberta","9":"tag-arts-news","10":"tag-bc","11":"tag-breaking-news","12":"tag-breaking-news-video","13":"tag-british-columbia","14":"tag-canada","15":"tag-canada-news","16":"tag-canada-sports","17":"tag-canada-sports-news","18":"tag-canada-trafficcanada-weather","19":"tag-canadian-breaking-news","20":"tag-canadian-news","21":"tag-economy","22":"tag-education","23":"tag-environment","24":"tag-eu","25":"tag-europe","26":"tag-federal-government","27":"tag-foreign-news","28":"tag-france","29":"tag-globe-and-mail","30":"tag-globe-and-mail-breaking-news","31":"tag-globe-and-mail-canada-news","32":"tag-government","33":"tag-life-news","34":"tag-lifestyle","35":"tag-local-news","36":"tag-manitoba","37":"tag-national-news","38":"tag-new-brunswick","39":"tag-newfoundland-and-labrador","40":"tag-northwest-territories","41":"tag-nova-scotia","42":"tag-nunavut","43":"tag-ontario","44":"tag-pei","45":"tag-photos","46":"tag-political-news","47":"tag-political-opinion","48":"tag-politics","49":"tag-politics-news","50":"tag-quebec","51":"tag-sports-news","52":"tag-technology","53":"tag-travel","54":"tag-trudeau","55":"tag-us-news","56":"tag-world-news","57":"tag-yukon"},"share_on_mastodon":{"url":"","error":"Validation failed: Text character limit of 500 exceeded"},"_links":{"self":[{"href":"https:\/\/www.europesays.com\/uk\/wp-json\/wp\/v2\/posts\/639312","targetHints":{"allow":["GET"]}}],"collection":[{"href":"https:\/\/www.europesays.com\/uk\/wp-json\/wp\/v2\/posts"}],"about":[{"href":"https:\/\/www.europesays.com\/uk\/wp-json\/wp\/v2\/types\/post"}],"author":[{"embeddable":true,"href":"https:\/\/www.europesays.com\/uk\/wp-json\/wp\/v2\/users\/2"}],"replies":[{"embeddable":true,"href":"https:\/\/www.europesays.com\/uk\/wp-json\/wp\/v2\/comments?post=639312"}],"version-history":[{"count":0,"href":"https:\/\/www.europesays.com\/uk\/wp-json\/wp\/v2\/posts\/639312\/revisions"}],"wp:featuredmedia":[{"embeddable":true,"href":"https:\/\/www.europesays.com\/uk\/wp-json\/wp\/v2\/media\/639313"}],"wp:attachment":[{"href":"https:\/\/www.europesays.com\/uk\/wp-json\/wp\/v2\/media?parent=639312"}],"wp:term":[{"taxonomy":"category","embeddable":true,"href":"https:\/\/www.europesays.com\/uk\/wp-json\/wp\/v2\/categories?post=639312"},{"taxonomy":"post_tag","embeddable":true,"href":"https:\/\/www.europesays.com\/uk\/wp-json\/wp\/v2\/tags?post=639312"}],"curies":[{"name":"wp","href":"https:\/\/api.w.org\/{rel}","templated":true}]}}