{"id":645363,"date":"2025-12-21T02:09:18","date_gmt":"2025-12-21T02:09:18","guid":{"rendered":"https:\/\/www.europesays.com\/uk\/645363\/"},"modified":"2025-12-21T02:09:18","modified_gmt":"2025-12-21T02:09:18","slug":"valentin-paret-peintre-reveals-his-2026-schedule-aiming-to-complete-the-trilogy","status":"publish","type":"post","link":"https:\/\/www.europesays.com\/uk\/645363\/","title":{"rendered":"Valentin Paret-Peintre reveals his 2026 schedule, aiming to &#8220;complete the trilogy&#8221;"},"content":{"rendered":"<p>Soudal &#8211; Quick &#8211; Step has just concluded its first winter training camp of the season, after ten days based around Calpe, Spain. For <a href=\"https:\/\/cyclinguptodate.com\/valentin-paret-peintre\" title=\"Valentin Paret-Peintre\" target=\"_blank\" rel=\"noopener\">Valentin Paret-Peintre<\/a>, who is preparing for his second season with the Belgian team in 2026, the camp provided a productive start to the year.\u201cEverything went pretty well, with good weather apart from this Tuesday and, above all, no crashes,\u201d Paret-Peintre said <a href=\"https:\/\/www.ledauphine.com\/sport\/2025\/12\/18\/le-tour-de-france-paris-nice-et-le-tour-auvergne-rhone-alpes-pour-valentin-paret-peintre-en-2026\" target=\"_blank\" rel=\"noopener\">in an interview to Le Dauphin\u00e9<\/a>. \u201cI\u2019m happy with my camp. I arrived a bit less fit than last year because I started training later, but the foundations and endurance work are done.\u201d<\/p>\n<p>The 24-year-old also revealed his plans for the last offseason weeks before the start of the season. \u201cNow we\u2019re going to take a few days off, enjoy the holidays, before returning to Calpe twice in January (from January 5 to 16 and then from January 24 to 31) to work more on intensity.\u201d<\/p>\n<p>&#13;<br \/>\nA start in Oman once againBeyond training rides and sponsor obligations, the camp also served to finalise riders\u2019 race calendars. According to Paret-Peintre, his programme is \u201calmost entirely finalised.\u201d His season is expected to begin at the <a href=\"https:\/\/cyclinguptodate.com\/tour-of-oman\" title=\"Tour of Oman\" target=\"_blank\" rel=\"noopener\">Tour of Oman<\/a> from February 7 to 11, <a href=\"https:\/\/cyclinguptodate.com\/cycling\/adam-yates-takes-the-overall-victory-as-valentin-paret-peintre-win-the-queen-stage-of-the-tour-of-oman-2025\" target=\"_blank\" rel=\"noopener\">where he claimed his first victory with Soudal in 2025 and finished second in the overall GC behind Adam Yates<\/a>.\u00a0<img decoding=\"async\" width=\"500\" height=\"280\" loading=\"lazy\" src=\"https:\/\/www.europesays.com\/uk\/wp-content\/uploads\/2025\/12\/valentinparetpeintre-2-6643a0bb2d94a.jpg@webp.webp\" class=\"w-auto h-auto\" alt=\"valentinparetpeintre 2\"\/><\/p>\n<p>Paret-Peintre&#8217;s first professional victory came at the Giro d&#8217;Italia 2024<\/p>\n<p>His schedule, subject to change obviously, includes <a href=\"https:\/\/cyclinguptodate.com\/paris-nice\" title=\"Paris-Nice\" target=\"_blank\" rel=\"noopener\">Paris-Nice<\/a> from March 9 to 16 and the Tour Auvergne-Rh\u00f4ne-Alpes (formerly the Crit\u00e9rium du Dauphin\u00e9) from June 8 to 15. And after that, barring unforeseen circumstances, he will return to La Grande Boucle.<\/p>\n<p>\u201cOur role will be to go for stage wins and, if the opportunity arises, to position ourselves in the general classification. And after that, I hope I can do the Vuelta,\u201d he said, explaining his ambition to \u201ccomplete the trilogy.\u201d<\/p>\n<p>Having already won stages at the Giro d\u2019Italia in 2024 and the <a href=\"https:\/\/cyclinguptodate.com\/tour-de-france\" title=\"Tour de France\" target=\"_blank\" rel=\"noopener\">Tour de France<\/a> 2025, Paret-Peintre could join the select group of 114 riders who have claimed stage victories in all three Grand Tours. His previous Vuelta appearance ended early in 2025, when illness forced him to abandon after stage four.Valentin Paret-Peintre&#8217;s schedule (so far)<\/p>\n<ol class=\"&#10;          list-outside pl-10&#10;          list-decimal &#10;        \">\n<li class=\"[&amp;&gt;a]:text-primary dark:[&amp;&gt;a]:text-white [&amp;&gt;a]:underline md:text-lg text-base\">Tour of Oman (7-11 February)<\/li>\n<li class=\"[&amp;&gt;a]:text-primary dark:[&amp;&gt;a]:text-white [&amp;&gt;a]:underline md:text-lg text-base\">Paris-Nice (9-16 March)<\/li>\n<li class=\"[&amp;&gt;a]:text-primary dark:[&amp;&gt;a]:text-white [&amp;&gt;a]:underline md:text-lg text-base\">Tour Auvergne Rh\u00f4ne-Alpes (8-15 June)<\/li>\n<li class=\"[&amp;&gt;a]:text-primary dark:[&amp;&gt;a]:text-white [&amp;&gt;a]:underline md:text-lg text-base\">Tour de France (5-27 July)<\/li>\n<li class=\"[&amp;&gt;a]:text-primary dark:[&amp;&gt;a]:text-white [&amp;&gt;a]:underline md:text-lg text-base\">Vuelta a Espa\u00f1a (to be confirmed, 22 August-13 September)<\/li>\n<\/ol>\n","protected":false},"excerpt":{"rendered":"Soudal &#8211; Quick &#8211; Step has just concluded its first winter training camp of the season, after ten&hellip;\n","protected":false},"author":2,"featured_media":645364,"comment_status":"","ping_status":"","sticky":false,"template":"","format":"standard","meta":{"footnotes":""},"categories":[4104],"tags":[4230,198089,26737,79,20680,198088,16,15,198090],"class_list":{"0":"post-645363","1":"post","2":"type-post","3":"status-publish","4":"format-standard","5":"has-post-thumbnail","7":"category-cycling","8":"tag-cycling","9":"tag-paris-nice","10":"tag-soudal-quick-step","11":"tag-sports","12":"tag-tour-de-france","13":"tag-tour-of-oman","14":"tag-uk","15":"tag-united-kingdom","16":"tag-valentin-paret-peintre"},"share_on_mastodon":{"url":"https:\/\/pubeurope.com\/@uk\/115755127579961096","error":""},"_links":{"self":[{"href":"https:\/\/www.europesays.com\/uk\/wp-json\/wp\/v2\/posts\/645363","targetHints":{"allow":["GET"]}}],"collection":[{"href":"https:\/\/www.europesays.com\/uk\/wp-json\/wp\/v2\/posts"}],"about":[{"href":"https:\/\/www.europesays.com\/uk\/wp-json\/wp\/v2\/types\/post"}],"author":[{"embeddable":true,"href":"https:\/\/www.europesays.com\/uk\/wp-json\/wp\/v2\/users\/2"}],"replies":[{"embeddable":true,"href":"https:\/\/www.europesays.com\/uk\/wp-json\/wp\/v2\/comments?post=645363"}],"version-history":[{"count":0,"href":"https:\/\/www.europesays.com\/uk\/wp-json\/wp\/v2\/posts\/645363\/revisions"}],"wp:featuredmedia":[{"embeddable":true,"href":"https:\/\/www.europesays.com\/uk\/wp-json\/wp\/v2\/media\/645364"}],"wp:attachment":[{"href":"https:\/\/www.europesays.com\/uk\/wp-json\/wp\/v2\/media?parent=645363"}],"wp:term":[{"taxonomy":"category","embeddable":true,"href":"https:\/\/www.europesays.com\/uk\/wp-json\/wp\/v2\/categories?post=645363"},{"taxonomy":"post_tag","embeddable":true,"href":"https:\/\/www.europesays.com\/uk\/wp-json\/wp\/v2\/tags?post=645363"}],"curies":[{"name":"wp","href":"https:\/\/api.w.org\/{rel}","templated":true}]}}