{"id":654241,"date":"2025-12-25T14:46:27","date_gmt":"2025-12-25T14:46:27","guid":{"rendered":"https:\/\/www.europesays.com\/uk\/654241\/"},"modified":"2025-12-25T14:46:27","modified_gmt":"2025-12-25T14:46:27","slug":"these-are-the-10-breakout-pro-cyclists-of-2025","status":"publish","type":"post","link":"https:\/\/www.europesays.com\/uk\/654241\/","title":{"rendered":"These are the 10 breakout pro cyclists of 2025"},"content":{"rendered":"<p>Updated December 25, 2025 12:16AM<\/p>\n<p>The breakout pro cyclists of 2025 won rainbow jerseys, led grand tours, and blew up cobblestone monuments.<\/p>\n<p>From the Merckxian Mexican <a target=\"_self\" class=\"text-brand-primary underline hover:text-brand-primary\/85 break-words overflow-wrap-anywhere underline-offset-[3px]\" data-afl-p=\"0\" href=\"https:\/\/velo.outsideonline.com\/tag\/isaac-del-toro\/\" rel=\"noopener\">Isaac del Toro<\/a>\u00a0to Canada\u2019s world champion <a target=\"_self\" class=\"text-brand-primary underline hover:text-brand-primary\/85 break-words overflow-wrap-anywhere underline-offset-[3px]\" data-afl-p=\"0\" href=\"https:\/\/velo.outsideonline.com\/tag\/magdeleine-vallieres\/\" rel=\"noopener\">Magdeliene Vallieres<\/a>, this Gen-Z \u201cClass of 2025\u201d will drive the narrative of pro cycling for many years to come.<\/p>\n<p>Some of the riders on this list seemingly came from nowhere this year. Others were already on the radar but started buzzing a lot brighter.<\/p>\n<p>But whichever way you look at it, these 5 men and 5 women all broke out, big-time.<\/p>\n<p>The top 5 male breakout pro cyclists of 2025<br \/>\nIsaac del Toro (UAE Team Emirates-XRG), 22<br \/>\n<img alt=\"Del Toro breakout rider\" loading=\"lazy\" width=\"1200\" height=\"800\" decoding=\"async\" data-nimg=\"1\" class=\"alignnone size-large wp-image-973594\" style=\"color:transparent\"  src=\"https:\/\/www.europesays.com\/uk\/wp-content\/uploads\/2025\/12\/cyclingimages-2025-GIRO-Stage-17-821667-1200x800.jpg\"\/>Del Toro didn\u2019t just break out in 2025 \u2013 he pretty much blew up world cycling. (Photo: Gruber Images)<\/p>\n<p>Eighteen wins, second in the Giro d\u2019Italia, third in the UCI points rankings.<\/p>\n<p>Isaac del Toro\u2019s second season in the WorldTour was ridiculous.<\/p>\n<p>A 2025 loaded with attacking verve and killer fast-finishing marked \u201cTorito\u201d as the most exciting new talent since the rise of his teammate and buddy Tadej Poga\u010dar.<\/p>\n<p>And don\u2019t go writing off Del Toro as some overhyped scourge of low-key Italian classics. He did win 7 of them in 5 weeks, after all.<\/p>\n<p>The 22-year-old proved he\u2019s the real deal with top-7 finishes at the world championships road race and time trial, and Il Lombardia, too.<\/p>\n<p>Yes, there was that <a target=\"_self\" class=\"text-brand-primary underline hover:text-brand-primary\/85 break-words overflow-wrap-anywhere underline-offset-[3px]\" data-afl-p=\"0\" href=\"https:\/\/velo.outsideonline.com\/road\/road-racing\/giro-ditalia-blunder-isaac-del-toro-ruthless-winner\/\" rel=\"noopener\">disaster penultimate stage of the Giro d\u2019Italia<\/a> \u2013 Del Toro is far from perfect. But with a little finessing, grand tour and monument victories will be well within his reach.<\/p>\n<p>Paul Seixas (Decathlon-Ag2r La Mondiale), 19<br \/>\n<img alt=\"Seixas breakout rider\" loading=\"lazy\" width=\"1200\" height=\"800\" decoding=\"async\" data-nimg=\"1\" class=\"alignnone size-large wp-image-973593\" style=\"color:transparent\"  src=\"https:\/\/www.europesays.com\/uk\/wp-content\/uploads\/2025\/12\/CAuldPhoto-2025-Dauphine-Stage8-7317-1200x800.jpg\"\/>Seixas is whipping French cycling fans into a frenzy. (Photo: Chris Auld)<\/p>\n<p>It\u2019s hard for a rider to be hyped more than Del Toro, but <a target=\"_self\" class=\"text-brand-primary underline hover:text-brand-primary\/85 break-words overflow-wrap-anywhere underline-offset-[3px]\" data-afl-p=\"0\" href=\"https:\/\/velo.outsideonline.com\/tag\/paul-seixas\/\" rel=\"noopener\">Paul Seixas<\/a> might have achieved just that this year.<\/p>\n<p>The supreme teen was hailed the <a target=\"_self\" class=\"text-brand-primary underline hover:text-brand-primary\/85 break-words overflow-wrap-anywhere underline-offset-[3px]\" data-afl-p=\"0\" href=\"https:\/\/velo.outsideonline.com\/road\/road-racing\/rising-french-star-paul-seixas-confirms-the-hype-weve-yet-to-see-his-limits\/\" rel=\"noopener\">savior of French cycling<\/a> this summer when he joined the likes of Tadej Poga\u010dar, Egan Bernal, and Del Toro in winning the \u201cBaby Tour de France,\u201d the Tour de L\u2019Avenir.<\/p>\n<p>And Seixas stoked those flames even further in the autumn.<\/p>\n<p>Two weeks after he turned 19, Seixas he third behind Poga\u010dar and Remco Evenepoel at the European championships. One week later at Il Lombardia, he became the youngest rider in 100 years to finish top-10 in a men\u2019s monument.<\/p>\n<p>Ooh la la!<\/p>\n<p>Seixas has the skills to win big. How he handles the expectation from his home fans might be the only thing that can hold him back.<\/p>\n<p>Oscar Onley (Picnic-PostNL), 23<br \/>\n<img alt=\"Onley breakout rider\" loading=\"lazy\" width=\"1200\" height=\"800\" decoding=\"async\" data-nimg=\"1\" class=\"alignnone size-large wp-image-973591\" style=\"color:transparent\"  src=\"https:\/\/www.europesays.com\/uk\/wp-content\/uploads\/2025\/12\/CAuldPhoto-2025-TourdeFrance-Stage14-7935-1200x800.jpg\"\/>Onley climbed to Tour de France stardom through the final through the back-half of this year\u2019s race. (Photo: Chris Auld)<\/p>\n<p><a target=\"_self\" class=\"text-brand-primary underline hover:text-brand-primary\/85 break-words overflow-wrap-anywhere underline-offset-[3px]\" data-afl-p=\"0\" href=\"https:\/\/velo.outsideonline.com\/tag\/oscar-onley\/\" rel=\"noopener\">Oscar Onley<\/a> only won once in 2025, but he certainly \u201cbroke out.\u201d<\/p>\n<p>The understated Scot <a target=\"_self\" class=\"text-brand-primary underline hover:text-brand-primary\/85 break-words overflow-wrap-anywhere underline-offset-[3px]\" data-afl-p=\"0\" href=\"https:\/\/velo.outsideonline.com\/tag\/oscar-onley\/\" rel=\"noopener\">barnstormed onto the world stage<\/a> at the Tour de France with a fourth-place finish that was only one minute short of the podium.<\/p>\n<p>Before that, the 23-year-old scored prestigious top-5 overall finishes at the WorldTour-rated Tour Down Under, UAE Tour, and Tour de Suisse.<\/p>\n<p>Sure, Onley finished 12 minutes back on Tadej Poga\u010dar at the 2025 Tour. He\u2019s not going to be usurping the Slovenian just yet.<\/p>\n<p>But \u2013 providing he can maintain his momentum \u2013 Onley confirmed himself this year as a potential GC force for the future. His blockbuster move to Ineos Grenadiers in 2026 might put that possibility into fast-forward.<\/p>\n<p>Matthew Brennan (Visma-Lease a Bike), 20<br \/>\n<img alt=\"Brennan breakout rider\" loading=\"lazy\" width=\"1200\" height=\"800\" decoding=\"async\" data-nimg=\"1\" class=\"alignnone size-large wp-image-973592\" style=\"color:transparent\"  src=\"https:\/\/www.europesays.com\/uk\/wp-content\/uploads\/2025\/12\/CAuldPhoto-2025-ParisRoubaix-1901-1200x800.jpg\"\/>Brennan wasn\u2019t afraid of hanging with the bigs in his blockbuster breakout season. (Photo: Chris Auld)<\/p>\n<p><a target=\"_self\" class=\"text-brand-primary underline hover:text-brand-primary\/85 break-words overflow-wrap-anywhere underline-offset-[3px]\" data-afl-p=\"0\" href=\"https:\/\/velo.outsideonline.com\/tag\/matthew-brennan\/\" rel=\"noopener\">Matthew Brennan<\/a> was once tagged as \u201cthe UK\u2019s answer to Wout van Aert.\u201d<\/p>\n<p>He made that moniker stick this year.<\/p>\n<p>Brennan blazed a Wout-shape trail through his debut WorldTour season. With 14 wins for the year, he proved he\u2019s got all the muscling speed to become just <a target=\"_self\" class=\"text-brand-primary underline hover:text-brand-primary\/85 break-words overflow-wrap-anywhere underline-offset-[3px]\" data-afl-p=\"0\" href=\"https:\/\/velo.outsideonline.com\/road\/road-racing\/brennan-poised-to-continue-winning-rout-at-tour-of-britain\/\" rel=\"noopener\">as successful as his superstar Belgian teammate<\/a>.<\/p>\n<p>Brennan\u2019s victory haul made him the fifth-winningest man of the year. OK, only 4 of those were WorldTour, but it\u2019s still one heck of a start.<\/p>\n<p>But perhaps what\u2019s more impressive is what\u2019s not on Brennan\u2019s palmar\u00e8s.<\/p>\n<p>He took a starring role muscling alongside Van Aert, Mathieu van der Poel, and Mads Pedersen in his first go at Paris-Roubaix. He was a key leadout man for Olav Kooij. And the raw power of his <a target=\"_blank\" class=\"text-brand-primary underline hover:text-brand-primary\/85 break-words overflow-wrap-anywhere underline-offset-[3px]\" data-afl-p=\"0\" href=\"https:\/\/www.youtube.com\/shorts\/2NELyHFArHs\" rel=\"noopener\">incredible comeback win on stage 1 of the Volta a Catalunya<\/a> made it one of the finales of the year.<\/p>\n<p>Not bad for a kid not long out of high school.<\/p>\n<p>Ben Healy (EF Education-EasyPost), 25<br \/>\n<img alt=\"Healy breakout rider\" loading=\"lazy\" width=\"1200\" height=\"800\" decoding=\"async\" data-nimg=\"1\" class=\"alignnone size-large wp-image-973595\" style=\"color:transparent\"  src=\"https:\/\/www.europesays.com\/uk\/wp-content\/uploads\/2025\/12\/Z8B_4793-1200x800.jpg\"\/>For Healy, a Tour de France rest day isn\u2019t complete until the pooch has been taken for a stroll. (Photo: Gruber Images)<\/p>\n<p>Sure, <a target=\"_self\" class=\"text-brand-primary underline hover:text-brand-primary\/85 break-words overflow-wrap-anywhere underline-offset-[3px]\" data-afl-p=\"0\" href=\"https:\/\/velo.outsideonline.com\/tag\/ben-healy\/\" rel=\"noopener\">Ben Healy<\/a> isn\u2019t some teenage WorldTour rookie. He\u2019s been lighting up pro cycling for years with his audacious long-range raids and devotion to all things aero.<\/p>\n<p>But this year, the Irish attacker stepped <a target=\"_self\" class=\"text-brand-primary underline hover:text-brand-primary\/85 break-words overflow-wrap-anywhere underline-offset-[3px]\" data-afl-p=\"0\" href=\"https:\/\/velo.outsideonline.com\/road\/road-racing\/tour-de-france\/reinventing-the-wheel-how-ben-healy-turned-raw-potential-into-tour-success\" rel=\"noopener\">from cult favorite to global fame.<\/a><\/p>\n<p>His stage-win, two days wearing yellow, and wholly unforecasted top-10 finish at the Tour de France suggest EF\u2019s pink pirate is much more than a marauding stage-hunter.<\/p>\n<p>And Healy didn\u2019t only have a stunner in the summer.<\/p>\n<p>The 25-year-old was third behind King Pog and Remco at road worlds, and hit the top-5 at Li\u00e8ge-Bastonge-Li\u00e8ge, Strade Bianche, and La Fl\u00e8che Wallonne.<\/p>\n<p><strong>And some honorable mentions:<\/strong><\/p>\n<p>Paul Magnier (Soudal Quick-Step), Ivan Romeo (Movistar), Giulio Pellizzari (Red Bull Bora-Hansgrohe), Maty\u00e1\u0161 Kopeck\u00fd (Novo Nordisk), Lorenzo Finn (Red Bull Bora-Hansgrohe).<\/p>\n<p>The top 5 female breakout pro cyclists of 2025<br \/>\nKimberley Le Court Pienaar (AG Insurance-Soudal), 29<br \/>\n<img alt=\"\" loading=\"lazy\" width=\"1200\" height=\"801\" decoding=\"async\" data-nimg=\"1\" class=\"alignnone size-large wp-image-973596\" style=\"color:transparent\"  src=\"https:\/\/www.europesays.com\/uk\/wp-content\/uploads\/2025\/12\/Z8A_1707-1200x801.jpg\"\/>Le Court isn\u2019t the newest name or youngest rider on the list, but monument victory and days in yellow earn her \u2018breakout rider\u2019 status. (Photo: Gruber Images)<\/p>\n<p><a target=\"_self\" class=\"text-brand-primary underline hover:text-brand-primary\/85 break-words overflow-wrap-anywhere underline-offset-[3px]\" data-afl-p=\"0\" href=\"https:\/\/velo.outsideonline.com\/tag\/kim-le-court\/\" rel=\"noopener\">Kimberley Le Court<\/a> is a decade older than some riders on this list, but who cares.<\/p>\n<p>The Mauritian stepped up from niche name to cycling superstardom in 2025.<\/p>\n<p>In spring, Le Court capped the best individual classics campaign in the women\u2019s peloton (top-10s at Alfredo Binda, San Remo, Flanders, and Fl\u00e8che) with a sensational monument victory at Li\u00e8ge-Bastogne-Li\u00e8ge.<\/p>\n<p>A few months later, \u201cKLCP\u201d wore the yellow jersey for four days and won a stage in a <a target=\"_self\" class=\"text-brand-primary underline hover:text-brand-primary\/85 break-words overflow-wrap-anywhere underline-offset-[3px]\" data-afl-p=\"0\" href=\"https:\/\/velo.outsideonline.com\/road\/road-racing\/tour-de-france-femmes\/definitely-more-and-more-confident-could-kim-le-court-win-tour-de-france-femmes\/\" rel=\"noopener\">dogged debut<\/a> ride at the Tour de France Femmes.<\/p>\n<p>Victory in October at the Giro dell\u2019Emilia was the icing on the cake for this new household name of women\u2019s cycling.<\/p>\n<p>Magdeliene Vallieres (EF Education-Oatly), 24<br \/>\n<img alt=\"Vallieres breakout rider\" loading=\"lazy\" width=\"1200\" height=\"800\" decoding=\"async\" data-nimg=\"1\" class=\"alignnone size-large wp-image-973590\" style=\"color:transparent\"  src=\"https:\/\/www.europesays.com\/uk\/wp-content\/uploads\/2025\/12\/CAuldPhoto-2025-Worlds-Kigali-Day7-4529-1200x800.jpg\"\/>Nobody was expecting Vallieres to win a world title in 2025 \u2013 maybe not even the Canadian herself. (Photo: Chris Auld)<\/p>\n<p>If making the <a target=\"_self\" class=\"text-brand-primary underline hover:text-brand-primary\/85 break-words overflow-wrap-anywhere underline-offset-[3px]\" data-afl-p=\"0\" href=\"https:\/\/velo.outsideonline.com\/road\/she-who-dares-wins-how-stars-aligned-to-secure-shock-world-championship-win-for-magdeline-vallieres\/\" rel=\"noopener\">second win of your career a world title<\/a> doesn\u2019t deserve the accolade of \u201cbreakout,\u201d nothing will.<\/p>\n<p>Magdeliene Vallieres rocketed into cycling\u2019s conscience and made history as Canada\u2019s first elite road world champion with her audacious breakaway win this September in Kigali.<\/p>\n<p>Looking over Vallieres\u2019 palmar\u00e8s, her world title might seem an unjust fluke.<\/p>\n<p>The 24-year-old had barely cracked a top-10 since she won the lowly Trofeo Palma last winter, after all.<\/p>\n<p>But Vallieres earned her stripes. She\u2019s one of the <a target=\"_blank\" class=\"text-brand-primary underline hover:text-brand-primary\/85 break-words overflow-wrap-anywhere underline-offset-[3px]\" data-afl-p=\"0\" href=\"https:\/\/www.efprocycling.com\/culture\/how-well-do-you-know-magdeleine-vallieres\/\" rel=\"noopener\">most valued domestiques<\/a> in the Women\u2019s WorldTour, and showed this year in the classics that she\u2019s an attacking threat when she\u2019s given her own chances.<\/p>\n<p>Next year, EF Education-Oatly might let its new world champion off the leash a little more often.<\/p>\n<p>Ma\u00ebva Squiban (UAE Team ADQ), 23<br \/>\n<img alt=\"Squiban breakout\" loading=\"lazy\" width=\"1200\" height=\"928\" decoding=\"async\" data-nimg=\"1\" class=\"alignnone size-large wp-image-973597\" style=\"color:transparent\"  src=\"https:\/\/www.europesays.com\/uk\/wp-content\/uploads\/2025\/12\/Z8D_6371-1200x928.jpg\"\/>Nobody could hang with Squiban\u2019s long bombs at the Tour de France Femmes. (Photo: Chris Auld)<\/p>\n<p>French climber <a target=\"_self\" class=\"text-brand-primary underline hover:text-brand-primary\/85 break-words overflow-wrap-anywhere underline-offset-[3px]\" data-afl-p=\"0\" href=\"https:\/\/velo.outsideonline.com\/tag\/maeva-squiban\/\" rel=\"noopener\">Ma\u00ebva Squiban<\/a> blew the peloton\u2019s doors off and sent home fans wild with two solo raids in a row at the Tour de France Femmes. Squiban\u2019s back-to-back victories in rugged central France were the perfect peak after she harvested a string of strong results in the spring.<\/p>\n<p>A career-best GC finish later in autumn at the Tour de L\u2019Ard\u00e8che continued her momentum into the off-season.<\/p>\n<p>Squiban proved this summer she\u2019s\u00a0<a target=\"_self\" class=\"text-brand-primary underline hover:text-brand-primary\/85 break-words overflow-wrap-anywhere underline-offset-[3px]\" data-afl-p=\"0\" href=\"https:\/\/velo.outsideonline.com\/road\/road-racing\/tour-de-france-femmes\/best-climber-in-the-world-who-is-maeva-squiban-frances-new-darling\/\" rel=\"noopener\">one of the new super-attackers<\/a> of the Women\u2019s WorldTour.<\/p>\n<p>But she might have a problem next year. After her exploits at the Tour, nobody\u2019s going to be letting her fly solo anymore.<\/p>\n<p>It will be interesting to see how Squiban adapts to her newfound notoriety.<\/p>\n<p>Cat Ferguson (Movistar), 19<br \/>\n<img alt=\"Ferguson brekaout rider\" loading=\"lazy\" width=\"1024\" height=\"683\" decoding=\"async\" data-nimg=\"1\" class=\"alignnone size-full wp-image-973598\" style=\"color:transparent\"  src=\"https:\/\/www.europesays.com\/uk\/wp-content\/uploads\/2025\/12\/GettyImages-2233530921.jpg\"\/>Ferguson continued where she left off in her debut WorldTour season after she set the tone last year as a trainee. (Photo: Luc Claessen\/Getty Images )<\/p>\n<p><a target=\"_self\" class=\"text-brand-primary underline hover:text-brand-primary\/85 break-words overflow-wrap-anywhere underline-offset-[3px]\" data-afl-p=\"0\" href=\"https:\/\/velo.outsideonline.com\/tag\/cat-ferguson\/\" rel=\"noopener\">Cat Ferguson<\/a> proved it wasn\u2019t beginner\u2019s luck. The British speedster continued her meteoric rise from 2024 with a bunch more blockbuster results in 2025.<\/p>\n<p>Then only 18 years old, Ferguson opened her first full WorldTour season with a podium finish at the historic Trofeo Alfreo Binda. She went on to harvest top-10s all through the spring, and bagged the biggest win of her career on home soil at the Tour of Britain in June.<\/p>\n<p>Ferguson is going places, fast.<\/p>\n<p>And now she\u2019s parked her previous ambitions on the track and in cyclocross, she\u2019s got a lot of road to accelerate in to.<\/p>\n<p>Paula Blasi (UAE Team ADQ), 22<br \/>\n<img alt=\"\" loading=\"lazy\" width=\"1024\" height=\"683\" decoding=\"async\" data-nimg=\"1\" class=\"alignnone size-full wp-image-973599\" style=\"color:transparent\"  src=\"https:\/\/www.europesays.com\/uk\/wp-content\/uploads\/2025\/12\/GettyImages-2238555706.jpg\"\/>Duathlon, gravel, road: Blasi can do it all. (Photo: DAVID PINTENS\/BELGA MAG\/AFP via Getty Images)<\/p>\n<p><a target=\"_self\" class=\"text-brand-primary underline hover:text-brand-primary\/85 break-words overflow-wrap-anywhere underline-offset-[3px]\" data-afl-p=\"0\" href=\"https:\/\/velo.outsideonline.com\/tag\/paula-blasi\/\" rel=\"noopener\">Paula Blasi<\/a> became Spanish cycling\u2019s all-terrain queen in 2025, and she\u2019s only just hit the WorldTour.<\/p>\n<p>This year, the 22-year-old was crowned U23 European champion, took the podium at the U23 world champs, and won a stage at the WorldTour-level Tour de Romandie.<\/p>\n<p>Blasi also finished 5th among a pack of specialist off-roaders at \u201cThe European Unbound\u201d that is the Traka 200 gravel race.<\/p>\n<p>Perhaps the most remarkable thing? Blasi only turned her full attention to cycling at the start of 2024 after she spent her junior days racing duathlon.<\/p>\n<p>Duathlon\u2019s loss is definitely elite cycling\u2019s gain.<\/p>\n<p><strong>Honorable mentions:<\/strong><\/p>\n<p>Vikt\u00f3ria Chlado\u0148ov\u00e1 (Visma-Lease a Bike), Nienke Vinke (Picnic-PostNL), Isabella Holmgren (Lidl-Trek), Dominika W\u0142odarczyk (UAE Team ADQ).<\/p>\n","protected":false},"excerpt":{"rendered":"Updated December 25, 2025 12:16AM The breakout pro cyclists of 2025 won rainbow jerseys, led grand tours, and&hellip;\n","protected":false},"author":2,"featured_media":654242,"comment_status":"","ping_status":"","sticky":false,"template":"","format":"standard","meta":{"footnotes":""},"categories":[4104],"tags":[4230,135594,79,154349,200117,154872,200118,200119,132984,16,15],"class_list":{"0":"post-654241","1":"post","2":"type-post","3":"status-publish","4":"format-standard","5":"has-post-thumbnail","7":"category-cycling","8":"tag-cycling","9":"tag-parent_category-road","10":"tag-sports","11":"tag-tag-ben-healy","12":"tag-tag-cat-ferguson","13":"tag-tag-isaac-del-toro","14":"tag-tag-kim-le-court","15":"tag-tag-maeva-squiban","16":"tag-type-article","17":"tag-uk","18":"tag-united-kingdom"},"share_on_mastodon":{"url":"https:\/\/pubeurope.com\/@uk\/115780754321795947","error":""},"_links":{"self":[{"href":"https:\/\/www.europesays.com\/uk\/wp-json\/wp\/v2\/posts\/654241","targetHints":{"allow":["GET"]}}],"collection":[{"href":"https:\/\/www.europesays.com\/uk\/wp-json\/wp\/v2\/posts"}],"about":[{"href":"https:\/\/www.europesays.com\/uk\/wp-json\/wp\/v2\/types\/post"}],"author":[{"embeddable":true,"href":"https:\/\/www.europesays.com\/uk\/wp-json\/wp\/v2\/users\/2"}],"replies":[{"embeddable":true,"href":"https:\/\/www.europesays.com\/uk\/wp-json\/wp\/v2\/comments?post=654241"}],"version-history":[{"count":0,"href":"https:\/\/www.europesays.com\/uk\/wp-json\/wp\/v2\/posts\/654241\/revisions"}],"wp:featuredmedia":[{"embeddable":true,"href":"https:\/\/www.europesays.com\/uk\/wp-json\/wp\/v2\/media\/654242"}],"wp:attachment":[{"href":"https:\/\/www.europesays.com\/uk\/wp-json\/wp\/v2\/media?parent=654241"}],"wp:term":[{"taxonomy":"category","embeddable":true,"href":"https:\/\/www.europesays.com\/uk\/wp-json\/wp\/v2\/categories?post=654241"},{"taxonomy":"post_tag","embeddable":true,"href":"https:\/\/www.europesays.com\/uk\/wp-json\/wp\/v2\/tags?post=654241"}],"curies":[{"name":"wp","href":"https:\/\/api.w.org\/{rel}","templated":true}]}}