{"id":662202,"date":"2025-12-30T09:49:10","date_gmt":"2025-12-30T09:49:10","guid":{"rendered":"https:\/\/www.europesays.com\/uk\/662202\/"},"modified":"2025-12-30T09:49:10","modified_gmt":"2025-12-30T09:49:10","slug":"tusas-exports-hurjet-to-spain-a-first-for-nato-and-eu","status":"publish","type":"post","link":"https:\/\/www.europesays.com\/uk\/662202\/","title":{"rendered":"TUSA\u015e Exports H\u00fcrjet to Spain, a first for NATO and EU"},"content":{"rendered":"<p>T\u00fcrkiye\u2019s Defence Industry President\u00a0Haluk G\u00f6rg\u00fcn has formally announced the export of the H\u00dcRJET jet trainer via social media, confirming a landmark development for the country\u2019s defence industry. With this agreement, T\u00fcrkiye has, for the first time, secured the sale of an aircraft to a country that is both a European Union and NATO member.<\/p>\n<p data-start=\"600\" data-end=\"843\">Under the agreement, H\u00dcRJET has been selected by the Spanish Air and Space Force as part of a 30-aircraft procurement package. The programme carries a total project value of \u20ac2.6 billion, with deliveries planned to begin in 2028.<\/p>\n<p data-start=\"845\" data-end=\"1273\">The contract goes well beyond the sale of aircraft alone. It encompasses an integrated advanced pilot training architecture, including ground-based simulation and training systems, a comprehensive maintenance and sustainment infrastructure, and long-term operational support elements. In this respect, the H\u00dcRJET programme represents a high value-added, multi-dimensional defence export rather than a conventional platform sale.<\/p>\n<p data-start=\"1275\" data-end=\"1653\">The induction of a jet trainer designed and produced entirely with national resources into the inventory of a European and NATO air force underlines the level T\u00fcrkiye has reached in aircraft design, manufacturing, system integration, certification, and long-term sustainability. It also reflects growing international confidence in the maturity of T\u00fcrkiye\u2019s aerospace ecosystem.<\/p>\n<p data-start=\"1655\" data-end=\"2085\">No specific figures were provided in the announcement regarding T\u00fcrkiye\u2019s realised defence exports for 2025. However, should the financial value of the H\u00dcRJET programme be reflected in that year\u2019s export statistics, T\u00fcrkiye would be positioned to surpass the $10 billion defence export threshold in 2025. This places the agreement not only as a symbolic milestone, but as one with potentially transformative macro-economic impact.<\/p>\n<p data-start=\"2087\" data-end=\"2512\" data-is-last-node=\"\" data-is-only-node=\"\">With H\u00dcRJET, T\u00fcrkiye continues its transition into a country capable of developing, producing, and exporting high-technology air platforms, while its defence exports advance to a new qualitative and quantitative level. Defence Industry President Haluk G\u00f6rg\u00fcn credited the achievement to the engineers and technicians involved, as well as the Turkish Aerospace Industries family and all contributing stakeholders.<\/p>\n<p class=\"MsoNormal\">\u00a0<\/p>\n","protected":false},"excerpt":{"rendered":"T\u00fcrkiye\u2019s Defence Industry President\u00a0Haluk G\u00f6rg\u00fcn has formally announced the export of the H\u00dcRJET jet trainer via social media,&hellip;\n","protected":false},"author":2,"featured_media":662203,"comment_status":"","ping_status":"","sticky":false,"template":"","format":"standard","meta":{"footnotes":""},"categories":[5312],"tags":[2000,299,104],"class_list":{"0":"post-662202","1":"post","2":"type-post","3":"status-publish","4":"format-standard","5":"has-post-thumbnail","7":"category-spain","8":"tag-eu","9":"tag-europe","10":"tag-spain"},"share_on_mastodon":{"url":"https:\/\/pubeurope.com\/@uk\/115807896432044687","error":""},"_links":{"self":[{"href":"https:\/\/www.europesays.com\/uk\/wp-json\/wp\/v2\/posts\/662202","targetHints":{"allow":["GET"]}}],"collection":[{"href":"https:\/\/www.europesays.com\/uk\/wp-json\/wp\/v2\/posts"}],"about":[{"href":"https:\/\/www.europesays.com\/uk\/wp-json\/wp\/v2\/types\/post"}],"author":[{"embeddable":true,"href":"https:\/\/www.europesays.com\/uk\/wp-json\/wp\/v2\/users\/2"}],"replies":[{"embeddable":true,"href":"https:\/\/www.europesays.com\/uk\/wp-json\/wp\/v2\/comments?post=662202"}],"version-history":[{"count":0,"href":"https:\/\/www.europesays.com\/uk\/wp-json\/wp\/v2\/posts\/662202\/revisions"}],"wp:featuredmedia":[{"embeddable":true,"href":"https:\/\/www.europesays.com\/uk\/wp-json\/wp\/v2\/media\/662203"}],"wp:attachment":[{"href":"https:\/\/www.europesays.com\/uk\/wp-json\/wp\/v2\/media?parent=662202"}],"wp:term":[{"taxonomy":"category","embeddable":true,"href":"https:\/\/www.europesays.com\/uk\/wp-json\/wp\/v2\/categories?post=662202"},{"taxonomy":"post_tag","embeddable":true,"href":"https:\/\/www.europesays.com\/uk\/wp-json\/wp\/v2\/tags?post=662202"}],"curies":[{"name":"wp","href":"https:\/\/api.w.org\/{rel}","templated":true}]}}