{"id":681085,"date":"2026-01-08T00:46:19","date_gmt":"2026-01-08T00:46:19","guid":{"rendered":"https:\/\/www.europesays.com\/uk\/681085\/"},"modified":"2026-01-08T00:46:19","modified_gmt":"2026-01-08T00:46:19","slug":"eu-pushes-forward-long-discussed-free-trade-deal-with-south-america","status":"publish","type":"post","link":"https:\/\/www.europesays.com\/uk\/681085\/","title":{"rendered":"EU pushes forward long-discussed free trade deal with South America"},"content":{"rendered":"<p class=\"EkqkG IGXmU nlgHS yuUao MvWXB TjIXL aGjvy ebVHC \">BRUSSELS &#8212; The European Union is renewing internal negotiations over a free trade agreement with <a class=\"zZygg UbGlr iFzkS qdXbA WCDhQ DbOXS tqUtK GpWVU iJYzE \" data-testid=\"prism-linkbase\" href=\"https:\/\/apnews.com\/article\/brazil-lula-mercosur-european-union-deal-italy-84018a8e1e4010fa4f302216c2b00e4d\" target=\"_blank\" rel=\"noopener\">five South American nations<\/a> neighboring Venezuela a week after the United States&#8217; audacious raid there to detain President Nicol\u00e1s Maduro.<\/p>\n<p class=\"EkqkG IGXmU nlgHS yuUao lqtkC TjIXL aGjvy \">Ministers of Agriculture from across the 27 European Union nations met in Brussels on Wednesday in part to discuss protecting farmers while also reaping the economic and geopolitical benefits of a free trade deal with the Mercosur nations of Brazil, Argentina, Bolivia, Paraguay and Uruguay. The EU&#8217;s trade negotiator Maro\u0161 \u0160ef\u010dovi\u010d said after the meeting that while the deal would increase EU agrifood exports by up to 50%.<\/p>\n<p class=\"EkqkG IGXmU nlgHS yuUao lqtkC TjIXL aGjvy \">\u201cIt\u2019s a landmark one. This is the biggest free trade agreement we ever negotiated,\u201d \u0160ef\u010dovi\u010d said. He said that EU trading partners \u201cvalue the EU for particular one thing in this turbulent world, one thing above all, this is credibility. So therefore, we must, safeguard this priceless currency by remaining a trusted and reliable trading partner.\u201d<\/p>\n<p class=\"EkqkG IGXmU nlgHS yuUao lqtkC TjIXL aGjvy \">He said that EU negotiations over Mercosur will continue on Friday amid speculation that a deal could be signed in Paraguay on Jan. 12. <\/p>\n<p class=\"EkqkG IGXmU nlgHS yuUao lqtkC TjIXL aGjvy \"><a class=\"zZygg UbGlr iFzkS qdXbA WCDhQ DbOXS tqUtK GpWVU iJYzE \" data-testid=\"prism-linkbase\" href=\"https:\/\/apnews.com\/article\/mercosur-brussels-farmers-tractors-88b455dcf234d9a36c6eac675a47e8e0\" target=\"_blank\" rel=\"noopener\">Fierce opposition<\/a> from France in December, fired up by enraged farmers, derailed the deal and forced European Commission President Ursula von der Leyen to scrap a trip to Brazil where top EU officials had hoped to sign the <a class=\"zZygg UbGlr iFzkS qdXbA WCDhQ DbOXS tqUtK GpWVU iJYzE \" data-testid=\"prism-linkbase\" href=\"https:\/\/apnews.com\/article\/mercosur-europe-trade-eu-tariffs-640e0a5189a0e5fb882a178608369c16\" target=\"_blank\" rel=\"noopener\">EU-Mercosur deal after 26 years of negotiations<\/a>.<\/p>\n<p class=\"EkqkG IGXmU nlgHS yuUao lqtkC TjIXL aGjvy \">Italy is seen as the linchpin of the deal. If Italian Prime Minister Giorgia Meloni joins the deal&#8217;s supporters led by Germany, then it will pass over the objections of France and Poland. She posted on X on Tuesday that she welcomed von der Leyen&#8217;s proposal to fast-track funds to farmers but Meloni did not promise crucial backing to the deal.<\/p>\n<p class=\"EkqkG IGXmU nlgHS yuUao lqtkC TjIXL aGjvy \">The Mercosur trade deal covers a market of 780 million people and a quarter of the globe\u2019s gross domestic product, and would progressively remove duties on almost all goods traded between the two blocs. Such a massive free trade deal would provide a stark counterpoint in South America of economic diplomacy compared to the Trump administration&#8217;s incursion into Venezuela and <a class=\"zZygg UbGlr iFzkS qdXbA WCDhQ DbOXS tqUtK GpWVU iJYzE \" data-testid=\"prism-linkbase\" href=\"https:\/\/apnews.com\/article\/trump-maduro-american-imperialism-1a42ccc7036ce7add7a0ba402ac6f48e\" target=\"_blank\" rel=\"noopener\">threats across the region.<\/a><\/p>\n<p class=\"EkqkG IGXmU nlgHS yuUao lqtkC TjIXL aGjvy \">The EU is seeking to forge new trade ties amid commercial tensions with the U.S. and China, and the December delay of Mercosur was seen to diminish the EU\u2019s negotiating credibility. <\/p>\n<p class=\"EkqkG IGXmU nlgHS yuUao lqtkC TjIXL aGjvy \">French President Emmanuel Macron led opposition to the deal, which he sees as fueling <a class=\"zZygg UbGlr iFzkS qdXbA WCDhQ DbOXS tqUtK GpWVU iJYzE \" data-testid=\"prism-linkbase\" href=\"https:\/\/apnews.com\/article\/france-le-pen-macron-poverty-election-maps-c9f07cf760d3930498017f132f95443e\" target=\"_blank\" rel=\"noopener\">a surging far right<\/a> that rallies support by criticizing the deal. His centrist government has demanded safeguards to monitor and stop large economic disruption in the EU, increased regulations in the Mercosur nations like pesticide restrictions, and more inspections of imports at EU ports.<\/p>\n<p class=\"EkqkG IGXmU nlgHS yuUao lqtkC TjIXL aGjvy \">French Agriculture Minister Annie Genevard reaffirmed Wednesday France\u2019s opposition to the Mercosur deal, because she said it threatens sectors including beef, chicken, sugar, ethanol and honey.<\/p>\n<p class=\"EkqkG IGXmU nlgHS yuUao lqtkC TjIXL aGjvy \">\u201cAs long as the combat is not over, nothing is lost,\u201d she told French news broadcaster France Info, referring to the ongoing negotiations over the deal.<\/p>\n<p class=\"EkqkG IGXmU nlgHS yuUao lqtkC TjIXL aGjvy \">If the EU Commission signs the deal on Jan. 12, it will be debated at the European Parliament, she said. \u201cThere\u2019s no guarantee the deal will be approved by the European Parliament,\u201d she said.<\/p>\n<p class=\"EkqkG IGXmU nlgHS yuUao lqtkC TjIXL aGjvy \">She also acknowledged Italy \u201cwill likely\u201d approve the deal.<\/p>\n<p class=\"EkqkG IGXmU nlgHS yuUao lqtkC TjIXL aGjvy \">Supporters say the EU-Mercosur deal would offer a clear alternative to Beijing\u2019s export controls and Washington\u2019s tariff blitzkrieg, while detractors say it will undermine both environmental regulations and the EU\u2019s iconic agricultural sector. <\/p>\n<p class=\"EkqkG IGXmU nlgHS yuUao lqtkC TjIXL aGjvy \">\u0160ef\u010dovi\u010d said recent negotiations within the EU over the deal had led to new safeguards like \u201csemiautomatic triggering thresholds\u201d that would snap into place if Mercosur imports are found to be deeply undercutting EU products.<\/p>\n<p class=\"EkqkG IGXmU nlgHS yuUao lqtkC TjIXL aGjvy \">The political tensions that have marked Mercosur in recent years \u2014 especially between Argentina\u2019s far-right President Javier Milei and Brazil\u2019s center-left <a class=\"zZygg UbGlr iFzkS qdXbA WCDhQ DbOXS tqUtK GpWVU iJYzE \" data-testid=\"prism-linkbase\" href=\"https:\/\/apnews.com\/hub\/luiz-inacio-lula-da-silva\" target=\"_blank\" rel=\"noopener\">Luiz In\u00e1cio Lula da Silva<\/a>, the bloc\u2019s two main partners \u2014 have not deterred South American leaders from pursuing an alliance with Europe that will benefit their agricultural sectors.<\/p>\n<p class=\"EkqkG IGXmU nlgHS yuUao lqtkC TjIXL aGjvy \">Venezuela was in Mercosur until 2016, when the trade bloc <a class=\"zZygg UbGlr iFzkS qdXbA WCDhQ DbOXS tqUtK GpWVU iJYzE \" data-testid=\"prism-linkbase\" href=\"https:\/\/apnews.com\/general-news-d6c987ac4ca84a1ebe5497d4169c6d0e\" target=\"_blank\" rel=\"noopener\">suspended<\/a> its membership, a move criticized by Venezuela\u2019s new prime minister Delcy Rodr\u00edguez, then the foreign minister.<\/p>\n<p class=\"EkqkG IGXmU nlgHS yuUao lqtkC TjIXL aGjvy \">&#8211;<\/p>\n<p class=\"EkqkG IGXmU nlgHS yuUao lqtkC eTIW sUzSN \">Associated Press writers Sylvie Corbet in Paris and Giada Zampano in Rome contributed to this report.<\/p>\n","protected":false},"excerpt":{"rendered":"BRUSSELS &#8212; The European Union is renewing internal negotiations over a free trade agreement with five South American&hellip;\n","protected":false},"author":2,"featured_media":681086,"comment_status":"","ping_status":"","sticky":false,"template":"","format":"standard","meta":{"footnotes":""},"categories":[5174],"tags":[206547,3971,3907,51,2000,299,5187,4179,8614,3058,285,263],"class_list":{"0":"post-681085","1":"post","2":"type-post","3":"status-publish","4":"format-standard","5":"has-post-thumbnail","7":"category-eu","8":"tag-206547","9":"tag-agriculture","10":"tag-article","11":"tag-business","12":"tag-eu","13":"tag-europe","14":"tag-european","15":"tag-general-news","16":"tag-international-agreements","17":"tag-international-trade","18":"tag-politics","19":"tag-world-news"},"share_on_mastodon":{"url":"https:\/\/pubeurope.com\/@uk\/115856722037168832","error":""},"_links":{"self":[{"href":"https:\/\/www.europesays.com\/uk\/wp-json\/wp\/v2\/posts\/681085","targetHints":{"allow":["GET"]}}],"collection":[{"href":"https:\/\/www.europesays.com\/uk\/wp-json\/wp\/v2\/posts"}],"about":[{"href":"https:\/\/www.europesays.com\/uk\/wp-json\/wp\/v2\/types\/post"}],"author":[{"embeddable":true,"href":"https:\/\/www.europesays.com\/uk\/wp-json\/wp\/v2\/users\/2"}],"replies":[{"embeddable":true,"href":"https:\/\/www.europesays.com\/uk\/wp-json\/wp\/v2\/comments?post=681085"}],"version-history":[{"count":0,"href":"https:\/\/www.europesays.com\/uk\/wp-json\/wp\/v2\/posts\/681085\/revisions"}],"wp:featuredmedia":[{"embeddable":true,"href":"https:\/\/www.europesays.com\/uk\/wp-json\/wp\/v2\/media\/681086"}],"wp:attachment":[{"href":"https:\/\/www.europesays.com\/uk\/wp-json\/wp\/v2\/media?parent=681085"}],"wp:term":[{"taxonomy":"category","embeddable":true,"href":"https:\/\/www.europesays.com\/uk\/wp-json\/wp\/v2\/categories?post=681085"},{"taxonomy":"post_tag","embeddable":true,"href":"https:\/\/www.europesays.com\/uk\/wp-json\/wp\/v2\/tags?post=681085"}],"curies":[{"name":"wp","href":"https:\/\/api.w.org\/{rel}","templated":true}]}}