{"id":728759,"date":"2026-01-29T14:42:15","date_gmt":"2026-01-29T14:42:15","guid":{"rendered":"https:\/\/www.europesays.com\/uk\/728759\/"},"modified":"2026-01-29T14:42:15","modified_gmt":"2026-01-29T14:42:15","slug":"eumam-moz-supports-the-start-of-the-school-year-at-centro-de-acolhimento-missao-de-sao-roque","status":"publish","type":"post","link":"https:\/\/www.europesays.com\/uk\/728759\/","title":{"rendered":"EUMAM MOZ supports the start of the school year at Centro de Acolhimento Miss\u00e3o de S\u00e3o Roque"},"content":{"rendered":"<p>Maputo, Mozambique &#8211; The European Union Military Assistance Mission in Mozambique (EUMAM MOZ) donated children\u2019s books and school supplies to Centro de Acolhimento Miss\u00e3o de S\u00e3o Roque, in Matatu\u00edne, thus supporting the start of the new school year.\u00a0<\/p>\n<p class=\"text-align-justify\">During the visit, several sets of school supplies (notebooks, pencils, pens and erasers) were donated, along with some collections of children\u2019s books to equip the S\u00e3o Roque Mission library. This library supports not only the students of the shelter but also the local community by promoting reading and learning habits.\u00a0<\/p>\n<p class=\"text-align-justify\">EUMAM MOZ would like to thank the organisations that generously contributed to making this initiative possible: the Mafra Municipal Council Library (Biblioteca da C\u00e2mara Municipal de Mafra), which kindly provided several dozen books from its collection to be donated to Mozambican communities, and the volunteers from the Social and Charitable Group of the Municipality of Mira (Grupo S\u00f3cio Caritativo do Munic\u00edpio de Mira) and the Sharing Centre of C\u00e1ritas Seixo Mira (Centro de Partilha da C\u00e1ritas Seixo Mira), who graciously raised the necessary resources for the donation of school supplies.\u00a0<\/p>\n<p>European Union Military Assistance Mission in Mozambique, 2025<\/p>\n<p class=\"text-align-justify\">The S\u00e3o Roque Mission belongs to the Archdiocese of Maputo, and it is an institution that relies largely on private donations. It provides shelter for orphaned boys and girls, ensuring that these children have the necessary conditions to live and study, while also receiving care and affection from the missionaries.\u00a0<\/p>\n<p class=\"text-align-justify\">EUMAM MOZ continues its commitment to act in accordance with International Humanitarian Law, International Human Rights Law and the Women, Peace and Security Agenda. The Mission is currently led by Commodore C\u00e9sar Pires Correia from the Portuguese Navy and comprises more than 80 military and civilian personnel from 12 nationalities. The mandate of EUMAM MOZ runs until June 2026.\u00a0<\/p>\n","protected":false},"excerpt":{"rendered":"Maputo, Mozambique &#8211; The European Union Military Assistance Mission in Mozambique (EUMAM MOZ) donated children\u2019s books and school&hellip;\n","protected":false},"author":2,"featured_media":728760,"comment_status":"","ping_status":"","sticky":false,"template":"","format":"standard","meta":{"footnotes":""},"categories":[5174],"tags":[2000,299,5187,1699],"class_list":{"0":"post-728759","1":"post","2":"type-post","3":"status-publish","4":"format-standard","5":"has-post-thumbnail","7":"category-eu","8":"tag-eu","9":"tag-europe","10":"tag-european","11":"tag-european-union"},"share_on_mastodon":{"url":"https:\/\/pubeurope.com\/@uk\/115978917910487050","error":""},"_links":{"self":[{"href":"https:\/\/www.europesays.com\/uk\/wp-json\/wp\/v2\/posts\/728759","targetHints":{"allow":["GET"]}}],"collection":[{"href":"https:\/\/www.europesays.com\/uk\/wp-json\/wp\/v2\/posts"}],"about":[{"href":"https:\/\/www.europesays.com\/uk\/wp-json\/wp\/v2\/types\/post"}],"author":[{"embeddable":true,"href":"https:\/\/www.europesays.com\/uk\/wp-json\/wp\/v2\/users\/2"}],"replies":[{"embeddable":true,"href":"https:\/\/www.europesays.com\/uk\/wp-json\/wp\/v2\/comments?post=728759"}],"version-history":[{"count":0,"href":"https:\/\/www.europesays.com\/uk\/wp-json\/wp\/v2\/posts\/728759\/revisions"}],"wp:featuredmedia":[{"embeddable":true,"href":"https:\/\/www.europesays.com\/uk\/wp-json\/wp\/v2\/media\/728760"}],"wp:attachment":[{"href":"https:\/\/www.europesays.com\/uk\/wp-json\/wp\/v2\/media?parent=728759"}],"wp:term":[{"taxonomy":"category","embeddable":true,"href":"https:\/\/www.europesays.com\/uk\/wp-json\/wp\/v2\/categories?post=728759"},{"taxonomy":"post_tag","embeddable":true,"href":"https:\/\/www.europesays.com\/uk\/wp-json\/wp\/v2\/tags?post=728759"}],"curies":[{"name":"wp","href":"https:\/\/api.w.org\/{rel}","templated":true}]}}