{"id":743196,"date":"2026-02-05T04:08:12","date_gmt":"2026-02-05T04:08:12","guid":{"rendered":"https:\/\/www.europesays.com\/uk\/743196\/"},"modified":"2026-02-05T04:08:12","modified_gmt":"2026-02-05T04:08:12","slug":"industries-split-over-preference-criteria-table-briefings","status":"publish","type":"post","link":"https:\/\/www.europesays.com\/uk\/743196\/","title":{"rendered":"Industries split over preference criteria \u2022 Table.Briefings"},"content":{"rendered":"<p class=\"text-base md:text-xl font-semibold text-gray-700 leading-relaxed\">\n                European Commission Vice-President St\u00e9phane S\u00e9journ\u00e9\u2019s plans to introduce European preference criteria are dividing the business community. Umbrella organizations in Germany and across Europe are struggling to agree on a common position.\n            <\/p>\n<p>\n                            05. February 2026\n                        <\/p>\n<p>\n                Recipients need a subscription to read\n            <\/p>\n<p>\n                        05. February 2026\n                    <\/p>\n<p>\n                Recipients need a subscription to read\n            <\/p>\n<p>    <img loading=\"lazy\" decoding=\"async\" src=\"https:\/\/www.europesays.com\/uk\/wp-content\/uploads\/2026\/02\/20260205_europe_stephanesejourne.jpg\" alt=\"St\u00e9phane S\u00e9journe, 05\/03\/2025\" width=\"1024\" height=\"682\" class=\"w-full h-36 md:h-auto print:h-auto object-cover rounded-lg\"\/><\/p>\n<p>        European Union Commissioner for Prosperity and Industrial Strategy St\u00e9phane S\u00e9journ\u00e9\u2019s call for \u201cMade in Europe\u201d criteria has divided the automotive industry. (European Union)    <\/p>\n<p class=\"mt-12 text-sm text-gray-600\">\n            Last updated: 05. February 2026\n        <\/p>\n<p>            Share article:<\/p>\n<p>\n                Recipients need a subscription to read\n            <\/p>\n","protected":false},"excerpt":{"rendered":"European Commission Vice-President St\u00e9phane S\u00e9journ\u00e9\u2019s plans to introduce European preference criteria are dividing the business community. Umbrella organizations&hellip;\n","protected":false},"author":2,"featured_media":743197,"comment_status":"","ping_status":"","sticky":false,"template":"","format":"standard","meta":{"footnotes":"","_share_on_mastodon":"0"},"categories":[5174],"tags":[5211,2000,299,5187,1699,32763,7061,46027,17566],"class_list":["post-743196","post","type-post","status-publish","format-standard","has-post-thumbnail","category-eu","tag-economic-policy","tag-eu","tag-europe","tag-european","tag-european-union","tag-industrial-policy","tag-procurement","tag-public-procurement","tag-stephane-sejourne"],"share_on_mastodon":{"url":"https:\/\/pubeurope.com\/@uk\/116016061161762031","error":""},"_links":{"self":[{"href":"https:\/\/www.europesays.com\/uk\/wp-json\/wp\/v2\/posts\/743196","targetHints":{"allow":["GET"]}}],"collection":[{"href":"https:\/\/www.europesays.com\/uk\/wp-json\/wp\/v2\/posts"}],"about":[{"href":"https:\/\/www.europesays.com\/uk\/wp-json\/wp\/v2\/types\/post"}],"author":[{"embeddable":true,"href":"https:\/\/www.europesays.com\/uk\/wp-json\/wp\/v2\/users\/2"}],"replies":[{"embeddable":true,"href":"https:\/\/www.europesays.com\/uk\/wp-json\/wp\/v2\/comments?post=743196"}],"version-history":[{"count":0,"href":"https:\/\/www.europesays.com\/uk\/wp-json\/wp\/v2\/posts\/743196\/revisions"}],"wp:featuredmedia":[{"embeddable":true,"href":"https:\/\/www.europesays.com\/uk\/wp-json\/wp\/v2\/media\/743197"}],"wp:attachment":[{"href":"https:\/\/www.europesays.com\/uk\/wp-json\/wp\/v2\/media?parent=743196"}],"wp:term":[{"taxonomy":"category","embeddable":true,"href":"https:\/\/www.europesays.com\/uk\/wp-json\/wp\/v2\/categories?post=743196"},{"taxonomy":"post_tag","embeddable":true,"href":"https:\/\/www.europesays.com\/uk\/wp-json\/wp\/v2\/tags?post=743196"}],"curies":[{"name":"wp","href":"https:\/\/api.w.org\/{rel}","templated":true}]}}