{"id":82538,"date":"2025-05-07T18:38:10","date_gmt":"2025-05-07T18:38:10","guid":{"rendered":"https:\/\/www.europesays.com\/uk\/82538\/"},"modified":"2025-05-07T18:38:10","modified_gmt":"2025-05-07T18:38:10","slug":"european-parliament-turkeys-accession-on-hold-no-progress-since-2018","status":"publish","type":"post","link":"https:\/\/www.europesays.com\/uk\/82538\/","title":{"rendered":"European Parliament: Turkey&#8217;s accession on hold, no progress since 2018"},"content":{"rendered":"<p><img decoding=\"async\" class=\"c-ad__placeholder__logo\" src=\"https:\/\/www.europesays.com\/uk\/wp-content\/uploads\/2025\/04\/logo-euronews-grey-6-180x22.svg.svg+xml\" width=\"180\" height=\"22\" alt=\"\" loading=\"lazy\"\/>ADVERTISEMENT<\/p>\n<p>Turkey&#8217;s EU accession process, which has been at a standstill since 2018, cannot be relaunched in the current circumstances, despite Ankara&#8217;s geopolitical and strategic importance, a European Parliament report says.<\/p>\n<p>MEPs in Strasbourg approved the report on Wednesday, with 367 votes in favour, 74 against and 188 abstentions.<\/p>\n<p><img decoding=\"async\" src=\"https:\/\/www.europesays.com\/uk\/wp-content\/uploads\/2025\/04\/icon-cross-10x10-grey-6.svg.svg+xml\" width=\"10\" height=\"10\" alt=\"Close advertising\" fetchpriority=\"high\" loading=\"lazy\"\/><\/p>\n<p>&#8220;The accession process is frozen. There is no progress,&#8221; Nacho S\u00e1nchez Amor, Spanish MEP (S&amp;D\/Spain) and rapporteur for the report on Turkey, told Euronews.<\/p>\n<p>The arrest of Istanbul Mayor Ekrem \u0130mamo\u011flu, the crackdown on anti-government demonstrations, and human rights violations were all pointed out as signs of democratic backsliding.<\/p>\n<p>&#8220;The detention and harassment of &#8230; \u0130mamo\u011flu are probably the peak of this repressive trend&#8221;, S\u00e1nchez Amor said.<\/p>\n<p>Strategic partnership in place<\/p>\n<p>However, the report noted that Ankara remains a strategic partner of the bloc and a key NATO ally, particularly for its growing influence in Ukraine, the Black Sea and the Middle East.<\/p>\n<p>During a debate in the European Parliament, the European Commissioner for Enlargement Marta Kos stressed the need to deepen cooperation with Turkey in areas of mutual strategic interest such as climate, energy security and trade.<\/p>\n<p>&#8220;The 2016 EU-Turkey declaration on migration continues to deliver results. Irregular arrivals from Turkey to the EU have decreased by 33% this year compared to the same period last year,&#8221; Kos said.<\/p>\n<p>MEPs also criticised Turkish President Recep Tayyip Erdo\u011fan&#8217;s recent visit to the occupied areas of Cyprus, recognised only by Ankara. The island has been divided since the Turkish invasion in 1974, while the Republic of Cyprus is a full-fledged member of the EU.<\/p>\n<p>While S\u00e1nchez Amor believes the door to Turkey joining the bloc has not been closed for good, he pointed out that &#8220;there are no shortcuts to EU membership&#8221;.<\/p>\n<p>&#8220;We need to make a distinction between the country and its current leaders. It&#8217;s true that under the AKP regime, it&#8217;s impossible to move forward because there is no political will to advance democratic values,&#8221; he said.<\/p>\n<p>&#8220;But there is a dynamic civil society that &#8230; wants to keep alive the hope that perhaps in the future, with other leaders, another country, in a different environment, this could be an opportunity for Turkey to re-engage with the European Union on the basis of membership,&#8221; S\u00e1nchez Amor added.<\/p>\n<p>According to a European Commission report, Turkey&#8217;s alignment with the EU&#8217;s Common Foreign and Security Policy had fallen to 5% in 2024.<\/p>\n","protected":false},"excerpt":{"rendered":"ADVERTISEMENT Turkey&#8217;s EU accession process, which has been at a standstill since 2018, cannot be relaunched in the&hellip;\n","protected":false},"author":2,"featured_media":82539,"comment_status":"","ping_status":"","sticky":false,"template":"","format":"standard","meta":{"footnotes":""},"categories":[5174],"tags":[2000,10247,39895,299,5187,1699,8537],"class_list":{"0":"post-82538","1":"post","2":"type-post","3":"status-publish","4":"format-standard","5":"has-post-thumbnail","7":"category-eu","8":"tag-eu","9":"tag-eu-enlargement","10":"tag-eu-parliament","11":"tag-europe","12":"tag-european","13":"tag-european-union","14":"tag-turkiye-turkey"},"share_on_mastodon":{"url":"https:\/\/pubeurope.com\/@uk\/114468009054934374","error":""},"_links":{"self":[{"href":"https:\/\/www.europesays.com\/uk\/wp-json\/wp\/v2\/posts\/82538","targetHints":{"allow":["GET"]}}],"collection":[{"href":"https:\/\/www.europesays.com\/uk\/wp-json\/wp\/v2\/posts"}],"about":[{"href":"https:\/\/www.europesays.com\/uk\/wp-json\/wp\/v2\/types\/post"}],"author":[{"embeddable":true,"href":"https:\/\/www.europesays.com\/uk\/wp-json\/wp\/v2\/users\/2"}],"replies":[{"embeddable":true,"href":"https:\/\/www.europesays.com\/uk\/wp-json\/wp\/v2\/comments?post=82538"}],"version-history":[{"count":0,"href":"https:\/\/www.europesays.com\/uk\/wp-json\/wp\/v2\/posts\/82538\/revisions"}],"wp:featuredmedia":[{"embeddable":true,"href":"https:\/\/www.europesays.com\/uk\/wp-json\/wp\/v2\/media\/82539"}],"wp:attachment":[{"href":"https:\/\/www.europesays.com\/uk\/wp-json\/wp\/v2\/media?parent=82538"}],"wp:term":[{"taxonomy":"category","embeddable":true,"href":"https:\/\/www.europesays.com\/uk\/wp-json\/wp\/v2\/categories?post=82538"},{"taxonomy":"post_tag","embeddable":true,"href":"https:\/\/www.europesays.com\/uk\/wp-json\/wp\/v2\/tags?post=82538"}],"curies":[{"name":"wp","href":"https:\/\/api.w.org\/{rel}","templated":true}]}}