{"id":894265,"date":"2026-04-14T21:31:15","date_gmt":"2026-04-14T21:31:15","guid":{"rendered":"https:\/\/www.europesays.com\/uk\/894265\/"},"modified":"2026-04-14T21:31:15","modified_gmt":"2026-04-14T21:31:15","slug":"why-orbans-man-in-brussels-is-here-to-stay-for-now-politico","status":"publish","type":"post","link":"https:\/\/www.europesays.com\/uk\/894265\/","title":{"rendered":"Why Orb\u00e1n\u2019s man in Brussels is here to stay \u2014 for now \u2013 POLITICO"},"content":{"rendered":"<p>\u201cHe is one of the commissioners who actually reads up on the stuff,\u201d said a European Parliament official, granted anonymity to speak candidly.<\/p>\n<p>There\u2019s also the boomerang factor. A \u201cchange of regime,\u201d as P\u00e9ter Magyar described his landslide victory in Hungary, could also sweep through France next year. The Berlaymont is wary of giving Marine Le Pen any leverage to swap out Executive Vice President St\u00e9phane S\u00e9journ\u00e9 with a far-right National Rally pick.<\/p>\n<p>Four high-ranking Commission officials told POLITICO there had been no internal discussion about removing or sidelining V\u00e1rhelyi either before or after Sunday\u2019s election.<\/p>\n<p>Hard to fire &#8230;<\/p>\n<p>In the wake of his blowout win, Magyar has signaled an intention to clean house, inviting Orb\u00e1n appointees throughout the Hungarian state to resign or be removed. However, late Tuesday, his team said V\u00e1rhelyi\u2019s future is up to Commission President Ursula von der Leyen. <\/p>\n<p>\u201cIt&#8217;s her prerogative to think about her college, it&#8217;s not up to us to interfere in this matter,\u201d said an official from Magyar&#8217;s Tisza party, granted anonymity to speak about internal deliberations.<\/p>\n<p>During the campaign, however, Magyar <a href=\"https:\/\/www.politico.eu\/article\/viktor-orban-rival-peter-magyar-accuses-oliver-varhelyi-hungarian-spy-affair\/\" rel=\"nofollow noopener\" target=\"_blank\">publicly accused <\/a>the commissioner of withholding information about the alleged spy ring run out of V\u00e1rhelyi\u2019s office during his spell as Hungary\u2019s Brussels envoy between 2015 and 2019. He and Magyar overlapped at the embassy from 2011 to 2015, also counting V\u00e1rhelyi\u2019s spell as deputy ambassador.<\/p>\n","protected":false},"excerpt":{"rendered":"\u201cHe is one of the commissioners who actually reads up on the stuff,\u201d said a European Parliament official,&hellip;\n","protected":false},"author":2,"featured_media":894266,"comment_status":"","ping_status":"","sticky":false,"template":"","format":"standard","meta":{"footnotes":"","_share_on_mastodon":"0"},"categories":[5174],"tags":[24408,74019,12848,6641,5898,12849,2000,299,5187,34778,2190,252421,5769,140669,11854,10057,770,10689,23422,1220,1781],"class_list":["post-894265","post","type-post","status-publish","format-standard","has-post-thumbnail","category-eu","tag-animal-welfare","tag-biotech-drugs","tag-biotechnology","tag-competitiveness","tag-donald-tusk","tag-drug-pricing","tag-eu","tag-europe","tag-european","tag-health-systems","tag-hungary","tag-janusz-wojciechowski","tag-medicines","tag-oliver-varhelyi","tag-peter-magyar","tag-pharma","tag-poland","tag-research-and-development","tag-roads","tag-ursula-von-der-leyen","tag-viktor-orban"],"share_on_mastodon":{"url":"https:\/\/pubeurope.com\/@uk\/116405199573459489","error":""},"_links":{"self":[{"href":"https:\/\/www.europesays.com\/uk\/wp-json\/wp\/v2\/posts\/894265","targetHints":{"allow":["GET"]}}],"collection":[{"href":"https:\/\/www.europesays.com\/uk\/wp-json\/wp\/v2\/posts"}],"about":[{"href":"https:\/\/www.europesays.com\/uk\/wp-json\/wp\/v2\/types\/post"}],"author":[{"embeddable":true,"href":"https:\/\/www.europesays.com\/uk\/wp-json\/wp\/v2\/users\/2"}],"replies":[{"embeddable":true,"href":"https:\/\/www.europesays.com\/uk\/wp-json\/wp\/v2\/comments?post=894265"}],"version-history":[{"count":0,"href":"https:\/\/www.europesays.com\/uk\/wp-json\/wp\/v2\/posts\/894265\/revisions"}],"wp:featuredmedia":[{"embeddable":true,"href":"https:\/\/www.europesays.com\/uk\/wp-json\/wp\/v2\/media\/894266"}],"wp:attachment":[{"href":"https:\/\/www.europesays.com\/uk\/wp-json\/wp\/v2\/media?parent=894265"}],"wp:term":[{"taxonomy":"category","embeddable":true,"href":"https:\/\/www.europesays.com\/uk\/wp-json\/wp\/v2\/categories?post=894265"},{"taxonomy":"post_tag","embeddable":true,"href":"https:\/\/www.europesays.com\/uk\/wp-json\/wp\/v2\/tags?post=894265"}],"curies":[{"name":"wp","href":"https:\/\/api.w.org\/{rel}","templated":true}]}}