{"id":96318,"date":"2025-05-12T21:20:20","date_gmt":"2025-05-12T21:20:20","guid":{"rendered":"https:\/\/www.europesays.com\/uk\/96318\/"},"modified":"2025-05-12T21:20:20","modified_gmt":"2025-05-12T21:20:20","slug":"teacher-from-irish-language-school-in-east-belfast-invited-to-meet-king-charles-iii-in-recognition-of-education-work","status":"publish","type":"post","link":"https:\/\/www.europesays.com\/uk\/96318\/","title":{"rendered":"Teacher from Irish language school in east Belfast invited to meet King Charles III in recognition of education work"},"content":{"rendered":"<p class=\"beltel-ebe0ecc6_root beltel-ebe0ecc6_paragraph beltel-300db776_none beltel-91174671_primary beltel-1d70522a_marginbottom5 beltel-1d70522a_margintop0 beltel-b48c4984_inherit\" style=\"color:var(--color-primary-80)\">Sharing the news to social media, a spokesperson for Scoil na Seolta (\u2018School of the Sails\u2019) stated: \u201cVery exciting week for the Scoil as \u00e1r m\u00fainteoir Ciara [Moore] gets ready for Buckingham Palace to visit an R\u00ed &#8211; the King! Photos to follow\u201d<\/p>\n<p class=\"beltel-ebe0ecc6_root beltel-ebe0ecc6_paragraph beltel-300db776_none beltel-91174671_primary beltel-1d70522a_marginbottom5 beltel-1d70522a_margintop0 beltel-b48c4984_inherit\" style=\"color:var(--color-primary-80)\">The school on the Montgomery Road, which was previously the target of loyalist opposition, officially opened in February of this year.<\/p>\n<p class=\"beltel-ebe0ecc6_root beltel-ebe0ecc6_paragraph beltel-300db776_none beltel-91174671_primary beltel-1d70522a_marginbottom5 beltel-1d70522a_margintop0 beltel-b48c4984_inherit\" style=\"color:var(--color-primary-80)\">Planning permission for the primary school was granted in June last year.<\/p>\n<p class=\"beltel-ebe0ecc6_root beltel-ebe0ecc6_paragraph beltel-300db776_none beltel-91174671_primary beltel-1d70522a_marginbottom5 beltel-1d70522a_margintop0 beltel-b48c4984_inherit\" style=\"color:var(--color-primary-80)\">It recently welcomed nursery pupils and in September it will welcome the first class of Primary One pupils.<\/p>\n<p class=\"beltel-ebe0ecc6_root beltel-ebe0ecc6_paragraph beltel-300db776_none beltel-91174671_primary beltel-1d70522a_marginbottom5 beltel-1d70522a_margintop0 beltel-b48c4984_inherit\" style=\"color:var(--color-primary-80)\">Ciara Moore, who will be getting ready to meet His Majesty in London this Wednesday, is the nursery manager at Scoil na Seolta.<\/p>\n<p class=\"beltel-ebe0ecc6_root beltel-ebe0ecc6_paragraph beltel-300db776_none beltel-91174671_primary beltel-1d70522a_marginbottom5 beltel-1d70522a_margintop0 beltel-b48c4984_inherit\" style=\"color:var(--color-primary-80)\">She has been invited to the garden party with the Royals \u201cto celebrate and recognise those working in Education and Skills\u201d.<\/p>\n<p class=\"beltel-ebe0ecc6_root beltel-ebe0ecc6_paragraph beltel-300db776_none beltel-91174671_primary beltel-1d70522a_marginbottom5 beltel-1d70522a_margintop0 beltel-b48c4984_inherit\" style=\"color:var(--color-primary-80)\">Ciara started her position at the school back in August.<\/p>\n<p class=\"beltel-ebe0ecc6_root beltel-ebe0ecc6_paragraph beltel-300db776_none beltel-91174671_primary beltel-1d70522a_marginbottom5 beltel-1d70522a_margintop0 beltel-b48c4984_inherit\" style=\"color:var(--color-primary-80)\">Posting on her own online platforms a few months back, she wrote: \u201cAs the first Integrated school in East Belfast, we are proudly bringing children from all backgrounds together to learn, and gifting them a new language to add to their skill set from age 3!<\/p>\n<p class=\"beltel-ebe0ecc6_root beltel-ebe0ecc6_paragraph beltel-300db776_none beltel-91174671_primary beltel-1d70522a_marginbottom5 beltel-1d70522a_margintop0 beltel-b48c4984_inherit\" style=\"color:var(--color-primary-80)\">\u201cI have learned so much in this first term &#8211; managing people and supporting children. The most important lesson is that kindness trumps hate and goodness prevails.<\/p>\n<p class=\"beltel-ebe0ecc6_root beltel-ebe0ecc6_paragraph beltel-300db776_none beltel-91174671_primary beltel-1d70522a_marginbottom5 beltel-1d70522a_margintop0 beltel-b48c4984_inherit\" style=\"color:var(--color-primary-80)\">\u201cI am SO excited to see where this journey takes me with the wind in my sails.\u201d<\/p>\n<p class=\"beltel-ebe0ecc6_root beltel-ebe0ecc6_paragraph beltel-300db776_none beltel-91174671_primary beltel-1d70522a_marginbottom5 beltel-1d70522a_margintop0 beltel-b48c4984_inherit\" style=\"color:var(--color-primary-80)\">Scoil na Seolta is backed by Irish language campaigner Linda Ervine and previously said they received over 100 letters from parents expressing interest in sending their child to the school.<\/p>\n<p><img decoding=\"async\" alt=\"Linda Ervine\" src=\"https:\/\/www.europesays.com\/uk\/wp-content\/uploads\/2025\/05\/in East Belfast 11.jpg\" loading=\"lazy\" width=\"100%\" data-testid=\"article-image\"  \/><\/p>\n<p class=\"beltel-ebe0ecc6_root beltel-ebe0ecc6_caption1 beltel-300db776_none beltel-91174671_secondary beltel-66f0fec7_regular beltel-1d70522a_marginbottom0 beltel-1d70522a_marginleft0 beltel-1d70522a_marginright0 beltel-1d70522a_margintop3 beltel-b48c4984_left\" style=\"color:var(--color-grey-60)\">Linda Ervine<\/p>\n<p class=\"beltel-ebe0ecc6_root beltel-ebe0ecc6_paragraph beltel-300db776_none beltel-91174671_primary beltel-1d70522a_marginbottom5 beltel-1d70522a_margintop0 beltel-b48c4984_inherit\" style=\"color:var(--color-primary-80)\">Last year, the Loyalist Communities Council (LCC) met with Education Minister Paul Givan to voice their objections to the proposed new school in east Belfast. During the meeting, they urged him to halt the project.<\/p>\n<p class=\"beltel-ebe0ecc6_root beltel-ebe0ecc6_paragraph beltel-300db776_none beltel-91174671_primary beltel-1d70522a_marginbottom5 beltel-1d70522a_margintop0 beltel-b48c4984_inherit\" style=\"color:var(--color-primary-80)\">The LCC includes local community representatives and also features members associated with the UVF, UDA, and Red Hand Commando paramilitary groups.<\/p>\n<p class=\"beltel-ebe0ecc6_root beltel-ebe0ecc6_paragraph beltel-300db776_none beltel-91174671_primary beltel-1d70522a_marginbottom5 beltel-1d70522a_margintop0 beltel-b48c4984_inherit\" style=\"color:var(--color-primary-80)\">The meeting sparked backlash and became the subject of <a href=\"https:\/\/www.belfasttelegraph.co.uk\/news\/education\/backlash-after-loyalist-group-urged-minister-to-halt-irish-language-school-in-east-belfast\/a1076003828.html\" target=\"_blank\" rel=\"noopener\">widespread criticism<\/a>.<\/p>\n<p class=\"beltel-ebe0ecc6_root beltel-ebe0ecc6_paragraph beltel-300db776_none beltel-91174671_primary beltel-1d70522a_marginbottom5 beltel-1d70522a_margintop0 beltel-b48c4984_inherit\" style=\"color:var(--color-primary-80)\">In October, a banner appeared near the proposed school site, <a href=\"https:\/\/www.belfasttelegraph.co.uk\/news\/education\/banner-calling-for-east-belfast-irish-language-school-to-relocate-being-treated-as-sectarian-hate-incident\/a416209141.html\" target=\"_blank\" rel=\"noopener\">urging it to \u201crelocate.<\/a>\u201d Police later removed the banner and classified the incident as a sectarian hate crime.<\/p>\n<p class=\"beltel-ebe0ecc6_root beltel-ebe0ecc6_paragraph beltel-300db776_none beltel-91174671_primary beltel-1d70522a_marginbottom5 beltel-1d70522a_margintop0 beltel-b48c4984_inherit\" style=\"color:var(--color-primary-80)\">A month later,<a href=\"https:\/\/www.belfasttelegraph.co.uk\/news\/education\/new-banners-erected-in-east-belfast-over-irish-language-school-dubbed-campaign-of-hate\/a1926810338.html\" target=\"_blank\" rel=\"noopener\"> two more banners<\/a> were put up demanding a public consultation. These were also investigated by police as sectarian hate crimes.<\/p>\n<p class=\"beltel-ebe0ecc6_root beltel-ebe0ecc6_paragraph beltel-300db776_none beltel-91174671_primary beltel-1d70522a_marginbottom5 beltel-1d70522a_margintop0 beltel-b48c4984_inherit\" style=\"color:var(--color-primary-80)\">The current school location is only a temporary setup, with long-term plans to establish a permanent facility on the grounds of the former Orangefield High School \u2013 famously <a href=\"https:\/\/www.belfasttelegraph.co.uk\/sunday-life\/features\/orangefield-old-boy-helps-van-morrison-solve-mystery-of-former-schools-name\/a1396539850.html\" target=\"_blank\" rel=\"noopener\">attended by Van Morrison<\/a> \u2013 which is designated for redevelopment.<\/p>\n","protected":false},"excerpt":{"rendered":"Sharing the news to social media, a spokesperson for Scoil na Seolta (\u2018School of the Sails\u2019) stated: \u201cVery&hellip;\n","protected":false},"author":2,"featured_media":96319,"comment_status":"","ping_status":"","sticky":false,"template":"","format":"standard","meta":{"footnotes":""},"categories":[5011],"tags":[2378,29366,518,5825,1144,16,15],"class_list":{"0":"post-96318","1":"post","2":"type-post","3":"status-publish","4":"format-standard","5":"has-post-thumbnail","7":"category-northern-ireland","8":"tag-belfast","9":"tag-east-belfast-news","10":"tag-king-charles-iii","11":"tag-niamh-campbell","12":"tag-northern-ireland","13":"tag-uk","14":"tag-united-kingdom"},"share_on_mastodon":{"url":"https:\/\/pubeurope.com\/@uk\/114496957884299150","error":""},"_links":{"self":[{"href":"https:\/\/www.europesays.com\/uk\/wp-json\/wp\/v2\/posts\/96318","targetHints":{"allow":["GET"]}}],"collection":[{"href":"https:\/\/www.europesays.com\/uk\/wp-json\/wp\/v2\/posts"}],"about":[{"href":"https:\/\/www.europesays.com\/uk\/wp-json\/wp\/v2\/types\/post"}],"author":[{"embeddable":true,"href":"https:\/\/www.europesays.com\/uk\/wp-json\/wp\/v2\/users\/2"}],"replies":[{"embeddable":true,"href":"https:\/\/www.europesays.com\/uk\/wp-json\/wp\/v2\/comments?post=96318"}],"version-history":[{"count":0,"href":"https:\/\/www.europesays.com\/uk\/wp-json\/wp\/v2\/posts\/96318\/revisions"}],"wp:featuredmedia":[{"embeddable":true,"href":"https:\/\/www.europesays.com\/uk\/wp-json\/wp\/v2\/media\/96319"}],"wp:attachment":[{"href":"https:\/\/www.europesays.com\/uk\/wp-json\/wp\/v2\/media?parent=96318"}],"wp:term":[{"taxonomy":"category","embeddable":true,"href":"https:\/\/www.europesays.com\/uk\/wp-json\/wp\/v2\/categories?post=96318"},{"taxonomy":"post_tag","embeddable":true,"href":"https:\/\/www.europesays.com\/uk\/wp-json\/wp\/v2\/tags?post=96318"}],"curies":[{"name":"wp","href":"https:\/\/api.w.org\/{rel}","templated":true}]}}