{"id":973601,"date":"2026-05-20T16:22:23","date_gmt":"2026-05-20T16:22:23","guid":{"rendered":"https:\/\/www.europesays.com\/uk\/973601\/"},"modified":"2026-05-20T16:22:23","modified_gmt":"2026-05-20T16:22:23","slug":"we-are-barely-making-it-eu-poverty-strategy-falling-short-of-target-euobserver","status":"publish","type":"post","link":"https:\/\/www.europesays.com\/uk\/973601\/","title":{"rendered":"\u2018We are barely making it\u2019: EU poverty strategy falling short of target \u2013 EUobserver"},"content":{"rendered":"<p>The European Commission says it has a strategy to eradicate poverty in the EU by 2050.<\/p>\n<p>But it also concedes that even getting 15 million people out of deprivation over the next four years appears far-fetched.<\/p>\n<p>\u201cWe are barely making it,\u201d said Roxana M\u00eenzatu, the EU commissioner for social rights and skills.<\/p>\n<p>Speaking to MEPs on Wednesday (20 May) at the plenary in Strasbourg, M\u00eenzatu said that only 3.7 million Europeans have been taken out of poverty. The total estimated number is 92 million.<\/p>\n<p>M\u00eenzatu is banking that her plan, proposed earlier this month, will reduce those numbers to near zero by 2050.<\/p>\n<p>It includes ideas to break a generational transmission of poverty through a so-called <a href=\"https:\/\/employment-social-affairs.ec.europa.eu\/policies-and-activities\/social-protection-social-inclusion\/addressing-poverty-and-supporting-social-inclusion\/investing-children\/european-child-guarantee_en\" rel=\"nofollow noopener\" target=\"_blank\">European Child Guarantee<\/a>, creating quality jobs, tackling in-work poverty and offering services to people struggling to get by.<\/p>\n<p>But whether EU states will actually implement the plans remains unknown.<\/p>\n<p>Anti-poverty \u2018tsar\u2019 in each capital?<\/p>\n<p>M\u00eenzatu is proposing member states appoint a national anti-poverty coordinator positioned within the highest echelons of government, such as in the office of the prime minister or president.<\/p>\n<p>Aodh\u00e1n \u00d3 R\u00edord\u00e1in, an Irish MEP with Socialists and Democrats (S&amp;D), welcomed the plan. But he also faulted the commission for bending to the will of corporate interests.<\/p>\n","protected":false},"excerpt":{"rendered":"The European Commission says it has a strategy to eradicate poverty in the EU by 2050. But it&hellip;\n","protected":false},"author":2,"featured_media":973602,"comment_status":"","ping_status":"","sticky":false,"template":"","format":"standard","meta":{"footnotes":"","_share_on_mastodon":"0"},"categories":[5174],"tags":[217083,2000,299,5187,271381,248841,271378,248839,271376,271379,248840,271377,271380],"class_list":["post-973601","post","type-post","status-publish","format-standard","has-post-thumbnail","category-eu","tag-typedefinedterm","tag-eu","tag-europe","tag-european","tag-identifier37","tag-identifier4406","tag-identifier4679","tag-nameeu-politics","tag-namehousing","tag-namelabour","tag-termcodeeu-politics","tag-termcodehousing","tag-termcodelabour"],"share_on_mastodon":{"url":"","error":""},"_links":{"self":[{"href":"https:\/\/www.europesays.com\/uk\/wp-json\/wp\/v2\/posts\/973601","targetHints":{"allow":["GET"]}}],"collection":[{"href":"https:\/\/www.europesays.com\/uk\/wp-json\/wp\/v2\/posts"}],"about":[{"href":"https:\/\/www.europesays.com\/uk\/wp-json\/wp\/v2\/types\/post"}],"author":[{"embeddable":true,"href":"https:\/\/www.europesays.com\/uk\/wp-json\/wp\/v2\/users\/2"}],"replies":[{"embeddable":true,"href":"https:\/\/www.europesays.com\/uk\/wp-json\/wp\/v2\/comments?post=973601"}],"version-history":[{"count":0,"href":"https:\/\/www.europesays.com\/uk\/wp-json\/wp\/v2\/posts\/973601\/revisions"}],"wp:featuredmedia":[{"embeddable":true,"href":"https:\/\/www.europesays.com\/uk\/wp-json\/wp\/v2\/media\/973602"}],"wp:attachment":[{"href":"https:\/\/www.europesays.com\/uk\/wp-json\/wp\/v2\/media?parent=973601"}],"wp:term":[{"taxonomy":"category","embeddable":true,"href":"https:\/\/www.europesays.com\/uk\/wp-json\/wp\/v2\/categories?post=973601"},{"taxonomy":"post_tag","embeddable":true,"href":"https:\/\/www.europesays.com\/uk\/wp-json\/wp\/v2\/tags?post=973601"}],"curies":[{"name":"wp","href":"https:\/\/api.w.org\/{rel}","templated":true}]}}