{"id":85501,"count":1,"description":"","link":"https:\/\/www.europesays.com\/uk\/tag\/led-by-smgbraun-and-hanna-schwammle-at-unige_en-bruniversite-de-geneve-brled-by-smgbraun-bsky-social-and-hanna-schwammle-at-the-university-of-geneva\/","name":"led by @smgbraun and Hanna Schw\u00e4mmle at @unige_en &lt;br&gt;@Universit\u00e9 de Gen\u00e8ve &lt;br&gt;\u202aled by @smgbraun.bsky.social\u202c and Hanna Schw\u00e4mmle at the university of Geneva","slug":"led-by-smgbraun-and-hanna-schwammle-at-unige_en-bruniversite-de-geneve-brled-by-smgbraun-bsky-social-and-hanna-schwammle-at-the-university-of-geneva","taxonomy":"post_tag","meta":[],"_links":{"self":[{"href":"https:\/\/www.europesays.com\/uk\/wp-json\/wp\/v2\/tags\/85501","targetHints":{"allow":["GET"]}}],"collection":[{"href":"https:\/\/www.europesays.com\/uk\/wp-json\/wp\/v2\/tags"}],"about":[{"href":"https:\/\/www.europesays.com\/uk\/wp-json\/wp\/v2\/taxonomies\/post_tag"}],"wp:post_type":[{"href":"https:\/\/www.europesays.com\/uk\/wp-json\/wp\/v2\/posts?tags=85501"}],"curies":[{"name":"wp","href":"https:\/\/api.w.org\/{rel}","templated":true}]}}