{"id":1033650,"date":"2026-08-30T21:01:54","date_gmt":"2026-08-30T21:01:54","guid":{"rendered":"https:\/\/www.europesays.com\/us\/1033650\/"},"modified":"2026-08-30T21:01:54","modified_gmt":"2026-08-30T21:01:54","slug":"seven-threads-one-whole-7-7-exhibition-explores-what-binds-us","status":"publish","type":"post","link":"https:\/\/www.europesays.com\/us\/1033650\/","title":{"rendered":"Seven threads, one whole: \u20187\/7\u2019 exhibition explores what binds us"},"content":{"rendered":"<p>Bringing together the works of seven artists on a shared intellectual ground, the exhibition \u201c7\/7 \u2013 Seven Divided by Seven\u201d is meeting art lovers at Artmahall Kabata\u015f from July 7 to Sept. 7, 2026.<\/p>\n<p>Curated by Derya Aydo\u011fan, the exhibition brings together works by L\u00fctf\u00fc Kaplano\u011flu, Seval Y\u0131ld\u0131z Tekin, Alper Efe G\u00fcm\u00fc\u015f, Melisa Uzun, Esra Do\u011fa Erta\u015f, Ece Albayrak and Ildem \u00dcnver, offering a conceptual encounter centered on the collective nature of contemporary life.<\/p>\n<p>At the heart of the exhibition is the number seven, which has long been associated with completion, balance, cycles and harmony across different cultures. But rather than treating it simply as a symbol, the exhibition uses seven as a starting point to question what it means to exist as an individual within a larger collective.<\/p>\n<p>                    <a data-fancybox=\"gallery\" href=\"https:\/\/www.europesays.com\/us\/wp-content\/uploads\/2026\/08\/458286.jpeg\" data-caption=\"Works from the \u201c7\/7 - Seven Divided by Seven\u201d exhibition are displayed on the walls at Artmahall Kabata\u015f, Istanbul, T\u00fcrkiye, Aug. 29, 2026. (Photo courtesy of Asu Y\u0131ld\u0131z Tekin)\"><br \/>\n                        <img fetchpriority=\"high\" decoding=\"async\" src=\"https:\/\/www.europesays.com\/us\/wp-content\/uploads\/2026\/08\/458286.jpeg\" alt=\"Works from the \u201c7\/7 - Seven Divided by Seven\u201d exhibition are displayed on the walls at Artmahall Kabata\u015f, Istanbul, T\u00fcrkiye, Aug. 29, 2026. (Photo courtesy of Asu Y\u0131ld\u0131z Tekin)\" onerror=\"this.style.display='none';\"\/><br \/>\n                    <\/a><br \/>\n                     Works from the \u201c7\/7 &#8211; Seven Divided by Seven\u201d exhibition are displayed on the walls at Artmahall Kabata\u015f, Istanbul, T\u00fcrkiye, Aug. 29, 2026. (Photo courtesy of Asu Y\u0131ld\u0131z Tekin) <\/p>\n<p>The exhibition sees each artist\u2019s practice as a different fiber within a shared fabric. Their distinct artistic practices and forms of expression come together to form a collective narrative, suggesting that encounters, connections and relationships can transform the whole. From this perspective, the \u201cone\u201d that emerges when seven is divided by seven becomes more than a mathematical result \u2013 it becomes a symbol of an existence built together.<\/p>\n<p>The idea echoes English poet John Donne\u2019s famous 1624 lines, \u201cNo man is an island, entire of itself.\u201d Four centuries later, it remains more relevant than ever in a world shaped by digital networks, ecological crises, cultural circulation, migration and collective memory.<\/p>\n<p>The exhibition takes its cue from this idea that human beings do not exist in isolation, but within a constantly evolving web of relationships, inviting viewers to reflect on a seemingly simple mathematical proposition: When we divide seven by seven, is what remains really just \u201cone\u201d?<\/p>\n<p>                    <a data-fancybox=\"gallery\" href=\"https:\/\/www.europesays.com\/us\/wp-content\/uploads\/2026\/08\/458285.jpeg\" data-caption=\"Works from the \u201c7\/7 - Seven Divided by Seven\u201d exhibition are displayed on the walls at Artmahall Kabata\u015f, Istanbul, T\u00fcrkiye, Aug. 29, 2026. (Photo courtesy of Asu Y\u0131ld\u0131z Tekin)\"><br \/>\n                        <img fetchpriority=\"high\" decoding=\"async\" src=\"https:\/\/www.europesays.com\/us\/wp-content\/uploads\/2026\/08\/458285.jpeg\" alt=\"Works from the \u201c7\/7 - Seven Divided by Seven\u201d exhibition are displayed on the walls at Artmahall Kabata\u015f, Istanbul, T\u00fcrkiye, Aug. 29, 2026. (Photo courtesy of Asu Y\u0131ld\u0131z Tekin)\" onerror=\"this.style.display='none';\"\/><br \/>\n                    <\/a><br \/>\n                     Works from the \u201c7\/7 &#8211; Seven Divided by Seven\u201d exhibition are displayed on the walls at Artmahall Kabata\u015f, Istanbul, T\u00fcrkiye, Aug. 29, 2026. (Photo courtesy of Asu Y\u0131ld\u0131z Tekin) <\/p>\n<p>The number seven itself carries a long history of symbolic meanings. Seven notes, seven colors, seven days and seven continents have all contributed to its associations with completeness and harmony in different cultural traditions.<\/p>\n<p>\u201c7\/7 \u2013 Seven Divided by Seven\u201d revisits these associations through the lens of contemporary life. The seven artists may have distinct practices and forms of expression, but their works are presented as interconnected layers of a shared idea.<\/p>\n<p>                    <a data-fancybox=\"gallery\" href=\"https:\/\/www.europesays.com\/us\/wp-content\/uploads\/2026\/08\/458287.jpeg\" data-caption=\"Works from the \u201c7\/7 - Seven Divided by Seven\u201d exhibition are displayed on the walls at Artmahall Kabata\u015f, Istanbul, T\u00fcrkiye, Aug. 29, 2026. (Photo courtesy of Asu Y\u0131ld\u0131z Tekin)\"><br \/>\n                        <img fetchpriority=\"high\" decoding=\"async\" src=\"https:\/\/www.europesays.com\/us\/wp-content\/uploads\/2026\/08\/458287.jpeg\" alt=\"Works from the \u201c7\/7 - Seven Divided by Seven\u201d exhibition are displayed on the walls at Artmahall Kabata\u015f, Istanbul, T\u00fcrkiye, Aug. 29, 2026. (Photo courtesy of Asu Y\u0131ld\u0131z Tekin)\" onerror=\"this.style.display='none';\"\/><br \/>\n                    <\/a><br \/>\n                     Works from the \u201c7\/7 &#8211; Seven Divided by Seven\u201d exhibition are displayed on the walls at Artmahall Kabata\u015f, Istanbul, T\u00fcrkiye, Aug. 29, 2026. (Photo courtesy of Asu Y\u0131ld\u0131z Tekin) <\/p>\n<p>This approach echoes anthropologist Tim Ingold\u2019s understanding of the world not as a collection of separate objects, but as a network of relationships that are continuously woven together. It also recalls the metaphor of a tapestry formed by countless threads in different colors, discussed by Dolores Cannon in her book Between Death and Life.<\/p>\n<p>Together, these ideas reinforce the exhibition\u2019s central premise: Being \u201cone\u201d does not necessarily mean being alone or becoming uniform. Instead, it can mean creating a shared space of existence through difference, connection and diversity.<\/p>\n<p>\u201c7\/7 \u2013 Seven Divided by Seven\u201d can be visited at Artmahall Kabata\u015f in Istanbul through Sept. 7.<\/p>\n<p>                    <img fetchpriority=\"high\" decoding=\"async\" src=\"https:\/\/www.europesays.com\/us\/wp-content\/uploads\/2025\/06\/JN9LXf.png\" alt=\"\"\/><\/p>\n<p>\n                    The Daily Sabah Newsletter\n                <\/p>\n<p>\n                    Keep up to date with what\u2019s happening in Turkey,<br \/>\n                    it\u2019s region and the world.\n                <\/p>\n<p>                    SIGN ME UP\n                <\/p>\n<p>\n                    You can unsubscribe at any time. By signing up you are agreeing to our Terms of Use and Privacy Policy.<br \/>\n                    This site is protected by reCAPTCHA and the Google Privacy Policy and Terms of Service apply.\n                <\/p>\n","protected":false},"excerpt":{"rendered":"Bringing together the works of seven artists on a shared intellectual ground, the exhibition \u201c7\/7 \u2013 Seven Divided&hellip;\n","protected":false},"author":3,"featured_media":1033651,"comment_status":"","ping_status":"","sticky":false,"template":"","format":"standard","meta":{"footnotes":"","_share_on_mastodon":"0"},"categories":[32],"tags":[648,1032,37594,1033,171,9177,32303,67,132,68],"class_list":["post-1033650","post","type-post","status-publish","format-standard","has-post-thumbnail","category-arts-and-design","tag-arts","tag-arts-and-design","tag-contemporary-art","tag-design","tag-entertainment","tag-exhibition","tag-istanbul","tag-united-states","tag-unitedstates","tag-us"],"share_on_mastodon":{"url":"https:\/\/pubeurope.com\/@us\/117186486503938225","error":""},"_links":{"self":[{"href":"https:\/\/www.europesays.com\/us\/wp-json\/wp\/v2\/posts\/1033650","targetHints":{"allow":["GET"]}}],"collection":[{"href":"https:\/\/www.europesays.com\/us\/wp-json\/wp\/v2\/posts"}],"about":[{"href":"https:\/\/www.europesays.com\/us\/wp-json\/wp\/v2\/types\/post"}],"author":[{"embeddable":true,"href":"https:\/\/www.europesays.com\/us\/wp-json\/wp\/v2\/users\/3"}],"replies":[{"embeddable":true,"href":"https:\/\/www.europesays.com\/us\/wp-json\/wp\/v2\/comments?post=1033650"}],"version-history":[{"count":0,"href":"https:\/\/www.europesays.com\/us\/wp-json\/wp\/v2\/posts\/1033650\/revisions"}],"wp:featuredmedia":[{"embeddable":true,"href":"https:\/\/www.europesays.com\/us\/wp-json\/wp\/v2\/media\/1033651"}],"wp:attachment":[{"href":"https:\/\/www.europesays.com\/us\/wp-json\/wp\/v2\/media?parent=1033650"}],"wp:term":[{"taxonomy":"category","embeddable":true,"href":"https:\/\/www.europesays.com\/us\/wp-json\/wp\/v2\/categories?post=1033650"},{"taxonomy":"post_tag","embeddable":true,"href":"https:\/\/www.europesays.com\/us\/wp-json\/wp\/v2\/tags?post=1033650"}],"curies":[{"name":"wp","href":"https:\/\/api.w.org\/{rel}","templated":true}]}}