{"id":1042543,"date":"2026-09-04T08:45:19","date_gmt":"2026-09-04T08:45:19","guid":{"rendered":"https:\/\/www.europesays.com\/us\/1042543\/"},"modified":"2026-09-04T08:45:19","modified_gmt":"2026-09-04T08:45:19","slug":"frechette-holds-firm-wont-allow-english-language-mailouts","status":"publish","type":"post","link":"https:\/\/www.europesays.com\/us\/1042543\/","title":{"rendered":"Fr\u00e9chette holds firm, won&#8217;t allow English-language mailouts"},"content":{"rendered":"<p class=\"wp-block-paragraph\">Quebec Premier Christine Fr\u00e9chette is holding firm on the decision to <a href=\"https:\/\/montrealgazette.com\/news\/provincial-news\/provincial-politics\/voting-information-mailings-french-only-elections-quebec\/\" target=\"_blank\" rel=\"noreferrer noopener nofollow\">stop mailing voting information in English<\/a> as lawyers prepare to mount a legal challenge against the measure.<\/p>\n<p class=\"wp-block-paragraph\">Having said the day before that discussions on the issue were taking place, the Coalition Avenir Qu\u00e9bec leader said Thursday morning that meetings had concluded and she would not be intervening.<\/p>\n<p class=\"wp-block-paragraph\">\u201cLet\u2019s be clear: No one is being denied access to information. No one is being denied the right to vote, either,\u201d Fr\u00e9chette said at a campaign stop in Roxton Pond, near Granby, adding that ballots would remain bilingual.<\/p>\n<p class=\"wp-block-paragraph\">For the first time, \u00c9lections Qu\u00e9bec has said it will not send English-language mailers ahead of the Oct. 5 election,<strong> <\/strong>instead including a QR code linked to <a href=\"https:\/\/electionsquebec.qc.ca\/guide\" target=\"_blank\" rel=\"noreferrer noopener nofollow\">an English web page<\/a>. Language legislation brought in under the CAQ forced the change, <a href=\"https:\/\/montrealgazette.com\/quebec-elections\/quebec-premier-french-only-voter-mailouts\/\" target=\"_blank\" rel=\"noreferrer noopener nofollow\">the agency said Tuesday<\/a>.<\/p>\n<p><img fetchpriority=\"high\" decoding=\"async\" width=\"1200\" height=\"1877\" src=\"https:\/\/www.europesays.com\/us\/wp-content\/uploads\/2026\/09\/quebec-voter-guide-cover.jpeg\" alt=\"A document with the \u00c9lections Qu\u00e9bec logo says Guide pour l'\u00e9lection provinciale. At the bottom it says For an English version of the guide: electionsquebec.qc.ca\/guide, with a QR code.\" class=\"wp-image-100276036\"  \/>\u00c9lections Qu\u00e9bec<\/p>\n<p class=\"wp-block-paragraph\">\u00c9lections Qu\u00e9bec said it had asked for a carve-out to allow mailouts in both French and English, but that the government refused.<\/p>\n<p class=\"wp-block-paragraph\">Asked Thursday why the government chose not to create an exemption for elections communications, Fr\u00e9chette didn\u2019t answer directly.<\/p>\n<p class=\"wp-block-paragraph\">\u201cWe have adopted rules, and French is the official and common language of Quebec,\u201d she said. \u201cWe are applying the rules we have.\u201d<\/p>\n<p class=\"wp-block-paragraph\">While voting rights and English-language advocates had said the decision presented barriers to voting, Fr\u00e9chette dismissed the concerns on Thursday, telling reporters she didn\u2019t see a risk of anglophones not knowing how to vote.<\/p>\n<p class=\"wp-block-paragraph\">\u201cThe rights of the English-speaking community are being respected,\u201d Fr\u00e9chette said. \u201cWe can be proud, I think, to defend our language.\u201d<\/p>\n<p>\u2018Line that cannot be crossed\u2019<\/p>\n<p class=\"wp-block-paragraph\">Eric Maldoff, a lawyer and former president of the anglophone-advocacy organization Alliance Quebec, said he is part of a group of lawyers planning to file legal action against the provincial government.<\/p>\n<p class=\"wp-block-paragraph\">\u201cI couldn\u2019t believe it,\u201d he said about the French-only election mailouts.<\/p>\n<p class=\"wp-block-paragraph\">The measure is an \u201cunacceptable impediment\u201d because it means English-speaking Quebecers are \u201cnot getting equal access\u201d to important voter information, according to Maldoff. He said it\u2019s a violation of a constitutional right.<\/p>\n<p class=\"wp-block-paragraph\">\u201cThis is a line that cannot be crossed,\u201d he said in an interview Thursday. \u201cThe right to vote is sacred. If we don\u2019t have confidence that we can vote and choose our government, then how do you fix anything?\u201d<\/p>\n<p class=\"wp-block-paragraph\">Maldoff also said he doesn\u2019t believe it\u2019s too late for the Quebec government to reverse course and to have English-language documents mailed out ahead of the election.<\/p>\n<p class=\"wp-block-paragraph\">\u201cAs they say: Where there is a will, there is a way. But this has to be fixed,\u201d he said.<\/p>\n<p class=\"wp-block-paragraph\">In preparing a legal challenge, Maldoff said \u201cwe have lawyers working on it right now.\u201d<\/p>\n<p class=\"wp-block-paragraph\">\u201cThe hope is to be able to initiate this in court at the beginning of next week,\u201d he said.<\/p>\n<p class=\"wp-block-paragraph\">Asked if French-only mailouts could <a href=\"https:\/\/montrealgazette.com\/opinion\/columnists\/mulcair-french-only-notices-may-put-validity-of-quebec-election-into-question\/\" target=\"_blank\" rel=\"noreferrer noopener nofollow\">put the validity of the election into question<\/a>, Maldoff said: \u201cIt will certainly raise a question of the legitimacy of an election where certain people are not given equal access to voting.<\/p>\n<p class=\"wp-block-paragraph\">\u201cHopefully Quebec will come to its senses and solve this problem quickly.\u201d<\/p>\n<p><strong>Three complaints filed to federal language commissioner<\/strong><\/p>\n<p class=\"wp-block-paragraph\">Canada\u2019s commissioner of official languages confirmed Thursday her office was contacted about the French-only mailouts.<\/p>\n<p class=\"wp-block-paragraph\">\u201cWe have received three complaints regarding \u00c9lections Qu\u00e9bec\u2019s decision to provide voter information only in French ahead of this year\u2019s election,\u201d Kelly Burke said in a statement to The Gazette.<\/p>\n<p class=\"wp-block-paragraph\">\u201cAs those complaints are currently being analyzed, I must limit my comments on the matter.\u201d<\/p>\n<p class=\"wp-block-paragraph\">Burke said only complaints that meet all three of the following criteria can be investigated as per the Official Languages Act:<\/p>\n<ul class=\"wp-block-list\">\n<li>The complaint concerns a federal institution or any other organization that is required to comply with the Official Languages Act.<\/li>\n<li>The complaint alleges a contravention of the Official Languages Act.<\/li>\n<li>The complaint is about a specific situation.<\/li>\n<\/ul>\n<p class=\"wp-block-paragraph\">\u201cI would like to reiterate that I remain firmly committed to ensuring the equality of English and French within federal institutions, to supporting official language minority communities and to intervening with federal institutions to ensure that they comply with the Official Languages Act,\u201d Burke said.<\/p>\n<p class=\"wp-block-paragraph\"><a href=\"https:\/\/montrealgazette.com\/quebec-elections\/frechette-holds-firm-on-french-only-election-mailouts\/mailto:klaframboise@postmedia.com\" rel=\"nofollow noopener\" target=\"_blank\">klaframboise@postmedia.com<\/a><\/p>\n<p class=\"wp-block-paragraph\"><a href=\"https:\/\/montrealgazette.com\/quebec-elections\/frechette-holds-firm-on-french-only-election-mailouts\/mailto:jawilson@postmedia.com\" rel=\"nofollow noopener\" target=\"_blank\">jawilson@postmedia.com<\/a><\/p>\n<p>\t\tEditor\u2019s Picks\t<\/p>\n<p class=\"wp-block-paragraph\">The Gazette\u2019s On Quebec Politics newsletter by Andy Riga breaks down key election issues, from polling shifts to legislative manoeuvring to ideas circulating in francophone commentary that don\u2019t make it into English-language coverage.<strong\/><\/p>\n<p>To sign up, <a href=\"https:\/\/cac02da7-7e38-4812-b59b-54afda02c09f.us07.ldpgs.com\/mg-newsletters?lid=4du3lknsuvdr&amp;utm_medium=email&amp;utm_source=Braze&amp;utm_campaign=montreal_fromthenewsroom_newsletter&amp;utm_content=2026-06-10&amp;utm_id=d15441ee-d8f2-4e6b-93af-ef6a2906dedc#:~:text=The%20Gazette%20Health-,On%20Quebec%20Politics,-Daily%20Headline%20News\" target=\"_blank\" rel=\"noreferrer noopener nofollow\">visit this page<\/a> and check the box labelled \u201cOn Quebec Politics\u201d before providing your email address.<\/p>\n","protected":false},"excerpt":{"rendered":"Quebec Premier Christine Fr\u00e9chette is holding firm on the decision to stop mailing voting information in English as&hellip;\n","protected":false},"author":3,"featured_media":1042544,"comment_status":"","ping_status":"","sticky":false,"template":"","format":"standard","meta":{"footnotes":"","_share_on_mastodon":"0"},"categories":[2],"tags":[2147,50],"class_list":["post-1042543","post","type-post","status-publish","format-standard","has-post-thumbnail","category-news","tag-canada","tag-news"],"share_on_mastodon":{"url":"https:\/\/pubeurope.com\/@us\/117211898078778473","error":""},"_links":{"self":[{"href":"https:\/\/www.europesays.com\/us\/wp-json\/wp\/v2\/posts\/1042543","targetHints":{"allow":["GET"]}}],"collection":[{"href":"https:\/\/www.europesays.com\/us\/wp-json\/wp\/v2\/posts"}],"about":[{"href":"https:\/\/www.europesays.com\/us\/wp-json\/wp\/v2\/types\/post"}],"author":[{"embeddable":true,"href":"https:\/\/www.europesays.com\/us\/wp-json\/wp\/v2\/users\/3"}],"replies":[{"embeddable":true,"href":"https:\/\/www.europesays.com\/us\/wp-json\/wp\/v2\/comments?post=1042543"}],"version-history":[{"count":0,"href":"https:\/\/www.europesays.com\/us\/wp-json\/wp\/v2\/posts\/1042543\/revisions"}],"wp:featuredmedia":[{"embeddable":true,"href":"https:\/\/www.europesays.com\/us\/wp-json\/wp\/v2\/media\/1042544"}],"wp:attachment":[{"href":"https:\/\/www.europesays.com\/us\/wp-json\/wp\/v2\/media?parent=1042543"}],"wp:term":[{"taxonomy":"category","embeddable":true,"href":"https:\/\/www.europesays.com\/us\/wp-json\/wp\/v2\/categories?post=1042543"},{"taxonomy":"post_tag","embeddable":true,"href":"https:\/\/www.europesays.com\/us\/wp-json\/wp\/v2\/tags?post=1042543"}],"curies":[{"name":"wp","href":"https:\/\/api.w.org\/{rel}","templated":true}]}}