{"id":1045765,"date":"2026-09-05T22:43:21","date_gmt":"2026-09-05T22:43:21","guid":{"rendered":"https:\/\/www.europesays.com\/us\/1045765\/"},"modified":"2026-09-05T22:43:21","modified_gmt":"2026-09-05T22:43:21","slug":"portland-art-museum-to-host-largest-north-american-exhibition-of-indigenous-australian-art","status":"publish","type":"post","link":"https:\/\/www.europesays.com\/us\/1045765\/","title":{"rendered":"Portland Art Museum to host largest North American exhibition of Indigenous Australian art"},"content":{"rendered":"<p>PORTLAND, Ore. (KATU) \u2014 The largest exhibition of Aboriginal and Torres Strait Islander art ever presented in North America is coming to Portland this fall, bringing 147 works by more than 100 Indigenous Australian artists to the Portland Art Museum.<\/p>\n<p><a href=\"https:\/\/portlandartmuseum.org\/event\/the-stars-we-do-not-see-australian-indigenous-art\/\" target=\"_blank\" rel=\"nofollow noopener\">The Stars We Do Not See<\/a>: Australian Indigenous Art will open today, Sept. 5 at the Portland Art Museum and run through Jan. 3, 2027. <\/p>\n<p>The show is the only West Coast presentation of the exhibition, which was organized by the National Gallery of Victoria in Melbourne and the National Gallery of Art in Washington, D.C.<\/p>\n<p>The exhibition is the outcome of a cultural partnership between the National Gallery of Art and the National Gallery of Victoria that will facilitate the global exchange of artworks from the NGV\u2019s permanent collection. Bank of America is the North America tour sponsor.<\/p>\n<p>Organized by the NGV especially for North American audiences, the exhibition draws exclusively from the NGV\u2019s collection and spans pivotal moments in Indigenous Australian art from the late 19th century to the present. The Portland Art Museum said its presentation is designed as a \u201ccaptivating and multi-layered experience for visitors of all ages,\u201d introducing audiences to Indigenous Australian artists connected to what the museum described as the world\u2019s oldest continuous living culture.<\/p>\n<p><img alt=\"The largest exhibition of Aboriginal and Torres Strait Islander art ever presented in North America is coming to Portland this fall, bringing 147 works by more than 100 Indigenous Australian artists to the Portland Art Museum\/Photo via Portland Art Museum\" class=\"ImageEmbed_image__qZBo_\" decoding=\"async\" height=\"365\" loading=\"lazy\" src=\"https:\/\/www.europesays.com\/us\/wp-content\/uploads\/2026\/09\/d8ff43cd-6542-4403-a48d-0c36eb52b45f-IMG_3087.jpg\" width=\"648\"\/><\/p>\n<p>The largest exhibition of Aboriginal and Torres Strait Islander art ever presented in North America is coming to Portland this fall, bringing 147 works by more than 100 Indigenous Australian artists to the Portland Art Museum\/Photo via Portland Art Museum<\/p>\n<p>\u201cWe\u2019ve been working for years to bring this exhibition to Portland, so it\u2019s deeply rewarding to finally share it with our community,\u201d said Don Urquhart, co-interim director of the Portland Art Museum. \u201cThese paintings and sculptures have traveled across the globe to be here, giving our audiences a rare opportunity to experience the depth and vitality of Indigenous Australian art and culture. It\u2019s also simply beautiful\u2014enormous, vibrant, powerful works of art that I know visitors are going to love experiencing in person.\u201d<\/p>\n<p>Kathleen Ash-Milby, the museum\u2019s senior curator of Native American art, said visitors may be surprised by the range of work included. <\/p>\n<p>\u201cI think our visitors are going to be surprised by what they learn about the diversity and range of the work by the artists included in this exhibition, from the depth of emotion and history to the sophisticated use of color and abstraction. The exhibition is a contemporary art exhibition but rooted in thousands of years of culture and expression,\u201d Ash-Milby said.<\/p>\n<p>The museum said the Bank of America generously supported the exhibition&#8217;s North America tour.<\/p>\n<p><img alt=\"{p}Rose Mamuniny Gurruwiwi. G\u00e4lpu born 1944. Mani Mani (Necklace) 1993, welirr (shells), butju (feathers), nylon thread. 30.5 \u00d7 21.0 \u00d7 5.0 cm (variable). National Gallery of Victoria, Melbourne . Purchased through The Art Foundation of Victoria with the assistance of the Alcoa Foundation, Governor, 1994 (O.168-1994). \u00a9 Mamuniny 2\/ Copyright Agency, 2024. Photo: Heath Warwick \/ NGV{\/p}\" class=\"ImageEmbed_image__qZBo_\" decoding=\"async\" height=\"364\" loading=\"lazy\" src=\"https:\/\/www.europesays.com\/us\/wp-content\/uploads\/2026\/09\/34a8c278-3d29-4415-a74a-64f6cc748df3-Aa100581_RGB.jpg\" width=\"648\"\/><\/p>\n<p>Rose Mamuniny Gurruwiwi. G\u00e4lpu born 1944. Mani Mani (Necklace) 1993, welirr (shells), butju (feathers), nylon thread. 30.5 \u00d7 21.0 \u00d7 5.0 cm (variable). National Gallery of Victoria, Melbourne . Purchased through The Art Foundation of Victoria with the assistance of the Alcoa Foundation, Governor, 1994 (O.168-1994). \u00a9 Mamuniny 2\/ Copyright Agency, 2024. Photo: Heath Warwick \/ NGV<\/p>\n<p>Marc Compton, Oregon and Southwest Washington president for Bank of America, said the company\u2019s support is intended to broaden access to the arts. \u201cAt Bank of America, we know the arts play a vital role in building stronger, more connected communities by creating opportunities for learning, dialogue, and shared appreciation,\u201d Compton said.<\/p>\n<p>\u201cBy supporting the North American tour of this landmark exhibition, we hope this rare opportunity for Portland Art Museum visitors to experience the astonishing breadth of modern and contemporary Australian Indigenous art will leave them inspired.\u201d<\/p>\n<p>The exhibition includes conceptual map paintings of the Central and Western Deserts, ochre bark paintings and experimental weavings, along with works by new-media artists using neon, video and photography. <\/p>\n<p>Among the highlights never shown in North America is Emily Kam Kngwarray\u2019s Anwerlarr Anganenty (Big Yam Dreaming) (1995), a monumental painting measuring more than nine by 27 feet that represents an underground network of roots and yams.<\/p>\n<p>The exhibition\u2019s title is inspired by the late senior Yolu artist Gulumbu Yunupiu (1943\u20132012), known as \u201cStar Lady.\u201d Her works use crosses to represent visible stars and a dense network of dots to symbolize stars that cannot be seen.<\/p>\n<p>Urban-based contemporary artists working in new media are represented throughout the show, with works by Brook Andrew, Richard Bell, Reko Rennie and Maree Clarke. <\/p>\n<p><img alt=\"{p}Destiny Deacon. Kuku\/Erub\/Mer 1957\u20132024. Snow Storm 2005, dolls, polystyrene, Perspex cube, 40.0 \u00d7 40.0 \u00d7 40.0 cm, National Gallery of Victoria, Melbourne. Purchased, Victorian Foundation for Living Australian Artists, 2019 (2019.840). \u00a9 Destiny Deacon\/Copyright Agency, 2024. Photo: Christian Markel \/ NGV{\/p}\" class=\"ImageEmbed_image__qZBo_\" decoding=\"async\" height=\"365\" loading=\"lazy\" src=\"https:\/\/www.europesays.com\/us\/wp-content\/uploads\/2026\/09\/8ef82c4e-3515-4014-b17b-b751132ab47b-Dg102347_RGB.jpg\" width=\"648\"\/><\/p>\n<p>Destiny Deacon. Kuku\/Erub\/Mer 1957\u20132024. Snow Storm 2005, dolls, polystyrene, Perspex cube, 40.0 \u00d7 40.0 \u00d7 40.0 cm, National Gallery of Victoria, Melbourne. Purchased, Victorian Foundation for Living Australian Artists, 2019 (2019.840). \u00a9 Destiny Deacon\/Copyright Agency, 2024. Photo: Christian Markel \/ NGV<\/p>\n<p>The exhibition also includes Christian Thompson\u2019s Burdi Burdi (Fire Fire) (2021), a four-channel sound installation, and Destiny Deacon\u2019s Snow Storm (2005), which explores how Aboriginal material culture has historically been presented in clinical, museological environments.<\/p>\n<p>The museum said interpretation will focus on making Indigenous knowledges and ideas accessible, including helping visitors understand how what may appear to Western audiences as abstract patterns can function as complex visual maps layered with cultural knowledge, stories and law. The Portland presentation will also include several artwork tactiles placed alongside featured pieces, originally utilized in the Denver Art Museum installation.<\/p>\n<p>A series of public programs is scheduled to begin later this month<\/p>\n<p>On Sept. 27 at 2 p.m., the museum will host an opening public conversation featuring<a href=\"https:\/\/portlandartmuseum.org\/event\/the-stars-we-do-not-see-opening-conversation\/\" target=\"_blank\" rel=\"nofollow noopener\"> Dr. Jessica Clark, the National Gallery of Victoria\u2019s senior curator of First Nations art,<\/a> and exhibiting artist Ricky Maynard, moderated by Ash-Milby. A patron and donor reception is planned for Monday, Sept. 28, followed by an Evening for Educators on Sept. 29 from 5:15 to 7:30 p.m.<\/p>\n<p>Additional programming includes film and facilitated conversation. On Free First Thursday, Oct. 1, the Whitsell Auditorium in collaboration with PAM CUT will screen films exploring Indigenous Australian experience and contemporary storytelling, including The Drover\u2019s Wife (2021). The museum will also offer Look With Me sessions on Free First Thursday and select Sundays.<\/p>\n<p><img alt=\"{p}Anatjari Tjakamarra. Ngaatjatjarra\/Pintupi c. 1930\u201392. Big Pintupi Dreaming Ceremony 1972, synthetic polymer paint on, composition board, 51.5 \u00d7 43.3 cm. National Gallery of Victoria, Melbourne. Purchased through The Art Foundation of Victoria with the assistance of North Broken Hill Pty Ltd, Fellow, 1987 (O.51-1987). \u00a9 The Artist\/Licensed by Aboriginal Artists Agency Limited. Photo: Christian Markel \/ NGV{\/p}\" class=\"ImageEmbed_image__qZBo_\" decoding=\"async\" height=\"364\" loading=\"lazy\" src=\"https:\/\/www.europesays.com\/us\/wp-content\/uploads\/2026\/09\/fbb41be4-66e2-44f0-bc7b-a9c0d4fea8e8-Ad100936_RGB.jpg\" width=\"648\"\/><\/p>\n<p>Anatjari Tjakamarra. Ngaatjatjarra\/Pintupi c. 1930\u201392. Big Pintupi Dreaming Ceremony 1972, synthetic polymer paint on, composition board, 51.5 \u00d7 43.3 cm. National Gallery of Victoria, Melbourne. Purchased through The Art Foundation of Victoria with the assistance of North Broken Hill Pty Ltd, Fellow, 1987 (O.51-1987). \u00a9 The Artist\/Licensed by Aboriginal Artists Agency Limited. Photo: Christian Markel \/ NGV<\/p>\n<p>The exhibition was curated by Myles Russell-Cook, former senior curator of Australian and First Nations art at the National Gallery of Victoria.<\/p>\n<p>At the National Gallery of Art, it was coordinated by E. Carmen Ramos, chief curatorial and conservation officer, and Lynn Matheny, deputy head and associate curator of interpretation. In Portland, the presentation is coordinated by Ash-Milby in collaboration with Clark.<\/p>\n<p>The Stars We Do Not See is organized by the National Gallery of Victoria and the National Gallery of Art in association with the Portland Art Museum, the Denver Art Museum and the Peabody Essex Museum in Massachusetts, where the exhibition will finish its North American tour in Spring 2027. <\/p>\n<p>The exhibition is accompanied by a book published by the National Gallery of Victoria and the National Gallery of Art in association with D.A.P.\/Distributed Art Publishers, featuring more than 100 individual artwork plates by Indigenous Australian artists.<\/p>\n","protected":false},"excerpt":{"rendered":"PORTLAND, Ore. (KATU) \u2014 The largest exhibition of Aboriginal and Torres Strait Islander art ever presented in North&hellip;\n","protected":false},"author":3,"featured_media":1045766,"comment_status":"","ping_status":"","sticky":false,"template":"","format":"standard","meta":{"footnotes":"","_share_on_mastodon":"0"},"categories":[32],"tags":[648,1032,1033,171,67,132,68],"class_list":["post-1045765","post","type-post","status-publish","format-standard","has-post-thumbnail","category-arts-and-design","tag-arts","tag-arts-and-design","tag-design","tag-entertainment","tag-united-states","tag-unitedstates","tag-us"],"share_on_mastodon":{"url":"https:\/\/pubeurope.com\/@us\/117220855489380157","error":""},"_links":{"self":[{"href":"https:\/\/www.europesays.com\/us\/wp-json\/wp\/v2\/posts\/1045765","targetHints":{"allow":["GET"]}}],"collection":[{"href":"https:\/\/www.europesays.com\/us\/wp-json\/wp\/v2\/posts"}],"about":[{"href":"https:\/\/www.europesays.com\/us\/wp-json\/wp\/v2\/types\/post"}],"author":[{"embeddable":true,"href":"https:\/\/www.europesays.com\/us\/wp-json\/wp\/v2\/users\/3"}],"replies":[{"embeddable":true,"href":"https:\/\/www.europesays.com\/us\/wp-json\/wp\/v2\/comments?post=1045765"}],"version-history":[{"count":0,"href":"https:\/\/www.europesays.com\/us\/wp-json\/wp\/v2\/posts\/1045765\/revisions"}],"wp:featuredmedia":[{"embeddable":true,"href":"https:\/\/www.europesays.com\/us\/wp-json\/wp\/v2\/media\/1045766"}],"wp:attachment":[{"href":"https:\/\/www.europesays.com\/us\/wp-json\/wp\/v2\/media?parent=1045765"}],"wp:term":[{"taxonomy":"category","embeddable":true,"href":"https:\/\/www.europesays.com\/us\/wp-json\/wp\/v2\/categories?post=1045765"},{"taxonomy":"post_tag","embeddable":true,"href":"https:\/\/www.europesays.com\/us\/wp-json\/wp\/v2\/tags?post=1045765"}],"curies":[{"name":"wp","href":"https:\/\/api.w.org\/{rel}","templated":true}]}}