{"id":125287,"date":"2025-08-07T03:23:13","date_gmt":"2025-08-07T03:23:13","guid":{"rendered":"https:\/\/www.europesays.com\/us\/125287\/"},"modified":"2025-08-07T03:23:13","modified_gmt":"2025-08-07T03:23:13","slug":"international-day-of-the-worlds-indigenous-peoples-all-eyes-on-artificial-intelligence","status":"publish","type":"post","link":"https:\/\/www.europesays.com\/us\/125287\/","title":{"rendered":"International Day of the World\u2019s Indigenous Peoples: All eyes on artificial intelligence"},"content":{"rendered":"<p><strong>Kalle Benallie<\/strong><br \/><a href=\"http:\/\/www.ictnews.org\" target=\"_blank\" rel=\"noopener\">ICT<\/a><\/p>\n<p>Every year the United Nations celebrates International Day of the World\u2019s Indigenous Peoples Day on Saturday, Aug. 9.\u00a0<\/p>\n<p>The International Day of the World\u2019s Indigenous Peoples was officially commemorated annually on Aug. 9 in recognition of the first meeting of the United Nations Working Group on Indigenous Populations in Geneva in 1982.\u00a0<\/p>\n<p>The United Nations focuses on a theme for the day each year and this year\u2019s theme is artificial intelligence and Indigenous peoples.\u00a0<\/p>\n<p>The UN explained how artificial intelligence\u2019s fast evolution should be monitored. It\u2019s especially important because AI systems can have biased data about Indigenous culture that doesn\u2019t have Indigenous voices and knowledge. On Aug. 8, the Department of Economic and Social Affairs will host a <a href=\"https:\/\/social.desa.un.org\/sites\/default\/files\/IPDB\/Tentative%20Programme%20-%20IDWIP%202025%20-%20Website.pdf\" target=\"_blank\" rel=\"noopener\">virtual commemoration<\/a> of \u201cIndigenous Peoples and AI: Defending Rights, Shaping Futures.\u201d\u00a0<\/p>\n<p>Aluki Kotierk, the chair of the Permanent Forum on Indigenous Issues, will open the virtual event with a statement with a moderated panel by Elaine Reyes with five speakers after. English and Spanish interpretations will be available. The event begins at 9:00 a.m. Eastern Time. There will be a live transmission on Zoom and the <a href=\"https:\/\/www.facebook.com\/unpfii\" target=\"_blank\" rel=\"noopener\">UNPFII Facebook<\/a>. Attendees on Zoom must <a href=\"https:\/\/zoom.us\/webinar\/register\/WN_sutsODEJQsOoDFvVOLN34w#\/registration\" target=\"_blank\" rel=\"noopener\">register<\/a>.<\/p>\n<p><img loading=\"lazy\" data-recalc-dims=\"1\" decoding=\"async\" width=\"780\" height=\"390\" data-attachment-id=\"171800\" data-permalink=\"https:\/\/ictnews.org\/news\/international-day-of-the-worlds-indigenous-peoples-all-eyes-on-artificial-intelligence\/attachment\/idwip2025-banner_0\/\" data-orig-file=\"https:\/\/i0.wp.com\/ictnews.org\/wp-content\/uploads\/2025\/08\/IDWIP2025-banner_0.jpg?fit=1800%2C900&amp;quality=89&amp;ssl=1\" data-orig-size=\"1800,900\" data-comments-opened=\"0\" data-image-meta=\"{&quot;aperture&quot;:&quot;0&quot;,&quot;credit&quot;:&quot;&quot;,&quot;camera&quot;:&quot;&quot;,&quot;caption&quot;:&quot;&quot;,&quot;created_timestamp&quot;:&quot;0&quot;,&quot;copyright&quot;:&quot;&quot;,&quot;focal_length&quot;:&quot;0&quot;,&quot;iso&quot;:&quot;0&quot;,&quot;shutter_speed&quot;:&quot;0&quot;,&quot;title&quot;:&quot;&quot;,&quot;orientation&quot;:&quot;1&quot;}\" data-image-title=\"IDWIP2025-banner_0\" data-image-description=\"\" data-image-caption=\"&lt;p&gt;(Tamati Smith \/ Canva \/ UN)&lt;\/p&gt;&#10;\" data-medium-file=\"https:\/\/i0.wp.com\/ictnews.org\/wp-content\/uploads\/2025\/08\/IDWIP2025-banner_0.jpg?fit=300%2C150&amp;quality=89&amp;ssl=1\" data-large-file=\"https:\/\/i0.wp.com\/ictnews.org\/wp-content\/uploads\/2025\/08\/IDWIP2025-banner_0.jpg?fit=780%2C390&amp;quality=89&amp;ssl=1\" src=\"https:\/\/www.europesays.com\/us\/wp-content\/uploads\/2025\/08\/IDWIP2025-banner_0.jpg\" alt=\"\" class=\"wp-image-171800\"  \/>(Tamati Smith \/ Canva \/ UN)<\/p>\n<p>Topics like the lack of access Indigenous people have to technology will be discussed. At the United Nations\u2019 World Summit of the Information Society, Indigenous people were mentioned in the report about bridging the so-called digital divide and ensuring everyone\u2019s inclusion and participation in the information society.<\/p>\n<p>Environmental concerns are another reason why artificial intelligence is a focus for International Day of the World\u2019s Indigenous Peoples Day. The construction and maintenance of data centers for AI could put a strain on Indigenous resources and nearby Indigenous land and territories. Water is a significant resource to power the electricity data centers use. As well as the potential exposure of electronic waste, that includes mercury and lead, produced by data centers could be disposed of near or on their land.\u00a0<\/p>\n<p>The United Nations cited the Atacame\u00f1o people in northern Chile are resisting AI-powered mining operations that extract lithium and copper, which are key materials for AI hardware and electric vehicles.\u00a0<\/p>\n<p>\u201cThese operations use AI to optimize extraction and logistics, threaten sacred lands and water sources in the Atacama Desert and are being challenged for violating Indigenous rights and environmental protections,\u201d the UN said.\u00a0<\/p>\n<p>But the UN acknowledges the potential opportunities of AI like empowering cultural identity. All across the world Indigenous communities are using AI to help preserve and revitalize Indigenous culture.\u00a0\u00a0<\/p>\n<p>In Polynesia, Indigenous-led reef conservation projects are blending traditional ecological knowledge with AI to monitor coral health and restore marine ecosystems. In Inuit territories, AI models are being co-developed with Indigenous wisdom to help communities adapt to climate change like shifting ice patterns and food security. In New Zealand, Te Hiku Media is using AI to help revitalize and promote the M\u0101ori language.<\/p>\n<p>\u201cWhen developed inclusively and ethically, AI can support language revitalization and cultural preservation. For example, AI-driven tools can help document endangered Indigenous languages, contributing to their revitalization and preservation for future generations,\u201d the UN wrote.\u00a0<\/p>\n<p>The UN Permanent Forum on Indigenous Issues mentioned the topic earlier this year in the Permanent Forum on Indigenous Issues report. It was recommended that entities in the UN that are involved in developing, governing and applying artificial intelligence and digital technologies ensure Indigenous peoples are included.\u00a0<\/p>\n<p>\u201cRespecting Indigenous peoples\u2019 rights, data sovereignty, and promoting Indigenous-led innovation are key to realizing the positive potential of AI and avoiding perpetuating harm,\u201d the UN wrote.\u00a0<\/p>\n<p>Online participation of the event can use hashtags:\u00a0 #WeAreIndigenous #IndigenousPeoplesDay #SomosInd\u00edgenas #D\u00edaPueblosInd\u00edgenas #NousSommesAutochtones #Journ\u00e9ePeuplesAutochtones\u00a0<\/p>\n<p><img loading=\"lazy\" data-recalc-dims=\"1\" decoding=\"async\" width=\"780\" height=\"87\" data-attachment-id=\"5\" data-permalink=\"https:\/\/ictnews.org\/news\/five-native-businesses-to-consider-for-that-last-minute-gift\/attachment\/new-ict-logo\/\" data-orig-file=\"https:\/\/i0.wp.com\/ictnews.org\/wp-content\/uploads\/2022\/06\/new-ict-logo.png?fit=1028%2C114&amp;quality=80&amp;ssl=1\" data-orig-size=\"1028,114\" data-comments-opened=\"1\" data-image-meta=\"{&quot;aperture&quot;:&quot;0&quot;,&quot;credit&quot;:&quot;&quot;,&quot;camera&quot;:&quot;&quot;,&quot;caption&quot;:&quot;&quot;,&quot;created_timestamp&quot;:&quot;0&quot;,&quot;copyright&quot;:&quot;&quot;,&quot;focal_length&quot;:&quot;0&quot;,&quot;iso&quot;:&quot;0&quot;,&quot;shutter_speed&quot;:&quot;0&quot;,&quot;title&quot;:&quot;&quot;,&quot;orientation&quot;:&quot;0&quot;}\" data-image-title=\"New ICT logo\" data-image-description=\"\" data-image-caption=\"\" data-medium-file=\"https:\/\/i0.wp.com\/ictnews.org\/wp-content\/uploads\/2022\/06\/new-ict-logo.png?fit=300%2C33&amp;quality=80&amp;ssl=1\" data-large-file=\"https:\/\/i0.wp.com\/ictnews.org\/wp-content\/uploads\/2022\/06\/new-ict-logo.png?fit=780%2C87&amp;quality=80&amp;ssl=1\" src=\"https:\/\/www.europesays.com\/us\/wp-content\/uploads\/2025\/08\/1754536993_466_new-ict-logo.png\" alt=\"\" class=\"wp-image-5\"  \/><\/p>\n<p>\n\tRelated<\/p>\n","protected":false},"excerpt":{"rendered":"Kalle BenallieICT Every year the United Nations celebrates International Day of the World\u2019s Indigenous Peoples Day on Saturday,&hellip;\n","protected":false},"author":3,"featured_media":125288,"comment_status":"","ping_status":"","sticky":false,"template":"","format":"standard","meta":{"footnotes":""},"categories":[21],"tags":[691,738,77048,77049,77050,158,1206,67,132,68],"class_list":{"0":"post-125287","1":"post","2":"type-post","3":"status-publish","4":"format-standard","5":"has-post-thumbnail","7":"category-artificial-intelligence","8":"tag-ai","9":"tag-artificial-intelligence","10":"tag-global-indigenous","11":"tag-indigenous-peoples-day","12":"tag-international-day-of-the-worlds-indigenous-peoples-day","13":"tag-technology","14":"tag-united-nations","15":"tag-united-states","16":"tag-unitedstates","17":"tag-us"},"share_on_mastodon":{"url":"https:\/\/pubeurope.com\/@us\/114985343581061908","error":""},"_links":{"self":[{"href":"https:\/\/www.europesays.com\/us\/wp-json\/wp\/v2\/posts\/125287","targetHints":{"allow":["GET"]}}],"collection":[{"href":"https:\/\/www.europesays.com\/us\/wp-json\/wp\/v2\/posts"}],"about":[{"href":"https:\/\/www.europesays.com\/us\/wp-json\/wp\/v2\/types\/post"}],"author":[{"embeddable":true,"href":"https:\/\/www.europesays.com\/us\/wp-json\/wp\/v2\/users\/3"}],"replies":[{"embeddable":true,"href":"https:\/\/www.europesays.com\/us\/wp-json\/wp\/v2\/comments?post=125287"}],"version-history":[{"count":0,"href":"https:\/\/www.europesays.com\/us\/wp-json\/wp\/v2\/posts\/125287\/revisions"}],"wp:featuredmedia":[{"embeddable":true,"href":"https:\/\/www.europesays.com\/us\/wp-json\/wp\/v2\/media\/125288"}],"wp:attachment":[{"href":"https:\/\/www.europesays.com\/us\/wp-json\/wp\/v2\/media?parent=125287"}],"wp:term":[{"taxonomy":"category","embeddable":true,"href":"https:\/\/www.europesays.com\/us\/wp-json\/wp\/v2\/categories?post=125287"},{"taxonomy":"post_tag","embeddable":true,"href":"https:\/\/www.europesays.com\/us\/wp-json\/wp\/v2\/tags?post=125287"}],"curies":[{"name":"wp","href":"https:\/\/api.w.org\/{rel}","templated":true}]}}