{"id":144636,"date":"2025-08-14T08:44:14","date_gmt":"2025-08-14T08:44:14","guid":{"rendered":"https:\/\/www.europesays.com\/us\/144636\/"},"modified":"2025-08-14T08:44:14","modified_gmt":"2025-08-14T08:44:14","slug":"vanecek-arrives-with-stanley-cup-on-back-of-truck-in-czech-republic-2","status":"publish","type":"post","link":"https:\/\/www.europesays.com\/us\/144636\/","title":{"rendered":"Vanecek arrives with Stanley Cup on back of truck in Czech Republic"},"content":{"rendered":"<p>Vanecek is the second player to bring the Stanley Cup to Havl\u00ed\u010dk\u016fv Brod. Former Carolina Hurricanes forward Josef Vasicek brought it to the city in 2006. Vasicek died in the Lokomotiv Yaroslavl plane crash in 2011.<\/p>\n<p>&#8220;It means a lot to me,\u201d Vanecek said. \u201cI know Josef Vasicek was the first guy to ever bring the Cup to this town and we still have the photo with the Cup and me as a kid in the basement. Unfortunately, that [the plane crash] happened. But I am glad that I was able to bring the Cup to my hometown as well.&#8221;<\/p>\n<p>Earlier in the day, the veteran goalie and the trophy visited the city\u2019s local team, BK Havl\u00ed\u010dk\u016fv Brod, at Kotlina Arena.<\/p>\n<p>After, Vanecek met the city\u2019s mayor, Zbyn\u011bk Stejskal, and presented him with a signed Panthers jersey.<\/p>\n<p>In July, Vanecek signed a one-year contract with the Utah Mammoth. Despite moving on to a new team, the goalie will always be thankful for his short time in Florida.<\/p>\n<p>&#8220;Stanley Cup is the one and only, and the NHL is the best league in the world,\u201d Vanecek said. \u201cIn Florida, I had a great opportunity to see what it takes to win it &#8212; One mistake and it can be all gone. Many great players never won the Cup. And I was so lucky to be on the winning team.&#8221;<\/p>\n<p>&#8212; NHL.com\/cs senior independent correspondent Michael Langr contributed to this report.<\/p>\n","protected":false},"excerpt":{"rendered":"Vanecek is the second player to bring the Stanley Cup to Havl\u00ed\u010dk\u016fv Brod. Former Carolina Hurricanes forward Josef&hellip;\n","protected":false},"author":3,"featured_media":143632,"comment_status":"","ping_status":"","sticky":false,"template":"","format":"standard","meta":{"footnotes":""},"categories":[42],"tags":[293,62,67,132,68],"class_list":{"0":"post-144636","1":"post","2":"type-post","3":"status-publish","4":"format-standard","5":"has-post-thumbnail","7":"category-nhl","8":"tag-nhl","9":"tag-sports","10":"tag-united-states","11":"tag-unitedstates","12":"tag-us"},"share_on_mastodon":{"url":"https:\/\/pubeurope.com\/@us\/115026242462200025","error":""},"_links":{"self":[{"href":"https:\/\/www.europesays.com\/us\/wp-json\/wp\/v2\/posts\/144636","targetHints":{"allow":["GET"]}}],"collection":[{"href":"https:\/\/www.europesays.com\/us\/wp-json\/wp\/v2\/posts"}],"about":[{"href":"https:\/\/www.europesays.com\/us\/wp-json\/wp\/v2\/types\/post"}],"author":[{"embeddable":true,"href":"https:\/\/www.europesays.com\/us\/wp-json\/wp\/v2\/users\/3"}],"replies":[{"embeddable":true,"href":"https:\/\/www.europesays.com\/us\/wp-json\/wp\/v2\/comments?post=144636"}],"version-history":[{"count":0,"href":"https:\/\/www.europesays.com\/us\/wp-json\/wp\/v2\/posts\/144636\/revisions"}],"wp:featuredmedia":[{"embeddable":true,"href":"https:\/\/www.europesays.com\/us\/wp-json\/wp\/v2\/media\/143632"}],"wp:attachment":[{"href":"https:\/\/www.europesays.com\/us\/wp-json\/wp\/v2\/media?parent=144636"}],"wp:term":[{"taxonomy":"category","embeddable":true,"href":"https:\/\/www.europesays.com\/us\/wp-json\/wp\/v2\/categories?post=144636"},{"taxonomy":"post_tag","embeddable":true,"href":"https:\/\/www.europesays.com\/us\/wp-json\/wp\/v2\/tags?post=144636"}],"curies":[{"name":"wp","href":"https:\/\/api.w.org\/{rel}","templated":true}]}}