{"id":151394,"date":"2025-08-16T20:42:26","date_gmt":"2025-08-16T20:42:26","guid":{"rendered":"https:\/\/www.europesays.com\/us\/151394\/"},"modified":"2025-08-16T20:42:26","modified_gmt":"2025-08-16T20:42:26","slug":"chelsea-vs-crystal-palace-premier-league-preview-team-news-how-to-watch","status":"publish","type":"post","link":"https:\/\/www.europesays.com\/us\/151394\/","title":{"rendered":"Chelsea vs. Crystal Palace, Premier League: Preview, team news, how to watch"},"content":{"rendered":"<p class=\"duet--article--dangerously-set-cms-markup duet--article--standard-paragraph _1nfb3k4i _16w9vov1 _16w9vov0 ls9zuh1\">Well, we\u2019re back! Then again, were we ever really away?<\/p>\n<p class=\"duet--article--dangerously-set-cms-markup duet--article--standard-paragraph _1nfb3k4i _16w9vov1 _16w9vov0 ls9zuh1\">The new Premier League season starts this weekend (has already started on Friday in fact), but for Chelsea, it might as well just be the continuation of last season. We\u2019ve had practically no proper rest thanks to the Club World Cup, even with preseason preparations shortened to just two weeks. Will this relentless workload catch up to us at some point? Probably!<\/p>\n<p class=\"duet--article--dangerously-set-cms-markup duet--article--standard-paragraph _1nfb3k4i _16w9vov1 _16w9vov0 ls9zuh1\">On the other hand, the momentum we\u2019ve generated over the summer might be quite helpful, to get the new campaign started on the right foot. Dating back to Fulham away in mid-April, we\u2019ve won 14 of our last 16 in all competitions (16 of 18 if you also count the two friendlies), and the only two games we lost, we finished with ten players. We\u2019ve averaged nearly 2.5 goals during that span, conceding less than one per (11 total), and winning two trophies.<\/p>\n<p class=\"duet--article--dangerously-set-cms-markup duet--article--standard-paragraph _1nfb3k4i _16w9vov1 _16w9vov0 ls9zuh1\">Ambitions high and vibes immaculate \u2026 at the moment.<\/p>\n<p class=\"duet--article--dangerously-set-cms-markup duet--article--standard-paragraph _1nfb3k4i _16w9vov1 _16w9vov0 ls9zuh1\">We know all too well that in football, things can change in a heartbeat. It\u2019s promising to be a most competitive season, with spending up all around the Premier League, but especially among the top teams. Any margin for error will be small, if nonexistent.<\/p>\n<p class=\"duet--article--dangerously-set-cms-markup duet--article--standard-paragraph _1nfb3k4i _16w9vov1 _16w9vov0 ls9zuh1\">Can we turn talent and potential into consistency, result, and maybe even a title(-challenge)? The answer to that question starts now.<\/p>\n<p class=\"duet--article--dangerously-set-cms-markup duet--article--standard-paragraph _1nfb3k4i _16w9vov1 _16w9vov0 ls9zuh1\"><strong>Date \/ Time:<\/strong> Sunday, August 17, 2025, 14.00 BST; 9am EDT; 6:30pm IST<br \/><strong>Venue:<\/strong> Stamford Bridge, SW6<br \/><strong>Referee: <\/strong>Darren England (on pitch); James Bell (VAR)<br \/><strong>Forecast: <\/strong>Warm and sunny, unlike my disposition<\/p>\n<p class=\"duet--article--dangerously-set-cms-markup duet--article--standard-paragraph _1nfb3k4i _16w9vov1 _16w9vov0 ls9zuh1\"><strong>On TV: <\/strong>Sky Sports Main Event (UK); USA, Telemundo (USA); Star Sports Select HD1 (India); SuperSport Premier League (NGA); <a href=\"https:\/\/www.livesoccertv.com\/match\/chelsea-vs-crystal-palace\/1dq2f#5297161\" rel=\"nofollow noopener\" target=\"_blank\">elsewhere<\/a><br \/><strong>Streaming: <\/strong>Sky Go (UK); NBC Sports Live, Telemundo Deportes En Vivo (USA); Disney+ Hotstar (India); DStv Now (NGA)<\/p>\n<p><a class=\"_1eezmj01\" href=\"https:\/\/platform.weaintgotnohistory.sbnation.com\/wp-content\/uploads\/sites\/178\/2025\/08\/gettyimages-2228095835.jpg?quality=90&amp;strip=all&amp;crop=0,0,100,100\" data-pswp-height=\"3778\" data-pswp-width=\"5667\" target=\"_blank\" rel=\"noreferrer nofollow noopener\"><img alt=\"LONDON, ENGLAND - AUGUST 6: New signings Dario Essugo, Joao Pedro, Liam Delap, Jamie Gittens, Jorrel Hato and Estevao Willian of Chelsea during the Chelsea Together in Glory at Stamford Bridge on August 6, 2025 in London, England. (Photo by Darren Walsh\/Chelsea FC via Getty Images)\" data-chromatic=\"ignore\" loading=\"lazy\" decoding=\"async\" data-nimg=\"fill\" class=\"w91vxg0\" style=\"position:absolute;height:100%;width:100%;left:0;top:0;right:0;bottom:0;color:transparent;background-size:cover;background-position:50% 50%;background-repeat:no-repeat;background-image:url(&quot;data:image\/svg+xml;charset=utf-8,%3Csvg xmlns='http:\/\/www.w3.org\/2000\/svg' %3E%3Cfilter id='b' color-interpolation-filters='sRGB'%3E%3CfeGaussianBlur stdDeviation='20'\/%3E%3CfeColorMatrix values='1 0 0 0 0 0 1 0 0 0 0 0 1 0 0 0 0 0 100 -1' result='s'\/%3E%3CfeFlood x='0' y='0' width='100%25' height='100%25'\/%3E%3CfeComposite operator='out' in='s'\/%3E%3CfeComposite in2='SourceGraphic'\/%3E%3CfeGaussianBlur stdDeviation='20'\/%3E%3C\/filter%3E%3Cimage width='100%25' height='100%25' x='0' y='0' preserveAspectRatio='none' style='filter: url(%23b);' href='data:image\/png;base64,iVBORw0KGgoAAAANSUhEUgAAAAEAAAABCAQAAAC1HAwCAAAAC0lEQVR42mN8+R8AAtcB6oaHtZcAAAAASUVORK5CYII='\/%3E%3C\/svg%3E&quot;)\"   src=\"https:\/\/www.europesays.com\/us\/wp-content\/uploads\/2025\/08\/gettyimages-2228095835.jpg\"\/><\/a><\/p>\n<p>LONDON, ENGLAND &#8211; AUGUST 6: New signings Dario Essugo, Joao Pedro, Liam Delap, Jamie Gittens, Jorrel Hato and Estevao Willian of Chelsea during the Chelsea Together in Glory at Stamford Bridge on August 6, 2025 in London, England. (Photo by Darren Walsh\/Chelsea FC via Getty Images) Chelsea FC via Getty Images<\/p>\n<p class=\"duet--article--dangerously-set-cms-markup duet--article--standard-paragraph _1nfb3k4i _16w9vov1 _16w9vov0 ls9zuh1\"><strong>Chelsea team news: <\/strong>Despite the positive vibes, we do have some serious concerns heading into the season, mostly with regards to the depth at center back. Levi Colwill is out for (most of) the season with an ACL, Tosin Adarabioyo is out this weekend as a precaution, and neither Beno\u00eet Badiashile nor Wesley Fofana are fully fit yet following their own long-term absences. For the perpetually injured Fofana this is surely a make-or-break season for his Chelsea career. His talent is undeniable, but there\u2019s no ability like availability, as they say.<\/p>\n<p class=\"duet--article--dangerously-set-cms-markup duet--article--standard-paragraph _1nfb3k4i _16w9vov1 _16w9vov0 ls9zuh1\">Thankfully, Trevoh Chalobah seems to have overcome a twisted ankle from last Sunday to be declared fit. Youngsters Josh Acheampong or Jorrel Hato might be called upon to start alongside him, unless Maresca opts for a more creative solution involving someone like Reece James or Mois\u00e9s Caicedo.<\/p>\n<p class=\"duet--article--dangerously-set-cms-markup duet--article--standard-paragraph _1nfb3k4i _16w9vov1 _16w9vov0 ls9zuh1\">While the rest of the squeak is mostly injury-free, Rom\u00e9o Lavia is in the same situation as Fofana while Nicolas Jackson and Christopher Nkunku are expected to be leaving and thus have not been part of the matchday squads in preseason. (And Jackson\u2019s suspended anyway still from the red card against Newcastle at the end of last season.)<\/p>\n<p class=\"duet--article--dangerously-set-cms-markup duet--article--standard-paragraph _1nfb3k4i _16w9vov1 _16w9vov0 ls9zuh1\">The aforementioned Hato, plus fellow new arrivals Jamie Gittens, D\u00e1rio Essugo, Liam Delap, Jo\u00e3o Pedro, and of course young phenom Est\u00eav\u00e3o should be all be set for their Premier League debuts. Not all will start, but JP has been in great goalscoring form since joining at the Club World Cup, and Est\u00eav\u00e3o already showcased a bit of joga bonito in preseason.<\/p>\n<p class=\"duet--article--dangerously-set-cms-markup duet--article--standard-paragraph _1nfb3k4i _16w9vov1 _16w9vov0 ls9zuh1\">It should be an exciting and hopefully quite memorable season (for the right reasons). Let\u2019s [FUNNING] go!<\/p>\n<p><a class=\"_1eezmj01\" href=\"https:\/\/platform.weaintgotnohistory.sbnation.com\/wp-content\/uploads\/sites\/178\/2025\/08\/gettyimages-2215001542.jpg?quality=90&amp;strip=all&amp;crop=0,0,100,100\" data-pswp-height=\"4000\" data-pswp-width=\"6000\" target=\"_blank\" rel=\"noreferrer nofollow noopener\"><img alt=\"LONDON, ENGLAND - MAY 17: Joel Ward and Marc Guehi of Crystal Palace celebrate with FA Cup Trophy and teammates including Daichi Kamada, Eddie Nketiah, Chris Richards, Eberechi Eze of Crystal Palace, after winning the Emirates FA Cup Final match between Crystal Palace and Manchester City at Wembley Stadium on May 17, 2025 in London, England. (Photo by Ed Sykes\/Sportsphoto\/Allstar via Getty Images)\" data-chromatic=\"ignore\" loading=\"lazy\" decoding=\"async\" data-nimg=\"fill\" class=\"w91vxg0\" style=\"position:absolute;height:100%;width:100%;left:0;top:0;right:0;bottom:0;color:transparent;background-size:cover;background-position:50% 50%;background-repeat:no-repeat;background-image:url(&quot;data:image\/svg+xml;charset=utf-8,%3Csvg xmlns='http:\/\/www.w3.org\/2000\/svg' %3E%3Cfilter id='b' color-interpolation-filters='sRGB'%3E%3CfeGaussianBlur stdDeviation='20'\/%3E%3CfeColorMatrix values='1 0 0 0 0 0 1 0 0 0 0 0 1 0 0 0 0 0 100 -1' result='s'\/%3E%3CfeFlood x='0' y='0' width='100%25' height='100%25'\/%3E%3CfeComposite operator='out' in='s'\/%3E%3CfeComposite in2='SourceGraphic'\/%3E%3CfeGaussianBlur stdDeviation='20'\/%3E%3C\/filter%3E%3Cimage width='100%25' height='100%25' x='0' y='0' preserveAspectRatio='none' style='filter: url(%23b);' href='data:image\/png;base64,iVBORw0KGgoAAAANSUhEUgAAAAEAAAABCAQAAAC1HAwCAAAAC0lEQVR42mN8+R8AAtcB6oaHtZcAAAAASUVORK5CYII='\/%3E%3C\/svg%3E&quot;)\"   src=\"https:\/\/www.europesays.com\/us\/wp-content\/uploads\/2025\/08\/gettyimages-2215001542.jpg\"\/><\/a><\/p>\n<p>LONDON, ENGLAND &#8211; MAY 17: Joel Ward and Marc Guehi of Crystal Palace celebrate with FA Cup Trophy and teammates including Daichi Kamada, Eddie Nketiah, Chris Richards, Eberechi Eze of Crystal Palace, after winning the Emirates FA Cup Final match between Crystal Palace and Manchester City at Wembley Stadium on May 17, 2025 in London, England. (Photo by Ed Sykes\/Sportsphoto\/Allstar via Getty Images) Getty Images<\/p>\n<p class=\"duet--article--dangerously-set-cms-markup duet--article--standard-paragraph _1nfb3k4i _16w9vov1 _16w9vov0 ls9zuh1\"><strong>Crystal Palace team news:<\/strong> Palace may have finished only 12th, but they did win the FA Cup last season, for the first time in their nearly 120-year history, and followed that up by beating Liverpool on penalties in the Community Shield last weekend. Unfortunately for them, they will not be able to compete in the Europa League, with UEFA deciding to make an example of them and knocking them down to the Conference League due to their shared-ownership structure (despite Palace changing that eventually).<\/p>\n<p class=\"duet--article--dangerously-set-cms-markup duet--article--standard-paragraph _1nfb3k4i _16w9vov1 _16w9vov0 ls9zuh1\">They have not done much business over the summer (yet), but they may not be able to keep the team together with both Marc Gu\u00e9hi and Eberechi Eze subject to increasing transfer speculation for moves to Liverpool and Tottenham, respectively. In fact, they both may be held out of action this weekend as a result.<\/p>\n<p class=\"duet--article--dangerously-set-cms-markup duet--article--standard-paragraph _1nfb3k4i _16w9vov1 _16w9vov0 ls9zuh1\">The only new arrival of note so far is left back Borna Sosa, from Ajax, while club legend Joel Ward left the team after thirteen seasons.<\/p>\n<p class=\"duet--article--dangerously-set-cms-markup duet--article--standard-paragraph _1nfb3k4i _16w9vov1 _16w9vov0 ls9zuh1\">Manager Oliver Glasner has made Palace into a cohesive, solid, and quite formidable side, though the potential disruption with the Gu\u00e9hi and Eze situations could affect that in the short-term. We certainly won\u2019t be complaining if we don\u2019t have to face those two!<\/p>\n<p class=\"duet--article--dangerously-set-cms-markup duet--article--standard-paragraph _1nfb3k4i _16w9vov1 _16w9vov0 ls9zuh1\"><strong>Previously: <\/strong>We played out two 1-1 draws last season, with Palace coming back in the second half to earn the draw in both matches. They have not won at the Bridge since 2017, so let\u2019s make sure that streak doesn\u2019t get broken.<\/p>\n<p><a class=\"duet--article--comments-link _1jdgahs9\" href=\"http:\/\/weaintgotnohistory.sbnation.com\/premier-league\/161118\/chelsea-vs-crystal-palace-premier-league-preview-team-news-how-to-watch#comments\" rel=\"nofollow noopener\" target=\"_blank\"><\/a><\/p>\n","protected":false},"excerpt":{"rendered":"Well, we\u2019re back! Then again, were we ever really away? The new Premier League season starts this weekend&hellip;\n","protected":false},"author":3,"featured_media":151395,"comment_status":"","ping_status":"","sticky":false,"template":"","format":"standard","meta":{"footnotes":""},"categories":[45],"tags":[88819,221,62,67,132,68],"class_list":{"0":"post-151394","1":"post","2":"type-post","3":"status-publish","4":"format-standard","5":"has-post-thumbnail","7":"category-soccer","8":"tag-chelsea-fc-premier-league","9":"tag-soccer","10":"tag-sports","11":"tag-united-states","12":"tag-unitedstates","13":"tag-us"},"share_on_mastodon":{"url":"https:\/\/pubeurope.com\/@us\/115040389989132421","error":""},"_links":{"self":[{"href":"https:\/\/www.europesays.com\/us\/wp-json\/wp\/v2\/posts\/151394","targetHints":{"allow":["GET"]}}],"collection":[{"href":"https:\/\/www.europesays.com\/us\/wp-json\/wp\/v2\/posts"}],"about":[{"href":"https:\/\/www.europesays.com\/us\/wp-json\/wp\/v2\/types\/post"}],"author":[{"embeddable":true,"href":"https:\/\/www.europesays.com\/us\/wp-json\/wp\/v2\/users\/3"}],"replies":[{"embeddable":true,"href":"https:\/\/www.europesays.com\/us\/wp-json\/wp\/v2\/comments?post=151394"}],"version-history":[{"count":0,"href":"https:\/\/www.europesays.com\/us\/wp-json\/wp\/v2\/posts\/151394\/revisions"}],"wp:featuredmedia":[{"embeddable":true,"href":"https:\/\/www.europesays.com\/us\/wp-json\/wp\/v2\/media\/151395"}],"wp:attachment":[{"href":"https:\/\/www.europesays.com\/us\/wp-json\/wp\/v2\/media?parent=151394"}],"wp:term":[{"taxonomy":"category","embeddable":true,"href":"https:\/\/www.europesays.com\/us\/wp-json\/wp\/v2\/categories?post=151394"},{"taxonomy":"post_tag","embeddable":true,"href":"https:\/\/www.europesays.com\/us\/wp-json\/wp\/v2\/tags?post=151394"}],"curies":[{"name":"wp","href":"https:\/\/api.w.org\/{rel}","templated":true}]}}