{"id":156630,"date":"2025-08-18T20:42:13","date_gmt":"2025-08-18T20:42:13","guid":{"rendered":"https:\/\/www.europesays.com\/us\/156630\/"},"modified":"2025-08-18T20:42:13","modified_gmt":"2025-08-18T20:42:13","slug":"legendary-in-early-talks-with-paramount-for-film-distribution-deal","status":"publish","type":"post","link":"https:\/\/www.europesays.com\/us\/156630\/","title":{"rendered":"Legendary in Early Talks With Paramount for Film Distribution Deal"},"content":{"rendered":"<p class=\"paragraph larva \/\/ lrv-u-margin-lr-auto  lrv-a-font-body-m   \">\n\t<a href=\"https:\/\/variety.com\/t\/legendary-entertainment\/\" id=\"auto-tag_legendary-entertainment\" data-tag=\"legendary-entertainment\" target=\"_blank\" rel=\"noopener\">Legendary Entertainment<\/a> is in early talks to partner with <a href=\"https:\/\/variety.com\/t\/paramount\/\" id=\"auto-tag_paramount\" data-tag=\"paramount\" target=\"_blank\" rel=\"noopener\">Paramount<\/a> on the theatrical distribution of its film slate. <\/p>\n<p class=\"paragraph larva \/\/ lrv-u-margin-lr-auto  lrv-a-font-body-m   \">\n\tThe production company behind \u201cA Minecraft Movie\u201d and \u201cDune\u201d had been under contract at Sony Pictures after cutting ties with Warner Bros. in 2022. However, the multi-year deal at Sony expired at the end of 2024 and wasn\u2019t renewed. Legendary has also worked with Netflix and Universal on various projects.\u00a0Although the new agreement with Paramount hasn\u2019t been signed and negotiations are ongoing, certain projects like upcoming \u201cDune\u201d sequels and \u201cGodzilla\u201d or \u201cKong\u201d entries in the \u201cMonsterVerse\u201d franchise would be exempt, staying at Warner Bros. due to a prior pact.<\/p>\n<p class=\"paragraph larva \/\/ lrv-u-margin-lr-auto  lrv-a-font-body-m   \">\n\tThe talks come after Legendary\u2019s recent box office hot streak with last year\u2019s \u201cDune: Part Two\u201d and this year\u2019s mega-hit \u201cA Minecraft Movie,\u201d which earned $714 million and $955 million respectively at the global box office. Meanwhile, Paramount has been on a dealmaking spree after closing its $8 billion merger with Skydance. David Ellison, the company\u2019s chairman and CEO, and his newly assembled team have recently lured the Duffer brothers, best known for creating \u201cStranger Things,\u201d from Netflix and won a bidding war for \u201cHigh Side,\u201d a buzzed-about feature package that will reunite \u201cA Complete Unknown\u201d filmmaker James Mangold with Timothee Chalamet. Ellison brought in Josh Greenstein, the president of Sony Pictures, and Dana Goldberg, chief creative officer at Skydance, to help revitalize the studio.<\/p>\n<p class=\"paragraph larva \/\/ lrv-u-margin-lr-auto  lrv-a-font-body-m   \">\n\tLooking ahead, Legendary will release an untitled film from director Alejandro Gonz\u00e1lez I\u00f1\u00e1rritu and star Tom Cruise, as well as \u201cDune: Part Three,\u201d which began production last month. It\u2019s unclear which projects Legendary will partner with Paramount on, since Warner Bros. is distributor on those aforementioned movies. But the production company has several films in development, including an adaptation of the video game \u201cDuke Nukem\u201d and card game \u201cMagic: The Gathering.\u201d<\/p>\n","protected":false},"excerpt":{"rendered":"Legendary Entertainment is in early talks to partner with Paramount on the theatrical distribution of its film slate.&hellip;\n","protected":false},"author":3,"featured_media":156631,"comment_status":"","ping_status":"","sticky":false,"template":"","format":"standard","meta":{"footnotes":""},"categories":[33],"tags":[185,171,91185,15329,67,132,68],"class_list":{"0":"post-156630","1":"post","2":"type-post","3":"status-publish","4":"format-standard","5":"has-post-thumbnail","7":"category-celebrities","8":"tag-celebrities","9":"tag-entertainment","10":"tag-legendary-entertainment","11":"tag-paramount","12":"tag-united-states","13":"tag-unitedstates","14":"tag-us"},"share_on_mastodon":{"url":"https:\/\/pubeurope.com\/@us\/115051714584349727","error":""},"_links":{"self":[{"href":"https:\/\/www.europesays.com\/us\/wp-json\/wp\/v2\/posts\/156630","targetHints":{"allow":["GET"]}}],"collection":[{"href":"https:\/\/www.europesays.com\/us\/wp-json\/wp\/v2\/posts"}],"about":[{"href":"https:\/\/www.europesays.com\/us\/wp-json\/wp\/v2\/types\/post"}],"author":[{"embeddable":true,"href":"https:\/\/www.europesays.com\/us\/wp-json\/wp\/v2\/users\/3"}],"replies":[{"embeddable":true,"href":"https:\/\/www.europesays.com\/us\/wp-json\/wp\/v2\/comments?post=156630"}],"version-history":[{"count":0,"href":"https:\/\/www.europesays.com\/us\/wp-json\/wp\/v2\/posts\/156630\/revisions"}],"wp:featuredmedia":[{"embeddable":true,"href":"https:\/\/www.europesays.com\/us\/wp-json\/wp\/v2\/media\/156631"}],"wp:attachment":[{"href":"https:\/\/www.europesays.com\/us\/wp-json\/wp\/v2\/media?parent=156630"}],"wp:term":[{"taxonomy":"category","embeddable":true,"href":"https:\/\/www.europesays.com\/us\/wp-json\/wp\/v2\/categories?post=156630"},{"taxonomy":"post_tag","embeddable":true,"href":"https:\/\/www.europesays.com\/us\/wp-json\/wp\/v2\/tags?post=156630"}],"curies":[{"name":"wp","href":"https:\/\/api.w.org\/{rel}","templated":true}]}}