{"id":162898,"date":"2025-08-21T04:33:10","date_gmt":"2025-08-21T04:33:10","guid":{"rendered":"https:\/\/www.europesays.com\/us\/162898\/"},"modified":"2025-08-21T04:33:10","modified_gmt":"2025-08-21T04:33:10","slug":"starting-xi-la-galaxy-vs-c-f-pachuca-august-20-2025","status":"publish","type":"post","link":"https:\/\/www.europesays.com\/us\/162898\/","title":{"rendered":"Starting XI: LA Galaxy vs C.F. Pachuca | August 20, 2025"},"content":{"rendered":"<p><strong>LA Galaxy Starting XI:<\/strong> GK Novak Mi\u0107ovi\u0107; D Mauricio Cuevas, D Emiro Garc\u00e9s, D Zanka, D Juli\u00e1n Aude, M Marco Reus \u00a9, M Edwin Cerrillo, M Diego Fagundez, F Gabriel Pec, F Joseph Paintsil, F Matheus Nascimento,  <\/p>\n<p><strong>Substitutes<\/strong>: GK JT Marcinkowski, GK John McCarthy; D Harbor Miller, D John Nelson, D Eriq Zavaleta, D Miki Yamane, M Tucker Lepley, M Isaiah Parente, M Lucas Sanabria, M Elijah Wynder, F Miguel Berry, F Christian Ramirez<\/p>\n","protected":false},"excerpt":{"rendered":"LA Galaxy Starting XI: GK Novak Mi\u0107ovi\u0107; D Mauricio Cuevas, D Emiro Garc\u00e9s, D Zanka, D Juli\u00e1n Aude,&hellip;\n","protected":false},"author":3,"featured_media":162899,"comment_status":"","ping_status":"","sticky":false,"template":"","format":"standard","meta":{"footnotes":""},"categories":[5123],"tags":[1582,276,2961,224,5337,50],"class_list":{"0":"post-162898","1":"post","2":"type-post","3":"status-publish","4":"format-standard","5":"has-post-thumbnail","7":"category-los-angeles","8":"tag-ca","9":"tag-california","10":"tag-la","11":"tag-los-angeles","12":"tag-losangeles","13":"tag-news"},"share_on_mastodon":{"url":"https:\/\/pubeurope.com\/@us\/115064891205459844","error":""},"_links":{"self":[{"href":"https:\/\/www.europesays.com\/us\/wp-json\/wp\/v2\/posts\/162898","targetHints":{"allow":["GET"]}}],"collection":[{"href":"https:\/\/www.europesays.com\/us\/wp-json\/wp\/v2\/posts"}],"about":[{"href":"https:\/\/www.europesays.com\/us\/wp-json\/wp\/v2\/types\/post"}],"author":[{"embeddable":true,"href":"https:\/\/www.europesays.com\/us\/wp-json\/wp\/v2\/users\/3"}],"replies":[{"embeddable":true,"href":"https:\/\/www.europesays.com\/us\/wp-json\/wp\/v2\/comments?post=162898"}],"version-history":[{"count":0,"href":"https:\/\/www.europesays.com\/us\/wp-json\/wp\/v2\/posts\/162898\/revisions"}],"wp:featuredmedia":[{"embeddable":true,"href":"https:\/\/www.europesays.com\/us\/wp-json\/wp\/v2\/media\/162899"}],"wp:attachment":[{"href":"https:\/\/www.europesays.com\/us\/wp-json\/wp\/v2\/media?parent=162898"}],"wp:term":[{"taxonomy":"category","embeddable":true,"href":"https:\/\/www.europesays.com\/us\/wp-json\/wp\/v2\/categories?post=162898"},{"taxonomy":"post_tag","embeddable":true,"href":"https:\/\/www.europesays.com\/us\/wp-json\/wp\/v2\/tags?post=162898"}],"curies":[{"name":"wp","href":"https:\/\/api.w.org\/{rel}","templated":true}]}}